{"id":352219,"date":"2025-08-29T13:46:10","date_gmt":"2025-08-29T13:46:10","guid":{"rendered":"https:\/\/www.europesays.com\/fr\/352219\/"},"modified":"2025-08-29T13:46:10","modified_gmt":"2025-08-29T13:46:10","slug":"des-vies-ont-ete-brisees-des-abus-sexuels-commis-sur-plusieurs-decennies-au-lycee-saint-stanislas-de-nantes","status":"publish","type":"post","link":"https:\/\/www.europesays.com\/fr\/352219\/","title":{"rendered":"\u00ab\u00a0Des vies ont \u00e9t\u00e9 bris\u00e9es \u00a0\u00bb : des abus sexuels commis sur plusieurs d\u00e9cennies au lyc\u00e9e Saint-Stanislas de Nantes"},"content":{"rendered":"<p>L&rsquo;\u00e9v\u00eaque de Nantes et le directeur dioc\u00e9sain de l&rsquo;Enseignement catholique de Loire-Atlantique ont r\u00e9v\u00e9l\u00e9, ce vendredi 29 ao\u00fbt, avoir re\u00e7u des t\u00e9moignages d&rsquo;abus sexuels au lyc\u00e9e Saint-Stanislas de Nantes. Des faits qui se sont d\u00e9roul\u00e9s sur une tr\u00e8s longue p\u00e9riode, des ann\u00e9es 1958 \u00e0 1995. <\/p>\n<p>\u00ab\u00a0Je vous parle avec gravit\u00e9 et \u00e9motion\u00a0\u00bb, voici comment l&rsquo;\u00e9v\u00eaque de Nantes, Monseigneur Percerou a d\u00e9but\u00e9 la conf\u00e9rence de presse organis\u00e9e, ce vendredi 29 ao\u00fbt, sur des r\u00e9v\u00e9lations d&rsquo;abus sexuels au sein d&rsquo;un \u00e9tablissement scolaire catholique de Loire-Atlantique. Cet \u00e9tablissement, c&rsquo;est le lyc\u00e9e Saint-Stanislas, \u00e0 Nantes. Des faits qui se sont produits sur une longue p\u00e9riode, de 1958 \u00e0 1995. <strong>Les auteurs pr\u00e9sum\u00e9s sont des pr\u00eatres et un surveillant de l&rsquo;\u00e9tablissement<\/strong>.<\/p>\n<p>Cinq pr\u00eatres et un surveillant mis en cause<\/p>\n<p>Il a fallu attendre <strong>le d\u00e9but de l&rsquo;ann\u00e9e 2024<\/strong> pour qu&rsquo;une famille demande que lumi\u00e8re soit faite, suite au d\u00e9c\u00e8s d&rsquo;un de ses membres. Une personne qui a confi\u00e9 avoir \u00e9t\u00e9 victime de \u00ab\u00a0s\u00e9vices, dans les ann\u00e9es 1990 \u00e0 l&rsquo;internat\u00a0\u00bb. D&rsquo;autres victimes se sont alors manifest\u00e9es. Elles disent avoir subi <strong>des viols, des attouchements, des agressions sexuelles,<\/strong> commis \u00e0 l&rsquo;internat et lors d&rsquo;un camp de vacances. Elles sont <strong>dix au total, neuf gar\u00e7ons et une fille &#8211;<\/strong>\u00a0coll\u00e9giens et donc mineurs au moment des faits &#8211; et elles mettent en cause cinq pr\u00eatres et un surveillant. Tous sont aujourd&rsquo;hui d\u00e9c\u00e9d\u00e9s.<\/p>\n<p>\u00ab\u00a0Nous sommes l\u00e0 pour dire notre soutien aux victimes, mais aussi notre honte\u00a0\u00bb<\/p>\n<p>Des faits condamn\u00e9s, \u00e0 la fois par l&rsquo;\u00e9v\u00eaque de Nantes et le directeur de l&rsquo;enseignement dioc\u00e9sain, qui veulent s&rsquo;appuyer sur cette nouvelle affaire d&rsquo;abus sexuels au sein d&rsquo;un \u00e9tablissement catholique pour <strong>permettre \u00e0 la parole de se lib\u00e9rer encore davantage<\/strong>.\u00a0\u00ab\u00a0Nous ne sommes pas l\u00e0 que pour dire notre soutien aux victimes. Nous sommes l\u00e0 pour dire notre honte aussi. Il faut que d&rsquo;autres victimes se manifestent\u00a0\u00bb, insiste Monseigneur Percerou. Il lance d&rsquo;ailleurs un appel \u00e0 t\u00e9moignage \u00e0 destination de tous les \u00e9tablissements catholiques de Loire-Atlantique et des autres s\u00e9minaires.<\/p>\n<p>En parall\u00e8le,\u00a0<strong>des recherches vont \u00eatre entam\u00e9es<\/strong> \u00ab\u00a0dans les archives de Saint-Stanislas pour comprendre le m\u00e9canisme mis en \u0153uvre.\u00a0Quelle est la dimension syst\u00e9mique de ce qui a pu \u00eatre commis dans un ou plusieurs de nos \u00e9tablissements\u00a0?\u00a0\u00bb, questionne Monseigneur Percerou.<\/p>\n","protected":false},"excerpt":{"rendered":"L&rsquo;\u00e9v\u00eaque de Nantes et le directeur dioc\u00e9sain de l&rsquo;Enseignement catholique de Loire-Atlantique ont r\u00e9v\u00e9l\u00e9, ce vendredi 29 ao\u00fbt,&hellip;\n","protected":false},"author":2,"featured_media":352220,"comment_status":"","ping_status":"","sticky":false,"template":"","format":"standard","meta":{"footnotes":""},"categories":[2818],"tags":[1111,11,1777,674,1011,27,766,12,2636,25],"class_list":{"0":"post-352219","1":"post","2":"type-post","3":"status-publish","4":"format-standard","5":"has-post-thumbnail","7":"category-nantes","8":"tag-actu","9":"tag-actualites","10":"tag-eu","11":"tag-europe","12":"tag-fr","13":"tag-france","14":"tag-nantes","15":"tag-news","16":"tag-pays-de-la-loire","17":"tag-republique-francaise"},"share_on_mastodon":{"url":"https:\/\/pubeurope.com\/@fr\/115112364299573648","error":""},"_links":{"self":[{"href":"https:\/\/www.europesays.com\/fr\/wp-json\/wp\/v2\/posts\/352219","targetHints":{"allow":["GET"]}}],"collection":[{"href":"https:\/\/www.europesays.com\/fr\/wp-json\/wp\/v2\/posts"}],"about":[{"href":"https:\/\/www.europesays.com\/fr\/wp-json\/wp\/v2\/types\/post"}],"author":[{"embeddable":true,"href":"https:\/\/www.europesays.com\/fr\/wp-json\/wp\/v2\/users\/2"}],"replies":[{"embeddable":true,"href":"https:\/\/www.europesays.com\/fr\/wp-json\/wp\/v2\/comments?post=352219"}],"version-history":[{"count":0,"href":"https:\/\/www.europesays.com\/fr\/wp-json\/wp\/v2\/posts\/352219\/revisions"}],"wp:featuredmedia":[{"embeddable":true,"href":"https:\/\/www.europesays.com\/fr\/wp-json\/wp\/v2\/media\/352220"}],"wp:attachment":[{"href":"https:\/\/www.europesays.com\/fr\/wp-json\/wp\/v2\/media?parent=352219"}],"wp:term":[{"taxonomy":"category","embeddable":true,"href":"https:\/\/www.europesays.com\/fr\/wp-json\/wp\/v2\/categories?post=352219"},{"taxonomy":"post_tag","embeddable":true,"href":"https:\/\/www.europesays.com\/fr\/wp-json\/wp\/v2\/tags?post=352219"}],"curies":[{"name":"wp","href":"https:\/\/api.w.org\/{rel}","templated":true}]}}