{"id":352231,"date":"2025-08-29T13:52:11","date_gmt":"2025-08-29T13:52:11","guid":{"rendered":"https:\/\/www.europesays.com\/fr\/352231\/"},"modified":"2025-08-29T13:52:11","modified_gmt":"2025-08-29T13:52:11","slug":"lorient-lille-a-quelle-heure-et-sur-quelle-chaine-voir-le-match-ligue-1","status":"publish","type":"post","link":"https:\/\/www.europesays.com\/fr\/352231\/","title":{"rendered":"Lorient \u2013 Lille : \u00e0 quelle heure et sur quelle cha\u00eene voir le match ? \u2013 Ligue 1"},"content":{"rendered":"<p>Promu cet \u00e9t\u00e9, le FC Lorient n\u2019a qu\u2019un seul objectif : assurer son maintien en Ligue 1. Les joueurs d\u2019Olivier Pantaloni ont pourtant frapp\u00e9 un grand coup d\u00e8s leur deuxi\u00e8me sortie, en \u00e9crasant Rennes (4-0) dans un derby o\u00f9 les faits de jeu leur ont \u00e9t\u00e9 tr\u00e8s favorables. Avec deux exclusions rapides c\u00f4t\u00e9 rennais, les Merlus ont su capitaliser et offrir \u00e0 leur public une prestation aboutie.<\/p>\n<p>Reste d\u00e9sormais \u00e0 confirmer face \u00e0 un adversaire d\u2019une tout autre envergure. L\u2019accueil du LOSC fait figure de premier test grandeur nature pour mesurer la comp\u00e9titivit\u00e9 lorientaise \u00e0 ce niveau.<\/p>\n<p>\u00a0<\/p>\n<p><a rel=\"sponsored nofollow noopener\" href=\"https:\/\/action.metaffiliation.com\/trk.php?mclic=P4F531584D371561r\" target=\"_blank\">Voir le match en direct ici !<\/a><\/p>\n<p>\u00a0<\/p>\n<p><strong>Avec Giroud, le LOSC est ambitieux<\/strong><\/p>\n<p>De son c\u00f4t\u00e9, le LOSC n\u2019a pas perdu de temps pour afficher ses ambitions. Malgr\u00e9 un mercato marqu\u00e9 par plusieurs d\u00e9parts majeurs (Chevalier, Diakit\u00e9, David), les Dogues ont conserv\u00e9 un effectif comp\u00e9titif. Avec Bruno Genesio aux commandes et l\u2019arriv\u00e9e remarqu\u00e9e d\u2019Olivier Giroud, Lille entend bien se m\u00ealer \u00e0 la lutte pour le podium.<\/p>\n<p>Le champion du monde 2018 a d\u2019ailleurs d\u00e9j\u00e0 d\u00e9bloqu\u00e9 son compteur en offrant la victoire face \u00e0 l\u2019AS Monaco. Une recrue de poids qui pourrait bien peser lourd dans la saison des Nordistes.<\/p>\n<p><strong>Sur quelle cha\u00eene et \u00e0 quelle heure voir Lorient \u2013 Lille ?<\/strong><\/p>\n<p>La rencontre de la 3e journ\u00e9e de Ligue 1 entre le FC Lorient et le LOSC se jouera ce samedi 30 ao\u00fbt \u00e0 17h, au Stade du Moustoir. Pour suivre ce choc en direct, il faudra se tourner vers <a href=\"https:\/\/action.metaffiliation.com\/trk.php?mclic=P4F531584D371561\" rel=\"sponsored nofollow noopener\" target=\"_blank\">beIN Sports 1<\/a>, diffuseur exclusif du match.<\/p>\n<p>\u00a0<\/p>\n<p><a rel=\"sponsored nofollow noopener\" href=\"https:\/\/action.metaffiliation.com\/trk.php?mclic=P4F531584D371561\" target=\"_blank\">Voir le match en direct ici !<\/a><\/p>\n<p>\u00a0<\/p>\n<p><strong>Une offre sp\u00e9ciale CANAL+<\/strong><\/p>\n<p>Pour les passionn\u00e9s de football et de sport en g\u00e9n\u00e9ral, CANAL+ propose une <a href=\"https:\/\/action.metaffiliation.com\/trk.php?mclic=P4F531584D371561\" rel=\"sponsored nofollow noopener\" target=\"_blank\">offre sp\u00e9ciale 100% sport et divertissement<\/a>. L\u2019abonnement permet de profiter de l\u2019int\u00e9gralit\u00e9 de la Premier League, du TOP 14, de la Formule 1\u00ae et du MotoGP\u2122, mais aussi de 100 % des matchs de coupes d\u2019Europe (Ligue des Champions, Ligue Europa, Ligue Conf\u00e9rence) pendant 24 mois.<\/p>\n<p>L\u2019offre inclut \u00e9galement beIN SPORTS pendant 3 mois, sans oublier le cin\u00e9ma ultra-r\u00e9cent et les s\u00e9ries Cr\u00e9ation Originale CANAL+. Le tout est disponible \u00e0 19,99 \u20ac par mois pendant 24 mois, puis 32,99 \u20ac par mois, avec un abonnement de 24 mois et 50 \u20ac offerts.<\/p>\n<p>\u00a0<\/p>\n<p><a rel=\"sponsored nofollow noopener\" href=\"https:\/\/action.metaffiliation.com\/trk.php?mclic=P4F531584D371561\" target=\"_blank\">Profiter de l&rsquo;offre ici !<\/a><\/p>\n<p>\u00a0<\/p>\n<p><strong>Les compositions probables<\/strong><\/p>\n<ul>\n<li><strong>FC Lorient :<\/strong> Kamara \u2013 Silva, Mendy, Talbi \u2013 Katseris, Abergel, Avom Ebong, Kouassi \u2013 Tosin, Bamba, Karim<\/li>\n<li><strong>LOSC :<\/strong> \u00d6zer \u2013 Meunier, Ngoy, Alexsandro, Perraud \u2013 Bouaddi, Andr\u00e9 \u2013 Fernandez-Pardo, Haraldsson, Correia \u2013 Giroud<\/li>\n<\/ul>\n<p>Lorient devra confirmer son entr\u00e9e remarqu\u00e9e en Ligue 1 et prouver qu\u2019il peut exister face \u00e0 une \u00e9quipe du calibre du LOSC. De son c\u00f4t\u00e9, Lille cherchera \u00e0 encha\u00eener apr\u00e8s son succ\u00e8s contre Monaco, port\u00e9 par un Olivier Giroud d\u00e9j\u00e0 d\u00e9cisif. Entre la fra\u00eecheur lorientaise et l\u2019exp\u00e9rience lilloise, ce duel promet un bel affrontement tactique et une intensit\u00e9 digne d\u2019un haut de tableau.<\/p>\n","protected":false},"excerpt":{"rendered":"Promu cet \u00e9t\u00e9, le FC Lorient n\u2019a qu\u2019un seul objectif : assurer son maintien en Ligue 1. Les&hellip;\n","protected":false},"author":2,"featured_media":352232,"comment_status":"","ping_status":"","sticky":false,"template":"","format":"standard","meta":{"footnotes":""},"categories":[2815],"tags":[1111,11,1777,674,1011,27,48888,811,1307,12,25,517],"class_list":{"0":"post-352231","1":"post","2":"type-post","3":"status-publish","4":"format-standard","5":"has-post-thumbnail","7":"category-lille","8":"tag-actu","9":"tag-actualites","10":"tag-eu","11":"tag-europe","12":"tag-fr","13":"tag-france","14":"tag-guide-conso","15":"tag-hauts-de-france","16":"tag-lille","17":"tag-news","18":"tag-republique-francaise","19":"tag-sport"},"share_on_mastodon":{"url":"https:\/\/pubeurope.com\/@fr\/115112388440131080","error":""},"_links":{"self":[{"href":"https:\/\/www.europesays.com\/fr\/wp-json\/wp\/v2\/posts\/352231","targetHints":{"allow":["GET"]}}],"collection":[{"href":"https:\/\/www.europesays.com\/fr\/wp-json\/wp\/v2\/posts"}],"about":[{"href":"https:\/\/www.europesays.com\/fr\/wp-json\/wp\/v2\/types\/post"}],"author":[{"embeddable":true,"href":"https:\/\/www.europesays.com\/fr\/wp-json\/wp\/v2\/users\/2"}],"replies":[{"embeddable":true,"href":"https:\/\/www.europesays.com\/fr\/wp-json\/wp\/v2\/comments?post=352231"}],"version-history":[{"count":0,"href":"https:\/\/www.europesays.com\/fr\/wp-json\/wp\/v2\/posts\/352231\/revisions"}],"wp:featuredmedia":[{"embeddable":true,"href":"https:\/\/www.europesays.com\/fr\/wp-json\/wp\/v2\/media\/352232"}],"wp:attachment":[{"href":"https:\/\/www.europesays.com\/fr\/wp-json\/wp\/v2\/media?parent=352231"}],"wp:term":[{"taxonomy":"category","embeddable":true,"href":"https:\/\/www.europesays.com\/fr\/wp-json\/wp\/v2\/categories?post=352231"},{"taxonomy":"post_tag","embeddable":true,"href":"https:\/\/www.europesays.com\/fr\/wp-json\/wp\/v2\/tags?post=352231"}],"curies":[{"name":"wp","href":"https:\/\/api.w.org\/{rel}","templated":true}]}}