{"id":352239,"date":"2025-08-29T13:56:13","date_gmt":"2025-08-29T13:56:13","guid":{"rendered":"https:\/\/www.europesays.com\/fr\/352239\/"},"modified":"2025-08-29T13:56:13","modified_gmt":"2025-08-29T13:56:13","slug":"ligue-1-lyon-om-compos-probables-chaine-tv-et-heure-du-match","status":"publish","type":"post","link":"https:\/\/www.europesays.com\/fr\/352239\/","title":{"rendered":"Ligue 1 &#8211; Lyon-OM : compos probables, cha\u00eene TV et heure du match"},"content":{"rendered":"<p><strong><\/p>\n<p>Apr\u00e8s leur belle victoire contre le Paris FC, les Marseillais se rendent \u00e0 Lyon pour d\u00e9fier le leader de la L1. Compos probables, cha\u00eene TV, horaire\u2026 Voici tout ce qu\u2019il faut savoir sur ce choc de la 3e journ\u00e9e.<\/p>\n<p><\/strong><\/p>\n<p>Les Lyonnais abordent cette rencontre dans un contexte id\u00e9al. <strong>Leaders du championnat<\/strong> avec deux victoires en autant de matchs face \u00e0 Lens (1-0) et Metz (3-0), ils re\u00e7oivent leur rival historique avec moins de pression que l\u2019OM, pour qui une deuxi\u00e8me d\u00e9faite en trois journ\u00e9es constituerait un mauvais d\u00e9part.<\/p>\n<p>La crise li\u00e9e \u00e0 l\u2019affaire Rabiot-Rowe n\u2019a pas facilit\u00e9 le d\u00e9but de saison des Olympiens. Roberto De Zerbi ne sait pas encore s\u2019il pourra compter sur l\u2019international fran\u00e7ais dans les prochains mois. La <a href=\"https:\/\/www.footmarseille.com\/128254-porte-par-aubameyang-lom-lance-sa-saison-contre-le-pfc-5-2\" rel=\"nofollow noopener\" target=\"_blank\">victoire obtenue contre le Paris FC (5-2)<\/a> a n\u00e9anmoins permis aux Phoc\u00e9ens <strong>de retrouver confiance et de travailler dans la s\u00e9r\u00e9nit\u00e9<\/strong>.<\/p>\n<p>Historique des confrontations Lyon-OM<\/p>\n<p>Lyon et l\u2019OM se sont affront\u00e9s \u00e0 <strong>109 reprises<\/strong> en Ligue 1. Les Marseillais ont remport\u00e9 32 matchs, conc\u00e9d\u00e9 40 nuls et subi 37 d\u00e9faites. Si Jean-Michel Aulas n\u2019est plus l\u00e0 pour allumer la m\u00e8che, la rivalit\u00e9 reste forte avec les Rhodaniens.<\/p>\n<p>Les cinq derniers Lyon-OM<\/p>\n<ul class=\"wp-block-list\">\n<li>22\/09\/2024 : Lyon 2-3 Marseille,<\/li>\n<li>04\/02\/2024 : Lyon 1-0 Marseille,<\/li>\n<li>23\/04\/2023 : Lyon 1-2 Marseille,<\/li>\n<li>01\/02\/2022 : Lyon 2-1 Marseille,<\/li>\n<li>04\/10\/2020 : Lyon 1-1 Marseille.<\/li>\n<\/ul>\n<p>Lyon-OM : les compositions probables<\/p>\n<p>Roberto De Zerbi sera encore priv\u00e9 de plusieurs \u00e9l\u00e9ments. Facundo Medina et Igor Paixao sont forfaits, Amine Harit et Geoffrey Kondogbia sont incertains. Quant \u00e0 Adrien Rabiot, <a href=\"https:\/\/www.footmarseille.com\/128651-longoria-recadre-ses-propos-sur-rabiot\" rel=\"nofollow noopener\" target=\"_blank\">son cas n\u2019a pas \u00e9t\u00e9 r\u00e9gl\u00e9<\/a> et il reste \u00e9cart\u00e9.<\/p>\n<p>C\u00f4t\u00e9 lyonnais, Paulo Fonseca devra composer sans Mangala et Nuamah, toujours bless\u00e9s. Il pourrait y avoir des d\u00e9parts d\u2019ici la fin du mercato pr\u00e9vue lundi.<\/p>\n<p><strong>La compo probable de l\u2019OM<\/strong> : Rulli \u2013 Murillo, Egan Riley, Balerdi, Garcia \u2013 Gomes, Hojbjerg \u2013 Greenwood, Gouiri, Weah \u2013 Aubameyang.<\/p>\n<p><strong>La compo probable de Lyon<\/strong> : Descamps \u2013 Maitland-Niles, Mata, Niakhat\u00e9, Abner \u2013 Morton, Tessmann \u2013 Sulc, Tolisso, Fofana \u2013 Mikautadze.<\/p>\n<p>Lyon-OM : \u00e0 quelle heure ?<\/p>\n<p>Le match Lyon-OM est programm\u00e9 dimanche. Le coup d\u2019envoi sera donn\u00e9 \u00e0 <strong>20h45<\/strong>.<\/p>\n<p>Lyon-OM : sur quelle cha\u00eene ?<\/p>\n<p>La rencontre entre Lyon et l\u2019OM sera retransmise sur <strong>Ligue 1+<\/strong>. La plateforme propose plusieurs formules (<a href=\"https:\/\/ligue1plus.fr\/\" rel=\"noopener nofollow\" target=\"_blank\">voir ici<\/a>).<\/p>\n","protected":false},"excerpt":{"rendered":"Apr\u00e8s leur belle victoire contre le Paris FC, les Marseillais se rendent \u00e0 Lyon pour d\u00e9fier le leader&hellip;\n","protected":false},"author":2,"featured_media":352240,"comment_status":"","ping_status":"","sticky":false,"template":"","format":"standard","meta":{"footnotes":""},"categories":[1889],"tags":[1111,11,2430,1777,674,1011,27,2428,12,25],"class_list":{"0":"post-352239","1":"post","2":"type-post","3":"status-publish","4":"format-standard","5":"has-post-thumbnail","7":"category-lyon","8":"tag-actu","9":"tag-actualites","10":"tag-auvergne-rhone-alpes","11":"tag-eu","12":"tag-europe","13":"tag-fr","14":"tag-france","15":"tag-lyon","16":"tag-news","17":"tag-republique-francaise"},"share_on_mastodon":{"url":"https:\/\/pubeurope.com\/@fr\/115112403505153849","error":""},"_links":{"self":[{"href":"https:\/\/www.europesays.com\/fr\/wp-json\/wp\/v2\/posts\/352239","targetHints":{"allow":["GET"]}}],"collection":[{"href":"https:\/\/www.europesays.com\/fr\/wp-json\/wp\/v2\/posts"}],"about":[{"href":"https:\/\/www.europesays.com\/fr\/wp-json\/wp\/v2\/types\/post"}],"author":[{"embeddable":true,"href":"https:\/\/www.europesays.com\/fr\/wp-json\/wp\/v2\/users\/2"}],"replies":[{"embeddable":true,"href":"https:\/\/www.europesays.com\/fr\/wp-json\/wp\/v2\/comments?post=352239"}],"version-history":[{"count":0,"href":"https:\/\/www.europesays.com\/fr\/wp-json\/wp\/v2\/posts\/352239\/revisions"}],"wp:featuredmedia":[{"embeddable":true,"href":"https:\/\/www.europesays.com\/fr\/wp-json\/wp\/v2\/media\/352240"}],"wp:attachment":[{"href":"https:\/\/www.europesays.com\/fr\/wp-json\/wp\/v2\/media?parent=352239"}],"wp:term":[{"taxonomy":"category","embeddable":true,"href":"https:\/\/www.europesays.com\/fr\/wp-json\/wp\/v2\/categories?post=352239"},{"taxonomy":"post_tag","embeddable":true,"href":"https:\/\/www.europesays.com\/fr\/wp-json\/wp\/v2\/tags?post=352239"}],"curies":[{"name":"wp","href":"https:\/\/api.w.org\/{rel}","templated":true}]}}