{"id":352245,"date":"2025-08-29T13:59:14","date_gmt":"2025-08-29T13:59:14","guid":{"rendered":"https:\/\/www.europesays.com\/fr\/352245\/"},"modified":"2025-08-29T13:59:14","modified_gmt":"2025-08-29T13:59:14","slug":"le-suspect-place-sous-controle-judiciaire","status":"publish","type":"post","link":"https:\/\/www.europesays.com\/fr\/352245\/","title":{"rendered":"le suspect plac\u00e9 sous contr\u00f4le judiciaire"},"content":{"rendered":"<p>            Par<br \/>\n        <strong><br \/>\n            <a href=\"https:\/\/actu.fr\/auteur\/antoine-blanchet\" title=\"Consulter tous les articles de Antoine Blanchet\" target=\"_blank\" rel=\"noopener\">Antoine Blanchet<\/a><br \/>\n        <\/strong><\/p>\n<p>        Publi\u00e9 le<\/p>\n<p>            29 ao\u00fbt 2025 \u00e0 15h01        <\/p>\n<p>Une affaire encore houleuse. Jeudi 28\u00a0ao\u00fbt 2025, un adolescent de 17\u00a0ans a \u00e9t\u00e9 mis en examen <a href=\"https:\/\/actu.fr\/ile-de-france\/paris_75056\/paris-un-adolescent-interpelle-pour-le-viol-d-une-touriste-pres-de-la-tour-eiffel_63078710.html\" target=\"_blank\" rel=\"noopener\">pour le viol d\u2019une touriste ukrainienne<\/a> \u00e0 <a href=\"https:\/\/actu.fr\/paris\/\" target=\"_blank\" rel=\"noopener\">Paris<\/a>. Il a \u00e9t\u00e9 <strong>plac\u00e9 sous contr\u00f4le judiciaire<\/strong>. Le parquet a indiqu\u00e9 avoir fait appel de cette d\u00e9cision. Le suspect a pour l\u2019instant ni\u00e9 avoir commis des violences sexuelles. Il encourt<strong> 20\u00a0ans de r\u00e9clusion criminelle<\/strong>.<\/p>\n<p>Entra\u00een\u00e9e de force dans un buisson<\/p>\n<p class=\" wall-content\">Les faits se sont produits dans la nuit du lundi\u00a025 au mardi 26\u00a0ao\u00fbt 2025. Vers 2\u00a0heures du matin, des policiers de la <strong>brigade anticriminalit\u00e9<\/strong> sont en patrouille aux abords du Champ-de-Mars, non loin de la <a href=\"https:\/\/actu.fr\/ile-de-france\/paris_75056\/a-qui-appartient-la-tour-eiffel-l-un-des-monuments-les-plus-visites-au-monde_60737300.html\" target=\"_blank\" rel=\"noopener\">tour Eiffel<\/a>. Les agents observent alors un homme qui semble entra\u00eener une femme vers les buissons. Cette derni\u00e8re proteste en anglais.<\/p>\n<p>Le suspect, mineur non accompagn\u00e9<\/p>\n<p class=\" wall-content\">Les forces de l\u2019ordre interviennent vite. Le suspect est en train de commettre des attouchements sur la victime. Il est ivre. Elle aussi. Un chauffeur de taxi arrive pour aider les policiers \u00e0 traduire ce que d\u00e9clare la jeune femme \u00e2g\u00e9e de 32\u00a0ans. Elle explique que l\u2019individu a introduit sa main dans son jean. \u00c2g\u00e9 de 17\u00a0ans, il est conduit au poste de police. Il serait un mineur non accompagn\u00e9 originaire de Libye.<\/p>\n<p class=\" wall-content\">Pr\u00e9sent\u00e9 \u00e0 un juge d\u2019instruction, il a \u00e9t\u00e9 mis en examen jeudi 28\u00a0ao\u00fbt 2025 et plac\u00e9 sous contr\u00f4le judiciaire alors que le parquet avait requis la d\u00e9tention provisoire.<\/p>\n<p class=\" wall-content\">Personnalisez votre actualit\u00e9 en ajoutant vos villes et m\u00e9dias en favori avec <a href=\"https:\/\/moncompte.actu.fr\" title=\"D\u00e9couvez Mon Actu\" rel=\"nofollow noopener\" data-trk=\"{&quot;cta&quot;:{&quot;action&quot;:&quot;https:\\\/\\\/moncompte.actu.fr&quot;,&quot;category&quot;:&quot;mon compte&quot;,&quot;from&quot;:&quot;article footer&quot;,&quot;name&quot;:&quot;Mon actu&quot;,&quot;type&quot;:&quot;cta&quot;}}\" target=\"_blank\">Mon Actu<\/a>.<\/p>\n","protected":false},"excerpt":{"rendered":"Par Antoine Blanchet Publi\u00e9 le 29 ao\u00fbt 2025 \u00e0 15h01 Une affaire encore houleuse. Jeudi 28\u00a0ao\u00fbt 2025, un&hellip;\n","protected":false},"author":2,"featured_media":352246,"comment_status":"","ping_status":"","sticky":false,"template":"","format":"standard","meta":{"footnotes":""},"categories":[1888],"tags":[1111,1928,11,1927,1777,674,118,1011,27,303,12,1926,626,1925,25,7184,799],"class_list":{"0":"post-352245","1":"post","2":"type-post","3":"status-publish","4":"format-standard","5":"has-post-thumbnail","7":"category-paris","8":"tag-actu","9":"tag-actu-paris","10":"tag-actualites","11":"tag-actualites-paris","12":"tag-eu","13":"tag-europe","14":"tag-faits-divers","15":"tag-fr","16":"tag-france","17":"tag-justice","18":"tag-news","19":"tag-news-paris","20":"tag-paris","21":"tag-paris-news","22":"tag-republique-francaise","23":"tag-tour-eiffel","24":"tag-violences-sexuelles"},"share_on_mastodon":{"url":"https:\/\/pubeurope.com\/@fr\/115112415316553470","error":""},"_links":{"self":[{"href":"https:\/\/www.europesays.com\/fr\/wp-json\/wp\/v2\/posts\/352245","targetHints":{"allow":["GET"]}}],"collection":[{"href":"https:\/\/www.europesays.com\/fr\/wp-json\/wp\/v2\/posts"}],"about":[{"href":"https:\/\/www.europesays.com\/fr\/wp-json\/wp\/v2\/types\/post"}],"author":[{"embeddable":true,"href":"https:\/\/www.europesays.com\/fr\/wp-json\/wp\/v2\/users\/2"}],"replies":[{"embeddable":true,"href":"https:\/\/www.europesays.com\/fr\/wp-json\/wp\/v2\/comments?post=352245"}],"version-history":[{"count":0,"href":"https:\/\/www.europesays.com\/fr\/wp-json\/wp\/v2\/posts\/352245\/revisions"}],"wp:featuredmedia":[{"embeddable":true,"href":"https:\/\/www.europesays.com\/fr\/wp-json\/wp\/v2\/media\/352246"}],"wp:attachment":[{"href":"https:\/\/www.europesays.com\/fr\/wp-json\/wp\/v2\/media?parent=352245"}],"wp:term":[{"taxonomy":"category","embeddable":true,"href":"https:\/\/www.europesays.com\/fr\/wp-json\/wp\/v2\/categories?post=352245"},{"taxonomy":"post_tag","embeddable":true,"href":"https:\/\/www.europesays.com\/fr\/wp-json\/wp\/v2\/tags?post=352245"}],"curies":[{"name":"wp","href":"https:\/\/api.w.org\/{rel}","templated":true}]}}