{"id":352251,"date":"2025-08-29T14:02:26","date_gmt":"2025-08-29T14:02:26","guid":{"rendered":"https:\/\/www.europesays.com\/fr\/352251\/"},"modified":"2025-08-29T14:02:26","modified_gmt":"2025-08-29T14:02:26","slug":"lexploit-des-francais-qui-sassurent-une-medaille-historique","status":"publish","type":"post","link":"https:\/\/www.europesays.com\/fr\/352251\/","title":{"rendered":"L\u2019exploit des Fran\u00e7ais qui s\u2019assurent une m\u00e9daille historique"},"content":{"rendered":"<p>Oubliez les cruelles \u00e9liminations des trois joueurs fran\u00e7ais dans le tableau de simple, jeudi. Et profitez de l\u2019exploit\u2026 Au lendemain <a href=\"https:\/\/www.lequipe.fr\/Badminton\/Actualites\/Alex-lanier-elimine-des-les-huitiemes-de-finale-des-championnats-du-monde\/1588280\" rel=\"nofollow noopener\" target=\"_blank\" class=\"c-link c-link--is-underlined\">des d\u00e9faites des fr\u00e8res Popov et de l\u2019espoir Alex Lanier<\/a>, la paire fran\u00e7aise compos\u00e9e de Thom Gicquel et de Delphine Delrue s\u2019est qualifi\u00e9e pour les demi-finales des Mondiaux de badminton <a href=\"https:\/\/www.20minutes.fr\/sport\/4169810-20250827-mondiaux-badminton-paris-peur-rien-francais-revent-grand-portes-public\" class=\"c-link c-link--is-underlined\" target=\"_blank\" rel=\"noopener\">qui se tiennent \u00e0 Paris jusqu\u2019\u00e0 dimanche<\/a>.<\/p>\n<p class=\"mb-xxl@xs color-ultramarine font-weight-semi-bold@xs font-source-serif-pro heading-s@xs\">L\u2019acc\u00e8s \u00e0 ce contenu a \u00e9t\u00e9 bloqu\u00e9 afin de respecter votre choix de consentement<\/p>\n<p class=\"mb-m@xs text-l@xs\">En cliquant sur\u00ab J\u2019accepte \u00bb, vous acceptez le d\u00e9p\u00f4t de cookies par des services externes et aurez ainsi acc\u00e8s aux contenus de nos partenaires.<\/p>\n<p class=\"mb-xl@xs text-s@xs\">Plus d\u2019informations sur la page<a href=\"https:\/\/www.20minutes.fr\/gestion-cookies\" class=\"mx-xxs@xs color-ultramarine\" target=\"_blank\" rel=\"noopener\">Politique de gestion des cookies<\/a><\/p>\n<p>J\u2019accepte<\/p>\n<p>Le bin\u00f4me tricolore s\u2019assure ainsi une m\u00e9daille, la deuxi\u00e8me seulement de l\u2019histoire du bad fran\u00e7ais \u00e0 l\u2019\u00e9chelon mondial. Depuis <a href=\"https:\/\/www.ouest-france.fr\/sport\/badminton\/cetait-dur-javais-18-ans-hongyan-pi-indesirable-en-chine-devenue-icone-du-badminton-francais-0109be9c-7f74-11f0-a070-ec6a7f83d549\" rel=\"nofollow noopener\" target=\"_blank\" class=\"c-link c-link--is-underlined\">la m\u00e9daille de bronze de Hongyan Pi il y a seize ans<\/a>, jamais des badistes tricolores n\u2019avaient obtenu un tel r\u00e9sultat. C\u2019est aussi la premi\u00e8re fois qu\u2019un double va aussi haut. Oui, on peut parler d\u2019exploit.<\/p>\n<p>La paire fran\u00e7aise n\u2019a pas trembl\u00e9<\/p>\n<p>La performance est magistrale. Et pourtant, elle n\u2019a souffert d\u2019aucune contestation. Contrairement \u00e0 leur match accroch\u00e9 jeudi, Gicquel et Delrue ont cette fois assum\u00e9 le rang de favoris. Class\u00e9e au 8e rang mondial, la paire fran\u00e7aise a \u00e9limin\u00e9 les Chinois Cheng et Zhang (16e paire mondiale). Un match ma\u00eetris\u00e9 et pli\u00e9 en deux sets. Malgr\u00e9 une frayeur et un retard de quatre points au d\u00e9but du deuxi\u00e8me set, les Fran\u00e7ais ont toujours sembl\u00e9 sereins, soutenus avec ferveur par le public de l\u2019Adidas Arena. Samedi, les champions d&rsquo;Europe\u00a02024 affronteront la paire malaisienne Chen\/Toh, class\u00e9e au 4e rang mondial, pour une place en finale.<\/p>\n<\/p>\n<p>En juin, ils avaient d\u00e9j\u00e0 brill\u00e9 en d\u00e9crochant le tout premier titre de l\u2019histoire du badminton fran\u00e7ais dans un tournoi Super 1000 (l\u2019\u00e9quivalent d\u2019un tournoi du Grand Chelem en tennis) en Indon\u00e9sie.<\/p>\n","protected":false},"excerpt":{"rendered":"Oubliez les cruelles \u00e9liminations des trois joueurs fran\u00e7ais dans le tableau de simple, jeudi. Et profitez de l\u2019exploit\u2026&hellip;\n","protected":false},"author":2,"featured_media":352252,"comment_status":"","ping_status":"","sticky":false,"template":"","format":"standard","meta":{"footnotes":""},"categories":[1888],"tags":[11,5406,22448,1777,674,1011,27,662,38555,12,626,25,517],"class_list":{"0":"post-352251","1":"post","2":"type-post","3":"status-publish","4":"format-standard","5":"has-post-thumbnail","7":"category-paris","8":"tag-actualites","9":"tag-badminton","10":"tag-championnats-du-monde","11":"tag-eu","12":"tag-europe","13":"tag-fr","14":"tag-france","15":"tag-ile-de-france","16":"tag-medaille","17":"tag-news","18":"tag-paris","19":"tag-republique-francaise","20":"tag-sport"},"share_on_mastodon":{"url":"https:\/\/pubeurope.com\/@fr\/115112427105454376","error":""},"_links":{"self":[{"href":"https:\/\/www.europesays.com\/fr\/wp-json\/wp\/v2\/posts\/352251","targetHints":{"allow":["GET"]}}],"collection":[{"href":"https:\/\/www.europesays.com\/fr\/wp-json\/wp\/v2\/posts"}],"about":[{"href":"https:\/\/www.europesays.com\/fr\/wp-json\/wp\/v2\/types\/post"}],"author":[{"embeddable":true,"href":"https:\/\/www.europesays.com\/fr\/wp-json\/wp\/v2\/users\/2"}],"replies":[{"embeddable":true,"href":"https:\/\/www.europesays.com\/fr\/wp-json\/wp\/v2\/comments?post=352251"}],"version-history":[{"count":0,"href":"https:\/\/www.europesays.com\/fr\/wp-json\/wp\/v2\/posts\/352251\/revisions"}],"wp:featuredmedia":[{"embeddable":true,"href":"https:\/\/www.europesays.com\/fr\/wp-json\/wp\/v2\/media\/352252"}],"wp:attachment":[{"href":"https:\/\/www.europesays.com\/fr\/wp-json\/wp\/v2\/media?parent=352251"}],"wp:term":[{"taxonomy":"category","embeddable":true,"href":"https:\/\/www.europesays.com\/fr\/wp-json\/wp\/v2\/categories?post=352251"},{"taxonomy":"post_tag","embeddable":true,"href":"https:\/\/www.europesays.com\/fr\/wp-json\/wp\/v2\/tags?post=352251"}],"curies":[{"name":"wp","href":"https:\/\/api.w.org\/{rel}","templated":true}]}}