{"id":352261,"date":"2025-08-29T14:07:15","date_gmt":"2025-08-29T14:07:15","guid":{"rendered":"https:\/\/www.europesays.com\/fr\/352261\/"},"modified":"2025-08-29T14:07:15","modified_gmt":"2025-08-29T14:07:15","slug":"le-duo-schroder-wagner-porte-lallemagne-face-a-la-suede","status":"publish","type":"post","link":"https:\/\/www.europesays.com\/fr\/352261\/","title":{"rendered":"Le duo Schr\u00f6der \u2013 Wagner porte l\u2019Allemagne face \u00e0 la Su\u00e8de"},"content":{"rendered":"<p><img fetchpriority=\"high\" decoding=\"async\" class=\"aligncenter wp-image-768027 size-full\" src=\"https:\/\/www.europesays.com\/fr\/wp-content\/uploads\/2025\/08\/https:\/\/www.basketusa.com\/app\/uploads\/2025\/08\/bezn2vpk68am69shejlv-e1756473785234.webp.webp\" alt=\"Allemagne\" width=\"1200\" height=\"800\"\/><\/p>\n<p>Apr\u00e8s avoir <a href=\"https:\/\/www.basketusa.com\/news\/767513\/la-mannschaft-assure-pour-ses-debuts-face-au-montenegro\/\" rel=\"prefetch nofollow noopener\" target=\"_blank\">dispos\u00e9 en deux temps du Mont\u00e9n\u00e9gro<\/a> en ouverture, mercredi, l&rsquo;<strong>Allemagne<\/strong> a remis le couvert face \u00e0 la Su\u00e8de pour son deuxi\u00e8me match. Facile (105-83), elle n&rsquo;a ainsi laiss\u00e9 aucune chance \u00e0 cette formation su\u00e9doise diminu\u00e9e, car orpheline de Pelle Larsson et Simon Birgander, malades.<\/p>\n<p>Toujours priv\u00e9s de leur s\u00e9lectionneur Alex Mumbru, <a href=\"https:\/\/www.basketusa.com\/news\/767293\/hospitalise-le-selectionneur-allemand-va-manquer-le-debut-de-leuro\/\" rel=\"prefetch nofollow noopener\" target=\"_blank\">hospitalis\u00e9<\/a> cette semaine, les Allemands n&rsquo;ont donc pas fait dans la dentelle, apr\u00e8s avoir mis une mi-temps \u00e0 se lancer contre les Mont\u00e9n\u00e9grins. Cette fois-ci, les co\u00e9quipiers de <strong>Dennis Schr\u00f6der<\/strong> (23 points, 7 passes) et <strong>Franz Wagner<\/strong> (21 points) ont attaqu\u00e9 fort, sans jamais courir apr\u00e8s le score, bouclant la premi\u00e8re p\u00e9riode avec 59 points au compteur (et 62% de r\u00e9ussite au shoot). Tout simplement leur record \u00e0 l&rsquo;EuroBasket\u2026<\/p>\n<p>\u00c9galement boost\u00e9e par l&rsquo;apport de Maodo Lo (13 points, 5 rebonds, 5 passes) en sortie de banc, la Nationalmannschaft a pris une avance de 10 points d\u00e8s le premier quart-temps, pour la faire grimper \u00e0 +20 au retour des vestiaires, et s&rsquo;offrir ce nouveau succ\u00e8s large \u00e0 Tampere (Finlande). En tribunes, le coach des Kings, Doug Christie, n&rsquo;a quant \u00e0 lui pas manqu\u00e9 de savourer la prestation de son nouveau meneur, Dennis Schr\u00f6der.<\/p>\n<p>\u00c0 l&rsquo;arriv\u00e9e, le diff\u00e9rentiel est bien soign\u00e9, avec une adresse insolente et une pression de tous les instants dans l&rsquo;attaque du cercle, et l&rsquo;Allemagne se mesurera maintenant \u00e0 la Lituanie, d\u00e8s ce samedi (12h30), dans ce qui risque d&rsquo;\u00eatre d\u00e9j\u00e0 plus relev\u00e9 et disput\u00e9. La Su\u00e8de va, elle, viser une premi\u00e8re victoire contre la Bretagne, le m\u00eame jour (15h30).<\/p>\n","protected":false},"excerpt":{"rendered":"Apr\u00e8s avoir dispos\u00e9 en deux temps du Mont\u00e9n\u00e9gro en ouverture, mercredi, l&rsquo;Allemagne a remis le couvert face \u00e0&hellip;\n","protected":false},"author":2,"featured_media":352262,"comment_status":"","ping_status":"","sticky":false,"template":"","format":"standard","meta":{"footnotes":""},"categories":[1587],"tags":[11,672,1804,1805,1803,1777,674,1801,12,1802],"class_list":{"0":"post-352261","1":"post","2":"type-post","3":"status-publish","4":"format-standard","5":"has-post-thumbnail","7":"category-allemagne","8":"tag-actualites","9":"tag-allemagne","10":"tag-bundesrepublik-deutschland","11":"tag-de","12":"tag-deutschland","13":"tag-eu","14":"tag-europe","15":"tag-germany","16":"tag-news","17":"tag-republique-federale-dallemagne"},"share_on_mastodon":{"url":"https:\/\/pubeurope.com\/@fr\/115112446788895324","error":""},"_links":{"self":[{"href":"https:\/\/www.europesays.com\/fr\/wp-json\/wp\/v2\/posts\/352261","targetHints":{"allow":["GET"]}}],"collection":[{"href":"https:\/\/www.europesays.com\/fr\/wp-json\/wp\/v2\/posts"}],"about":[{"href":"https:\/\/www.europesays.com\/fr\/wp-json\/wp\/v2\/types\/post"}],"author":[{"embeddable":true,"href":"https:\/\/www.europesays.com\/fr\/wp-json\/wp\/v2\/users\/2"}],"replies":[{"embeddable":true,"href":"https:\/\/www.europesays.com\/fr\/wp-json\/wp\/v2\/comments?post=352261"}],"version-history":[{"count":0,"href":"https:\/\/www.europesays.com\/fr\/wp-json\/wp\/v2\/posts\/352261\/revisions"}],"wp:featuredmedia":[{"embeddable":true,"href":"https:\/\/www.europesays.com\/fr\/wp-json\/wp\/v2\/media\/352262"}],"wp:attachment":[{"href":"https:\/\/www.europesays.com\/fr\/wp-json\/wp\/v2\/media?parent=352261"}],"wp:term":[{"taxonomy":"category","embeddable":true,"href":"https:\/\/www.europesays.com\/fr\/wp-json\/wp\/v2\/categories?post=352261"},{"taxonomy":"post_tag","embeddable":true,"href":"https:\/\/www.europesays.com\/fr\/wp-json\/wp\/v2\/tags?post=352261"}],"curies":[{"name":"wp","href":"https:\/\/api.w.org\/{rel}","templated":true}]}}