{"id":352278,"date":"2025-08-29T14:18:14","date_gmt":"2025-08-29T14:18:14","guid":{"rendered":"https:\/\/www.europesays.com\/fr\/352278\/"},"modified":"2025-08-29T14:18:14","modified_gmt":"2025-08-29T14:18:14","slug":"di-giannantonio-lasse-de-passer-par-des-montagnes-russes-effrayantes","status":"publish","type":"post","link":"https:\/\/www.europesays.com\/fr\/352278\/","title":{"rendered":"Di Giannantonio lass\u00e9 de passer par des \u00ab\u00a0montagnes russes effrayantes\u00a0\u00bb"},"content":{"rendered":"<p>Parmi les trois pilotes qui disposent de la Ducati GP25, la domination de <a href=\"https:\/\/fr.motorsport.com\/driver\/marc-marquez\/92646\/\" target=\"_blank\" rel=\"noopener\">Marc M\u00e1rquez<\/a> et les difficult\u00e9s de <a href=\"https:\/\/fr.motorsport.com\/driver\/pecco-bagnaia\/109394\/\" target=\"_blank\" rel=\"noopener\">Pecco Bagnaia<\/a> sont au c\u0153ur des d\u00e9bats, mais la situation de <a href=\"https:\/\/fr.motorsport.com\/driver\/fabio-di-giannantonio\/289538\/\" target=\"_blank\" rel=\"noopener\">Fabio Di Giannantonio<\/a> est moins souvent \u00e9voqu\u00e9e. Le pilote VR46 vit une saison en dents de scie, sans \u00e9prouver autant de difficult\u00e9s que Bagnaia mais sans pouvoir r\u00e9guli\u00e8rement placer sa machine dans les premi\u00e8res positions.<\/p>\n<p>Le Balaton Park a illustr\u00e9 ces hauts et ces bas. Di Giannantonio n&rsquo;a pas r\u00e9ussi \u00e0 se qualifier directement en Q2 pourtant, en qualifications, il s&rsquo;est hiss\u00e9 dans la deuxi\u00e8me partie par la plus infime des marges possibles\u00a0: 0&Prime;000\u00a0!\u00a0C&rsquo;est son deuxi\u00e8me meilleur temps et celui de Binder qui ont finalement \u00e9t\u00e9 retenus pour les d\u00e9partager. Sa troisi\u00e8me place sur la grille et sa deuxi\u00e8me place lors du sprint montraient une \u00e9claircie&#8230; avant que le soleil se couvre \u00e0 nouveau le dimanche, avec un souci sur la grille.<\/p>\n<p>\u00ab\u00a0Un jour, j&rsquo;\u00e9crirai peut-\u00eatre un livre au sujet de cette ann\u00e9e\u00a0\u00bb, d\u00e9clarait un Di Giannantono assez fataliste apr\u00e8s l&rsquo;arriv\u00e9e. \u00ab\u00a0\u00c7a a \u00e9t\u00e9 litt\u00e9ralement les montagnes russes les plus effrayantes qui soient, avec de tr\u00e8s grandes mont\u00e9es et de tr\u00e8s grandes descentes, tout le temps.\u00a0\u00bb<\/p>\n<p>\u00ab\u00a0L&rsquo;\u00e9quipe et moi, on a commenc\u00e9 \u00e0 en percevoir certaines raisons mais on ne doit pas se focaliser sur les raisons, plut\u00f4t sur le travail et essayer d&rsquo;\u00eatre plus rapides pour inverser la situation quand les choses ne vont pas dans notre sens. Je ne me d\u00e9concentre pas, je ne baisse pas les bras, je ne l&rsquo;ai jamais fait de toute ma carri\u00e8re. C&rsquo;est frustrant mais il faut aller de l&rsquo;avant.\u00a0\u00bb<\/p>\n<p>   <img decoding=\"async\" draggable=\"false\" src=\"https:\/\/www.europesays.com\/fr\/wp-content\/uploads\/2025\/08\/1756477093_366_fabio-di-giannantonio-vr46-rac.jpg\" alt=\"Fabio Di Giannantonio, VR46 Racing Team\" width=\"1200\" height=\"800\" loading=\"lazy\"\/> <\/p>\n<p class=\"title\">Fabio Di Giannantonio<\/p>\n<p class=\"photographer\">Photo de: Gold and Goose Photography \/ LAT Images \/ via Getty Images<\/p>\n<p>Les difficult\u00e9s de Fabio Di Giannantonio <a href=\"https:\/\/fr.motorsport.com\/motogp\/news\/di-giannantonio-qualifications-pas-comme-ca-gagne\/10735459\/\" target=\"_blank\" rel=\"noopener\">se concentrent surtout sur le tour rapide<\/a>, ce qui lui co\u00fbte cher le vendredi apr\u00e8s-midi et le samedi matin. Plus pr\u00e9cis\u00e9ment, il a du mal \u00e0 appr\u00e9hender le niveau d&rsquo;adh\u00e9rence, r\u00e9guli\u00e8rement sup\u00e9rieur \u00e0 ses attentes.<\/p>\n<p>\u00ab\u00a0On a couru apr\u00e8s \u00e7a toute l&rsquo;ann\u00e9e. On voit bien quels sont les hauts et les bas qu&rsquo;on a. On n&rsquo;arrive pas \u00e0 optimiser la moto pour le time attack, donc on part tr\u00e8s loin et on n&rsquo;arrive pas \u00e0 trouver le grip en plus que trouvent les autres.\u00a0\u00bb<\/p>\n<p>\u00ab\u00a0On a \u00e9norm\u00e9ment de mal sur les pistes qui ont du grip\u00a0\u00bb, a-t-il pr\u00e9cis\u00e9. \u00ab\u00a0On en a toujours trop, alors quand il y a d\u00e9j\u00e0 une bonne adh\u00e9rence sur la piste, on ne l&rsquo;exploite pas et \u00e7a devient quelque chose qui joue en notre d\u00e9faveur. C&rsquo;est dommage qu&rsquo;\u00e0 la 12e course, on n&rsquo;ait pas encore progress\u00e9 l\u00e0-dessus.\u00a0\u00bb<\/p>\n<p>De nombreuses notes d&rsquo;espoir<\/p>\n<p>Au Balaton Park, Di Giannantonio a n\u00e9anmoins per\u00e7u un d\u00e9clic en qualifications, en <a href=\"https:\/\/fr.motorsport.com\/motogp\/news\/di-giannantonio-morbidelli-profite-chaos-premier-virage\/10753005\/\" target=\"_blank\" rel=\"noopener\">parvenant mieux \u00e0 g\u00e9rer cette adh\u00e9rence<\/a>. Il a d\u00e9sormais l&rsquo;espoir d&rsquo;une solution p\u00e9renne\u00a0: \u00ab\u00a0Je l&rsquo;esp\u00e8re vraiment parce qu&rsquo;un championnat se joue sur la dur\u00e9e que l&rsquo;on met du temps \u00e0 avoir de meilleures sensations sur la moto. Quand on y arrive, quand on comprend ce dont le pilote a besoin, l&rsquo;\u00e9quipe travaille presque de son c\u00f4t\u00e9 sur les r\u00e9glages, on travaille juste sur de petits d\u00e9tails.\u00a0\u00bb<\/p>\n<p>\u00ab\u00a0Sur la moto, il faut que je donne mon meilleur ressenti \u00e0 l&rsquo;\u00e9quipe, le plus pr\u00e9cis possible, mais c&rsquo;est un travail d&rsquo;\u00e9quipe. J&rsquo;esp\u00e8re vraiment qu&rsquo;on a compris \u00e7a pour l&rsquo;avenir, afin d&rsquo;essayer de trouver enfin de la constance dans les r\u00e9sultats.\u00a0\u00bb\u00a0<\/p>\n<p>   <img decoding=\"async\" draggable=\"false\" src=\"https:\/\/www.europesays.com\/fr\/wp-content\/uploads\/2025\/08\/1756477094_689_fabio-di-giannantonio-vr46-rac.jpg\" alt=\"Fabio Di Giannantonio, VR46 Racing Team\" width=\"1200\" height=\"800\" loading=\"lazy\"\/> <\/p>\n<p class=\"title\">Fabio Di Giannantonio<\/p>\n<p class=\"photographer\">Photo de: Gold and Goose Photography \/ LAT Images \/ via Getty Images<\/p>\n<p>Cette constance est rest\u00e9e absente en Hongrie en raison d&rsquo;un nouveau probl\u00e8me qui a g\u00e2ch\u00e9 sa course le dimanche, une semaine apr\u00e8s <a href=\"https:\/\/fr.motorsport.com\/motogp\/news\/di-giannantonio-pas-q2-vibrations-feu-calvaire-autrichien\/10751641\/\" target=\"_blank\" rel=\"noopener\">une casse moteur et une moto en feu au Red Bull Ring<\/a>. L&rsquo;Italien ne veut cependant pas se laisser miner par ces soucis techniques.<\/p>\n<p>\u00ab\u00a0Je ne veux me focaliser que sur les choses positives\u00a0\u00bb, a insist\u00e9 Di Giannantonio aupr\u00e8s du site officiel du MotoGP. \u00ab\u00a0Je n&rsquo;ai jamais baiss\u00e9 les bras de toute ma carri\u00e8re, alors je ne vais clairement pas le faire apr\u00e8s deux soucis techniques sur les deux derni\u00e8res courses. On continue \u00e0 travailler, on est une \u00e9quipe, un groupe, et on va passer \u00e0 la prochaine course.\u00a0\u00bb<\/p>\n<blockquote>\n<p>Quand il y a beaucoup de travail, les r\u00e9sultats arrivent.<\/p>\n<\/blockquote>\n<p>Di Giannantonio\u00a0se f\u00e9licite de la qualit\u00e9 de ces efforts collectifs\u00a0: \u00ab\u00a0L&rsquo;\u00e9quipe a super bien travaill\u00e9. Je suis fier de chacun d&rsquo;eux parce qu&rsquo;on fait vraiment beaucoup de choses, m\u00eame si vu de l&rsquo;ext\u00e9rieur on ne dirait pas. De l&rsquo;ext\u00e9rieur, on peut se dire qu&rsquo;avec la GP25, je devrais gagner toutes les courses mais au lieu de \u00e7a, et pour de nombreuses raisons, il y a beaucoup de travail derri\u00e8re. Chaque membre de l&rsquo;\u00e9quipe travaille vraiment dur et bien. Je suis tr\u00e8s fier de chacun d&rsquo;eux. Quand il y a beaucoup de travail, les r\u00e9sultats arrivent.\u00a0\u00bb\u00a0<\/p>\n<p>Ce travail peut en plus s&rsquo;inscrire dans la dur\u00e9e. Depuis son arriv\u00e9e en MotoGP, le pilote italien a d\u00fb <a href=\"https:\/\/fr.motorsport.com\/motogp\/news\/di-giannantonio-lese-changements-staff\/10690773\/\" target=\"_blank\" rel=\"noopener\">changer de staff technique tous les ans<\/a> et il a souvent d\u00e9plor\u00e9 ce manque de stabilit\u00e9, n\u00e9anmoins il conservera les m\u00eames ing\u00e9nieurs et m\u00e9caniciens la saison prochaine.<\/p>\n<p>\u00ab\u00a0\u00c7a va m&rsquo;aider parce que je ne vais pas repartir de z\u00e9ro. Je vais repartir avec la m\u00eame m\u00e9thode de travail, les m\u00eames personnes, la m\u00eame structure, la m\u00eame moto. \u00c7a va certainement beaucoup m&rsquo;aider. Apr\u00e8s, il faut esp\u00e9rer qu&rsquo;on aura jou\u00e9 tous nos jokers cette ann\u00e9e, et comme \u00e7a l&rsquo;ann\u00e9e prochaine sera un peu plus lisse !\u00a0\u00bb\u00a0<\/p>\n<p style=\"text-align: right;\">Avec L\u00e9na Buffa<\/p>\n<p>Lire aussi :<\/p>\n<p>Dans cet article<\/p>\n<p>Soyez le premier inform\u00e9 et souscrivez aux alertes mails pour recevoir les infos en temps r\u00e9el<\/p>\n<p>    S&rsquo;abonner aux alertes de news<\/p>\n","protected":false},"excerpt":{"rendered":"Parmi les trois pilotes qui disposent de la Ducati GP25, la domination de Marc M\u00e1rquez et les difficult\u00e9s&hellip;\n","protected":false},"author":2,"featured_media":352279,"comment_status":"","ping_status":"","sticky":false,"template":"","format":"standard","meta":{"footnotes":""},"categories":[1413],"tags":[48895,7277,1011,27,1457,1456,1458,60,7276],"class_list":{"0":"post-352278","1":"post","2":"type-post","3":"status-publish","4":"format-standard","5":"has-post-thumbnail","7":"category-moto","8":"tag-di-giannantonio-lassu00e9-de-passer-par-des-montagnes-russes-effrayantes","9":"tag-fabio-di-giannantonio","10":"tag-fr","11":"tag-france","12":"tag-moto","13":"tag-motocycle","14":"tag-motogp","15":"tag-sports","16":"tag-team-vr46"},"share_on_mastodon":{"url":"https:\/\/pubeurope.com\/@fr\/115112490135486472","error":""},"_links":{"self":[{"href":"https:\/\/www.europesays.com\/fr\/wp-json\/wp\/v2\/posts\/352278","targetHints":{"allow":["GET"]}}],"collection":[{"href":"https:\/\/www.europesays.com\/fr\/wp-json\/wp\/v2\/posts"}],"about":[{"href":"https:\/\/www.europesays.com\/fr\/wp-json\/wp\/v2\/types\/post"}],"author":[{"embeddable":true,"href":"https:\/\/www.europesays.com\/fr\/wp-json\/wp\/v2\/users\/2"}],"replies":[{"embeddable":true,"href":"https:\/\/www.europesays.com\/fr\/wp-json\/wp\/v2\/comments?post=352278"}],"version-history":[{"count":0,"href":"https:\/\/www.europesays.com\/fr\/wp-json\/wp\/v2\/posts\/352278\/revisions"}],"wp:featuredmedia":[{"embeddable":true,"href":"https:\/\/www.europesays.com\/fr\/wp-json\/wp\/v2\/media\/352279"}],"wp:attachment":[{"href":"https:\/\/www.europesays.com\/fr\/wp-json\/wp\/v2\/media?parent=352278"}],"wp:term":[{"taxonomy":"category","embeddable":true,"href":"https:\/\/www.europesays.com\/fr\/wp-json\/wp\/v2\/categories?post=352278"},{"taxonomy":"post_tag","embeddable":true,"href":"https:\/\/www.europesays.com\/fr\/wp-json\/wp\/v2\/tags?post=352278"}],"curies":[{"name":"wp","href":"https:\/\/api.w.org\/{rel}","templated":true}]}}