{"id":352290,"date":"2025-08-29T14:25:10","date_gmt":"2025-08-29T14:25:10","guid":{"rendered":"https:\/\/www.europesays.com\/fr\/352290\/"},"modified":"2025-08-29T14:25:10","modified_gmt":"2025-08-29T14:25:10","slug":"a-quelques-jours-du-lancement-de-la-nouvelle-emission-de-cyril-hanouna-yann-barthes-evoque-sa-relation-avec-lancien-animateur-de-c8","status":"publish","type":"post","link":"https:\/\/www.europesays.com\/fr\/352290\/","title":{"rendered":"\u00c0 quelques jours du lancement de la nouvelle \u00e9mission de Cyril Hanouna, Yann Barth\u00e8s \u00e9voque sa relation avec l\u2019ancien animateur de C8"},"content":{"rendered":"<p>\n                                                                Yann Barth\u00e8s a accord\u00e9 une rare interview \u00e0 l\u2019\u00e9mission Bonjour\u00a0! de TF1 ce vendredi 29\u00a0ao\u00fbt, \u00e9voquant ses relations avec Cyril Hanouna. L\u2019animateur de Quotidien a affirm\u00e9 ne pas vouloir entretenir de rivalit\u00e9 m\u00e9diatique, soulignant aussi n\u2019avoir pas d\u2019ennemis dans le paysage audiovisuel fran\u00e7ais.\n                            <\/p>\n<p>Alors que ses interventions m\u00e9diatiques sont si rares, plus d\u2019une dizaine en vingt ans selon Bruce Toussaint, il s\u2019est rendu sur le plateau de <a href=\"http:\/\/www.tf1.fr\/tf1\/bonjour-la-matinale-tf1\/videos\/bonjour-la-matinale-de-tf1-du-29-aout-2025-35960350.html\" target=\"_blank\" rel=\"nofollow noopener\">Bonjour\u00a0!<\/a> pour une interview exclusive ce vendredi 29\u00a0ao\u00fbt.<\/p>\n<p><a href=\"https:\/\/www.midilibre.fr\/2025\/08\/14\/chatgpt-chroniqueur-chez-cyril-hanouna-la-drole-dannonce-de-lanimateur-de-tout-beau-tout-9-12876292.php\" target=\"_blank\" rel=\"nofollow noopener\">Yann Barth\u00e8s, animateur de Quotidien, est revenu sur ses\u00a0liens avec Cyril Hanouna<\/a>, trublion du PAF. Il explique ne pas vouloir alimenter de gu\u00e9guerre m\u00e9diatique entre eux deux.\u00a0\u00ab\u00a0Je n\u2019ai pas d\u2019ennemis. Il y a des personnes qui se cherchent des ennemis pour \u00e9ventuellement exister, mais moi, je n\u2019ai pas d\u2019ennemis\u00a0\u00bb, a-t-il d\u00e9clar\u00e9.<\/p>\n<p>Des apparitions m\u00e9diatiques rares<\/p>\n<p>\u00ab\u00a0Je suis au m\u00eame moment sur le plateau, donc en direct non. Et apr\u00e8s j\u2019avoue je ne regarde pas vraiment ce qu\u2019il se passe car j\u2019ai l\u2019impression de travailler\u00a0\u00bb, a-t-il r\u00e9pondu \u00e0 une question lui demandant s\u2019il allait regarder la nouvelle \u00e9mission de Cyril Hanouna \u00ab\u00a0Tout beau, tout neuf\u00a0\u00bb, que relaye <a href=\"https:\/\/www.programme-tv.net\/news\/people\/386348-je-n-ai-pas-d-ennemis-yann-barthes-s-exprime-sur-sa-relation-avec-cyril-hanouna\/#:~:text=%22Je%20n&#039;ai%20pas%20d&#039;ennemis.,l&#039;hilarit%C3%A9%20sur%20le%20plateau.\" target=\"_blank\" rel=\"nofollow noopener\">T\u00e9l\u00e9-Loisirs<\/a>.<\/p>\n<p><a href=\"https:\/\/www.midilibre.fr\/2025\/05\/08\/cyril-hanouna-et-tpmp-cest-definitivement-fini-quand-lanimateur-revelera-t-il-le-nom-de-sa-nouvelle-emission-sur-w9-12682820.php\" target=\"_blank\" rel=\"nofollow noopener\">Interview\u00e9 en 2019 par TVMag, avait \u00e9t\u00e9 interrog\u00e9 \u00e0 propos<\/a> de sa relation avec l\u2019ancien animateur de \u00ab\u00a0TPMP\u00a0\u00bb. \u00ab\u00a0D\u00e9sol\u00e9, mais je n\u2019ai rien de fracassant \u00e0 dire sur le sujet. Je suis juste diff\u00e9rent de lui. Ce qui ne veut pas dire que je le m\u00e9prise ou que je suis mieux que lui. On est diff\u00e9rents, voil\u00e0 tout.\u00a0\u00bb<\/p>\n","protected":false},"excerpt":{"rendered":"Yann Barth\u00e8s a accord\u00e9 une rare interview \u00e0 l\u2019\u00e9mission Bonjour\u00a0! de TF1 ce vendredi 29\u00a0ao\u00fbt, \u00e9voquant ses relations&hellip;\n","protected":false},"author":2,"featured_media":352291,"comment_status":"","ping_status":"","sticky":false,"template":"","format":"standard","meta":{"footnotes":""},"categories":[1356],"tags":[58,59,1011,27,252,1364],"class_list":{"0":"post-352290","1":"post","2":"type-post","3":"status-publish","4":"format-standard","5":"has-post-thumbnail","7":"category-television","8":"tag-divertissement","9":"tag-entertainment","10":"tag-fr","11":"tag-france","12":"tag-television","13":"tag-tv"},"share_on_mastodon":{"url":"https:\/\/pubeurope.com\/@fr\/115112517799403855","error":""},"_links":{"self":[{"href":"https:\/\/www.europesays.com\/fr\/wp-json\/wp\/v2\/posts\/352290","targetHints":{"allow":["GET"]}}],"collection":[{"href":"https:\/\/www.europesays.com\/fr\/wp-json\/wp\/v2\/posts"}],"about":[{"href":"https:\/\/www.europesays.com\/fr\/wp-json\/wp\/v2\/types\/post"}],"author":[{"embeddable":true,"href":"https:\/\/www.europesays.com\/fr\/wp-json\/wp\/v2\/users\/2"}],"replies":[{"embeddable":true,"href":"https:\/\/www.europesays.com\/fr\/wp-json\/wp\/v2\/comments?post=352290"}],"version-history":[{"count":0,"href":"https:\/\/www.europesays.com\/fr\/wp-json\/wp\/v2\/posts\/352290\/revisions"}],"wp:featuredmedia":[{"embeddable":true,"href":"https:\/\/www.europesays.com\/fr\/wp-json\/wp\/v2\/media\/352291"}],"wp:attachment":[{"href":"https:\/\/www.europesays.com\/fr\/wp-json\/wp\/v2\/media?parent=352290"}],"wp:term":[{"taxonomy":"category","embeddable":true,"href":"https:\/\/www.europesays.com\/fr\/wp-json\/wp\/v2\/categories?post=352290"},{"taxonomy":"post_tag","embeddable":true,"href":"https:\/\/www.europesays.com\/fr\/wp-json\/wp\/v2\/tags?post=352290"}],"curies":[{"name":"wp","href":"https:\/\/api.w.org\/{rel}","templated":true}]}}