{"id":352294,"date":"2025-08-29T14:27:20","date_gmt":"2025-08-29T14:27:20","guid":{"rendered":"https:\/\/www.europesays.com\/fr\/352294\/"},"modified":"2025-08-29T14:27:20","modified_gmt":"2025-08-29T14:27:20","slug":"cinema-en-boucle-comedie-de-science-fiction-venue-du-japon","status":"publish","type":"post","link":"https:\/\/www.europesays.com\/fr\/352294\/","title":{"rendered":"Cin\u00e9ma\u00a0: En boucle, com\u00e9die de science-fiction venue du Japon"},"content":{"rendered":"<p>Le th\u00e8me de la boucle temporelle est d\u00e9cid\u00e9ment un classique, chez les Japonais. Apr\u00e8s <a href=\"https:\/\/www.bvoltaire.fr\/cinema-comme-un-lundi-film-allegorique-sur-lalienation-au-travail\/\" target=\"_blank\" rel=\"noopener nofollow\">Comme un lundi<\/a>, en mai 2024, sort dans nos salles En boucle. Une com\u00e9die excentrique et pleine de tonus, de Junta Yamaguchi, qui aurait aussi bien pu donner lieu \u00e0 un film anim\u00e9, tant ses com\u00e9diens jouent la carte de l\u2019outrance et de la th\u00e9\u00e2tralit\u00e9. Nettement moins politique, cependant, que l\u2019\u0153uvre de Ry\u014d Takebayashi, qui \u00e9voquait l\u2019ali\u00e9nation au travail, En boucle brille surtout par son utilisation du plan-s\u00e9quence et son cadre enchanteur.<\/p>\n<p>De la tourmente na\u00eet du positif<\/p>\n<p>En effet, le r\u00e9cit suit la vie d\u2019une auberge de Kibune, petit village de montagne \u00e0 proximit\u00e9 de Kyoto dont l\u2019acc\u00e8s difficile et les conditions m\u00e9t\u00e9orologiques al\u00e9atoires ont, semble-t-il, donn\u00e9 toutes les peines du monde \u00e0 l\u2019\u00e9quipe de tournage.<\/p>\n<p>Comme tous les jours, les salari\u00e9s de l\u2019auberge Fujiya s\u2019affairent aupr\u00e8s de leurs clients lorsqu\u2019ils s\u2019aper\u00e7oivent, les uns apr\u00e8s les autres, qu\u2019ils sont prisonniers d\u2019une boucle temporelle et ne cessent de revivre les deux m\u00eames minutes. Un court intervalle qui se r\u00e9p\u00e8te encore et encore mais qui, par chance, n\u2019alt\u00e8re en rien leur m\u00e9moire. Ainsi, plut\u00f4t que de r\u00e9it\u00e9rer inlassablement les m\u00eames conversations, nos personnages s\u2019\u00e9chinent \u00e0 essayer de comprendre ce qui leur arrive et \u00e0 vouloir mettre un terme \u00e0 ce cycle infernal.<\/p>\n<p>Heureusement, nous dit le cin\u00e9aste, de la tourmente na\u00eet toujours du positif\u00a0: un client de l\u2019auberge, sc\u00e9nariste de profession, va enfin retrouver l\u2019inspiration qui lui manquait, quand l\u2019h\u00e9ro\u00efne du r\u00e9cit, une employ\u00e9e des lieux, va pouvoir resserrer ses liens avec un commis de cuisine dont le r\u00eave est de partir en France pour apprendre l\u2019art de la gastronomie.<\/p>\n<p>Trente-six plans-s\u00e9quences<\/p>\n<p>Fort d\u2019une premi\u00e8re exp\u00e9rience sur ce m\u00eame th\u00e8me de la boucle temporelle, avec son tout premier long-m\u00e9trage Beyond the Infinite Two Minutes, sorti en 2020, Junta Yamaguchi voit les choses en plus grand, travaille avec un budget plus cons\u00e9quent et se frotte au tournage en ext\u00e9rieur \u2013 dont il r\u00e9sulte, h\u00e9las, quelques incoh\u00e9rences m\u00e9t\u00e9orologiques dans la narration\u2026<\/p>\n<p>Toujours est-il que le grand m\u00e9rite du cin\u00e9aste est d\u2019avoir tourn\u00e9 chaque boucle temporelle en plan-s\u00e9quence, c\u2019est-\u00e0-dire d\u2019une traite, sans coupure, \u00e0 l\u2019aide de la cam\u00e9ra-\u00e9paule. Un dispositif complexe qui a n\u00e9cessit\u00e9 chaque fois la coordination millim\u00e9tr\u00e9e d\u2019une quinzaine d\u2019acteurs et de l\u2019\u00e9quipe de tournage. Nous arrivons donc, au total, \u00e0 trente-six plans-s\u00e9quences qui d\u00e9butent de la m\u00eame mani\u00e8re avec, certes, des nuances de plus en plus marqu\u00e9es au fil du r\u00e9cit.<\/p>\n<p>L\u2019explication finale quant \u00e0 la cause de ce d\u00e9r\u00e8glement temporel laisse quelque peu dubitatif, mais celle-ci est amen\u00e9e avec une telle candeur que l\u2019on pardonne ais\u00e9ment au cin\u00e9aste ses facilit\u00e9s.<\/p>\n<p>\u00a0<\/p>\n<p>3 \u00e9toiles sur 5<\/p>\n<\/p>\n<p>\u00a0<\/p>\n<p>                    <a href=\"#\" rel=\"nofollow\" onclick=\"window.print(); pfTrackEvent('Cin\u00e9ma\u00a0: &lt;em&gt;En boucle&lt;\/em&gt;, com\u00e9die de science-fiction venue du Japon'); return false;\" title=\"Printer Friendly, PDF &amp; Email\"><br \/>\n                    <img decoding=\"async\" src=\"https:\/\/www.europesays.com\/fr\/wp-content\/uploads\/2025\/04\/printfriendly-icon-sm.png\" alt=\"Print Friendly, PDF &amp; Email\" class=\"pf-button-img\" style=\"width: 17px;height: 17px;\"\/>Imprimer, enregistrer en PDF cet article<br \/>\n                    <\/a><\/p>\n","protected":false},"excerpt":{"rendered":"Le th\u00e8me de la boucle temporelle est d\u00e9cid\u00e9ment un classique, chez les Japonais. Apr\u00e8s Comme un lundi, en&hellip;\n","protected":false},"author":2,"featured_media":352295,"comment_status":"","ping_status":"","sticky":false,"template":"","format":"standard","meta":{"footnotes":""},"categories":[1354],"tags":[58,59,1346,1011,27,1360],"class_list":{"0":"post-352294","1":"post","2":"type-post","3":"status-publish","4":"format-standard","5":"has-post-thumbnail","7":"category-films","8":"tag-divertissement","9":"tag-entertainment","10":"tag-films","11":"tag-fr","12":"tag-france","13":"tag-movies"},"share_on_mastodon":{"url":"https:\/\/pubeurope.com\/@fr\/115112525450193496","error":""},"_links":{"self":[{"href":"https:\/\/www.europesays.com\/fr\/wp-json\/wp\/v2\/posts\/352294","targetHints":{"allow":["GET"]}}],"collection":[{"href":"https:\/\/www.europesays.com\/fr\/wp-json\/wp\/v2\/posts"}],"about":[{"href":"https:\/\/www.europesays.com\/fr\/wp-json\/wp\/v2\/types\/post"}],"author":[{"embeddable":true,"href":"https:\/\/www.europesays.com\/fr\/wp-json\/wp\/v2\/users\/2"}],"replies":[{"embeddable":true,"href":"https:\/\/www.europesays.com\/fr\/wp-json\/wp\/v2\/comments?post=352294"}],"version-history":[{"count":0,"href":"https:\/\/www.europesays.com\/fr\/wp-json\/wp\/v2\/posts\/352294\/revisions"}],"wp:featuredmedia":[{"embeddable":true,"href":"https:\/\/www.europesays.com\/fr\/wp-json\/wp\/v2\/media\/352295"}],"wp:attachment":[{"href":"https:\/\/www.europesays.com\/fr\/wp-json\/wp\/v2\/media?parent=352294"}],"wp:term":[{"taxonomy":"category","embeddable":true,"href":"https:\/\/www.europesays.com\/fr\/wp-json\/wp\/v2\/categories?post=352294"},{"taxonomy":"post_tag","embeddable":true,"href":"https:\/\/www.europesays.com\/fr\/wp-json\/wp\/v2\/tags?post=352294"}],"curies":[{"name":"wp","href":"https:\/\/api.w.org\/{rel}","templated":true}]}}