{"id":352303,"date":"2025-08-29T14:32:13","date_gmt":"2025-08-29T14:32:13","guid":{"rendered":"https:\/\/www.europesays.com\/fr\/352303\/"},"modified":"2025-08-29T14:32:13","modified_gmt":"2025-08-29T14:32:13","slug":"excellente-nouvelle-pour-les-barrages-francais-les-tresors-nationaux-de-lhydroelectricite-sauves-de-la-mise-en-concurrence-demandee-par-bruxelles-29-08-2025-a-1334","status":"publish","type":"post","link":"https:\/\/www.europesays.com\/fr\/352303\/","title":{"rendered":"\u00ab\u00a0Excellente nouvelle\u00a0\u00bb pour les barrages fran\u00e7ais : les tr\u00e9sors nationaux de l&rsquo;hydro\u00e9lectricit\u00e9 sauv\u00e9s de la mise en concurrence demand\u00e9e par Bruxelles? &#8211; 29\/08\/2025 \u00e0 13:34"},"content":{"rendered":"<p> Un compromis a \u00e9t\u00e9 trouv\u00e9 entre la France et la Commission europ\u00e9ennne, mettant fin \u00e0 un d\u00e9saccord de deux d\u00e9cennies qui bloquaient les nouveaux investissements dans le parc hydro\u00e9lectrique fran\u00e7ais.<\/p>\n<p>        <img fetchpriority=\"high\" decoding=\"async\" src=\"https:\/\/www.europesays.com\/fr\/wp-content\/uploads\/2025\/08\/2739aec5dae0a82d2fcc1768c72c0c08-760x507.jpg\" alt=\"Le barrage du lac de Serre-Pon\u00e7on, dans les Hautes-Alpes (illustration) ( AFP \/ NICOLAS TUCAT )\" loading=\"eager\" width=\"760\" height=\"507\" style=\"max-width: 100%!important; height: auto;\"\/><\/p>\n<p class=\"c-image-news__legend\">Le barrage du lac de Serre-Pon\u00e7on, dans les Hautes-Alpes (illustration) ( AFP \/ NICOLAS TUCAT )<\/p>\n<p>\n La fin d&rsquo;une bataille de vingt ans? Paris et Bruxelles sont parvenus \u00e0 un \u00ab\u00a0accord de principe\u00a0\u00bb en vue de la r\u00e9solution des contentieux avec la Commission europ\u00e9enne sur l&rsquo;\u00e9nergie hydro\u00e9lectrique en France, qui emp\u00eachaient de relancer les investissements dans le secteur, a annonc\u00e9 Matignon jeudi 29 ao\u00fbt.\n<\/p>\n<p>\n Cet accord de principe \u00ab\u00a0est une excellente nouvelle\u00a0\u00bb, s&rsquo;est f\u00e9licit\u00e9 le Premier ministre Fran\u00e7ois Bayrou, dans un communiqu\u00e9. \u00ab\u00a0Apr\u00e8s plus de dix ann\u00e9es de pr\u00e9contentieux, une voie a enfin \u00e9t\u00e9 d\u00e9gag\u00e9e pour lever cette situation de blocage et relancer les investissements dans les barrages hydro\u00e9lectriques fran\u00e7ais\u00a0\u00bb, a-t-il ajout\u00e9. Sa mise en oeuvre se fera via une proposition de loi qui sera prochainement d\u00e9pos\u00e9e \u00e0 l&rsquo;initiative des d\u00e9put\u00e9s, a-t-il pr\u00e9cis\u00e9.\n<\/p>\n<p>\n Aujourd&rsquo;hui,<br \/>\n <strong><br \/>\n  les installations hydro\u00e9lectriques en France sont principalement exploit\u00e9es sous le r\u00e9gime de la concession: les ouvrages appartiennent \u00e0 l&rsquo;\u00c9tat qui en confie l&rsquo;exploitation \u00e0 un concessionnaire pendant une dur\u00e9e d\u00e9finie par contrat.<br \/>\n <\/strong><br \/>\n L&rsquo;autre r\u00e9gime, celui de l&rsquo;autorisation, concerne les installations de moins de 4,5 MW. Les exploitants en sont g\u00e9n\u00e9ralement aussi propri\u00e9taires et la dur\u00e9e des autorisations est plafonn\u00e9e \u00e0 75 ans par la loi. Or, selon un rapport parlementaire,<br \/>\n <strong><br \/>\n  le secteur en France souffre d&rsquo;un manque d&rsquo;investissements li\u00e9 au r\u00e9gime de concession \u00e0 l&rsquo;origine des contentieux avec Bruxelles<br \/>\n <\/strong><br \/>\n .\n<\/p>\n<p>\n Faute de visibilit\u00e9 sur l&rsquo;avenir des concessions, les exploitants ne peuvent r\u00e9aliser des investissements non pr\u00e9vus dans leurs cahiers des charges, ni ceux n\u00e9cessaires au bon fonctionnement et au renouvellement des ouvrages, soulignaient les d\u00e9put\u00e9s Marie-No\u00eblle Battistel (PS) et Philippe Bolo (Modem), auteurs de ce rapport publi\u00e9 au printemps. L&rsquo;hydro\u00e9lectricit\u00e9 est la deuxi\u00e8me source de production \u00e9lectrique derri\u00e8re le nucl\u00e9aire et la premi\u00e8re source d&rsquo;\u00e9lectricit\u00e9 renouvelable en France et joue un r\u00f4le majeur dans l&rsquo;\u00e9quilibre du syst\u00e8me \u00e9lectrique.\n<\/p>\n<p> La France et EDF consentent une contrepartie de taille, pas \u00ab\u00a0d&rsquo;Arenh hydro\u00a0\u00bb cependant<\/p>\n<p>\n Le sch\u00e9ma retenu se d\u00e9cline en trois volets, dont le<br \/>\n <strong><br \/>\n  passage d&rsquo;un r\u00e9gime de concession \u00e0 un r\u00e9gime d&rsquo;autorisation<br \/>\n <\/strong><br \/>\n \u00ab\u00a0dans des modalit\u00e9s qui doivent encore \u00eatre pr\u00e9cis\u00e9es\u00a0\u00bb, indique Matignon.\n<\/p>\n<p>\n Le deuxi\u00e8me volet porte sur la<br \/>\n <strong><br \/>\n  possibilit\u00e9 de maintenir les exploitants en place, \u00ab\u00a0indispensable pour garantir la continuit\u00e9 de l&rsquo;exploitation des ouvrages au regard des enjeux de s\u00e9curit\u00e9\u00a0\u00bb,<br \/>\n <\/strong><br \/>\n de gestion de l&rsquo;eau, de maintien des comp\u00e9tences et des emplois locaux et de retour de valeur sur les territoires, ajoutent les services du chef du gouvernement.\n<\/p>\n<p>\n Enfin,<br \/>\n <strong><br \/>\n  l&rsquo;accord de principe pr\u00e9voit la mise \u00e0 disposition par EDF de six gigawatts de capacit\u00e9s hydro\u00e9lectriques \u00ab\u00a0virtuelles\u00a0\u00bb (soit, selon<\/p>\n<p>   Les Echos<\/p>\n<p>  , un tiers de la puissance des barrages) \u00e0 d&rsquo;autres \u00e9nerg\u00e9ticiens et \u00ab\u00a0au b\u00e9n\u00e9fice final des consommateurs\u00a0\u00bb.<br \/>\n <\/strong>\n<\/p>\n<p>\n Pas de quoi y voir cependant une r\u00e9surrection du mod\u00e8le appliqu\u00e9 jusqu&rsquo;\u00e0 fin 2024 \u00e0 \u00ab\u00a0l&rsquo;\u00e9nergie nucl\u00e9aire historique\u00a0\u00bb, qui imposait \u00e0 EDF de vendre une partie de son \u00e9lectricit\u00e9 nucl\u00e9aire \u00e0 prix brad\u00e9s.<br \/>\n <strong><br \/>\n  \u00ab\u00a0Il ne s&rsquo;agira pas pour autant d&rsquo;un Arenh hydro\u00a0\u00bb<br \/>\n <\/strong><br \/>\n , assure ainsi le d\u00e9put\u00e9 Philippe Bolo, membre de l&rsquo;Office parlementaire d&rsquo;\u00e9valuation des choix scientifiques et technologiques (OPECST), dans les colonnes des<\/p>\n<p>  Echos<\/p>\n<p> .\n<\/p>\n<p>\n Ces productions seront mises en vente sous le contr\u00f4le de la Commission de r\u00e9gulation de l&rsquo;\u00e9nergie (CRE) et via des ench\u00e8res concurrentielles. Concr\u00e8tement, ces produits concernent la livraison d&rsquo;un profil de production hydro\u00e9lectrique (barrages fil de l&rsquo;eau, \u00e9clus\u00e9s, lacs&#8230;) mais n&rsquo;ouvrent aucun droit sur la gestion op\u00e9rationnelle des ouvrages, qui reste aux mains de l&rsquo;exploitant.<\/p>\n","protected":false},"excerpt":{"rendered":"Un compromis a \u00e9t\u00e9 trouv\u00e9 entre la France et la Commission europ\u00e9ennne, mettant fin \u00e0 un d\u00e9saccord de&hellip;\n","protected":false},"author":2,"featured_media":352304,"comment_status":"","ping_status":"","sticky":false,"template":"","format":"standard","meta":{"footnotes":""},"categories":[6],"tags":[400,398,408,35,405,33,34,1011,27,403,402,399,404,401,406,407],"class_list":{"0":"post-352303","1":"post","2":"type-post","3":"status-publish","4":"format-standard","5":"has-post-thumbnail","7":"category-economie","8":"tag-action-cac-40","9":"tag-bourse-de-paris","10":"tag-boursorama","11":"tag-business","12":"tag-cotations","13":"tag-economie","14":"tag-economy","15":"tag-fr","16":"tag-france","17":"tag-indices-devises","18":"tag-investir","19":"tag-investissement","20":"tag-marche-boursier","21":"tag-sicav","22":"tag-trackers","23":"tag-warrants"},"share_on_mastodon":{"url":"https:\/\/pubeurope.com\/@fr\/115112545151922438","error":""},"_links":{"self":[{"href":"https:\/\/www.europesays.com\/fr\/wp-json\/wp\/v2\/posts\/352303","targetHints":{"allow":["GET"]}}],"collection":[{"href":"https:\/\/www.europesays.com\/fr\/wp-json\/wp\/v2\/posts"}],"about":[{"href":"https:\/\/www.europesays.com\/fr\/wp-json\/wp\/v2\/types\/post"}],"author":[{"embeddable":true,"href":"https:\/\/www.europesays.com\/fr\/wp-json\/wp\/v2\/users\/2"}],"replies":[{"embeddable":true,"href":"https:\/\/www.europesays.com\/fr\/wp-json\/wp\/v2\/comments?post=352303"}],"version-history":[{"count":0,"href":"https:\/\/www.europesays.com\/fr\/wp-json\/wp\/v2\/posts\/352303\/revisions"}],"wp:featuredmedia":[{"embeddable":true,"href":"https:\/\/www.europesays.com\/fr\/wp-json\/wp\/v2\/media\/352304"}],"wp:attachment":[{"href":"https:\/\/www.europesays.com\/fr\/wp-json\/wp\/v2\/media?parent=352303"}],"wp:term":[{"taxonomy":"category","embeddable":true,"href":"https:\/\/www.europesays.com\/fr\/wp-json\/wp\/v2\/categories?post=352303"},{"taxonomy":"post_tag","embeddable":true,"href":"https:\/\/www.europesays.com\/fr\/wp-json\/wp\/v2\/tags?post=352303"}],"curies":[{"name":"wp","href":"https:\/\/api.w.org\/{rel}","templated":true}]}}