{"id":352305,"date":"2025-08-29T14:33:11","date_gmt":"2025-08-29T14:33:11","guid":{"rendered":"https:\/\/www.europesays.com\/fr\/352305\/"},"modified":"2025-08-29T14:33:11","modified_gmt":"2025-08-29T14:33:11","slug":"une-embarcation-chavire-faisant-69-morts-et-une-centaine-de-disparus","status":"publish","type":"post","link":"https:\/\/www.europesays.com\/fr\/352305\/","title":{"rendered":"une embarcation chavire, faisant 69\u00a0morts et une centaine de disparus"},"content":{"rendered":"\n<p class=\"article__paragraph  \">Au moins 69\u00a0corps ont \u00e9t\u00e9 rep\u00each\u00e9s et des dizaines de personnes restent port\u00e9es disparues, plus de quarante-huit heures apr\u00e8s le naufrage d\u2019une embarcation transportant des migrants, au large de la Mauritanie, selon un nouveau bilan des gardes-c\u00f4tes mauritaniens communiqu\u00e9 vendredi 29\u00a0ao\u00fbt \u00e0 l\u2019Agence France-Presse (AFP).<\/p>\n<p class=\"article__paragraph  \">Un pr\u00e9c\u00e9dent bilan faisait \u00e9tat de 49\u00a0morts et d\u2019une centaine de disparus dans ce naufrage survenu \u00e0 environ 80\u00a0kilom\u00e8tres au nord de la capitale, Nouakchott. \u00ab\u00a0Le nombre de corps rep\u00each\u00e9s a atteint 69\u00a0\u00bb, a rapport\u00e9 \u00e0 l\u2019AFP un responsable des garde-c\u00f4tes mauritaniens, qui avait pr\u00e9c\u00e9demment d\u00e9clar\u00e9 que l\u2019embarcation transportait 160 personnes et que 17\u00a0survivants avaient \u00e9t\u00e9 secourus.<\/p>\n<p class=\"article__paragraph  \">La Mauritanie, pays majoritairement d\u00e9sertique d\u2019Afrique de l\u2019Ouest, bord\u00e9 par plus de 700\u00a0kilom\u00e8tres de c\u00f4te sur l\u2019Atlantique, est devenue ces derni\u00e8res ann\u00e9es un point de d\u00e9part pour de nombreux migrants qui tentent de rejoindre l\u2019Europe par la mer.<\/p>\n<p>                                     Lire le reportage |  Article r\u00e9serv\u00e9 \u00e0 nos abonn\u00e9s  <a href=\"https:\/\/www.lemonde.fr\/afrique\/article\/2025\/07\/11\/des-operations-policieres-vertigineuses-la-mauritanie-durcit-sa-politique-migratoire-sous-la-pression-de-l-europe_6620617_3212.html\" class=\"js-article-read-also catcher--favoris__link\" data-premium=\"1\" id=\"article-title-3429520\" rel=\"nofollow noopener\" target=\"_blank\">Des op\u00e9rations polici\u00e8res \u00ab\u00a0vertigineuses\u00a0\u00bb\u00a0: la Mauritanie durcit sa politique migratoire sous la pression de l\u2019Europe<\/a>    <\/p>\n<p>   Lire plus tard  <\/p>\n<p>                        Plus de 10\u00a0000\u00a0morts en\u00a02024                  <\/p>\n<p class=\"article__paragraph  \">L\u2019embarcation \u00ab\u00a0avait quitt\u00e9 la Gambie depuis une semaine\u00a0\u00bb avec notamment \u00e0 bord \u00ab\u00a0des S\u00e9n\u00e9galais et des Gambiens\u00a0\u00bb, a expliqu\u00e9 le responsable des garde-c\u00f4tes mauritaniens. \u00ab\u00a0Au moment o\u00f9 les migrants ont aper\u00e7u les lumi\u00e8res de Lemhaijratt, ils se sont tous mis d\u2019un c\u00f4t\u00e9, provoquant son chavirement\u00a0\u00bb, a-t-il ajout\u00e9.<\/p>\n<p class=\"article__paragraph  \">Des dizaines de milliers de migrants sont morts ces derni\u00e8res ann\u00e9es en tentant de rejoindre l\u2019Europe depuis l\u2019Afrique via l\u2019archipel espagnol des Canaries, \u00e0 bord d\u2019embarcations souvent surcharg\u00e9es. Sur la seule ann\u00e9e 2024, l\u2019ONG espagnole Caminando Fronteras a \u00e9tabli un bilan de 10\u00a0457\u00a0personnes mortes ou disparues en mer. Apr\u00e8s une ann\u00e9e record en\u00a02024, marqu\u00e9e par l\u2019arriv\u00e9e de 46\u00a0843\u00a0migrants aux Canaries, le rythme s\u2019est nettement ralenti ces derniers mois, selon le minist\u00e8re de l\u2019int\u00e9rieur espagnol. Celui-ci a recens\u00e9 10\u00a0882\u00a0arriv\u00e9es entre janvier et mi-mai, soit une baisse de 34,4\u00a0% par rapport \u00e0 la m\u00eame p\u00e9riode l\u2019ann\u00e9e pr\u00e9c\u00e9dente.<\/p>\n<p class=\"author__detail\">  Le Monde avec AFP  <\/p>\n","protected":false},"excerpt":{"rendered":"Au moins 69\u00a0corps ont \u00e9t\u00e9 rep\u00each\u00e9s et des dizaines de personnes restent port\u00e9es disparues, plus de quarante-huit heures&hellip;\n","protected":false},"author":2,"featured_media":352306,"comment_status":"","ping_status":"","sticky":false,"template":"","format":"standard","meta":{"footnotes":""},"categories":[5],"tags":[11,1011,27,14,12,28],"class_list":{"0":"post-352305","1":"post","2":"type-post","3":"status-publish","4":"format-standard","5":"has-post-thumbnail","7":"category-international","8":"tag-actualites","9":"tag-fr","10":"tag-france","11":"tag-international","12":"tag-news","13":"tag-world"},"share_on_mastodon":{"url":"https:\/\/pubeurope.com\/@fr\/115112549084908510","error":""},"_links":{"self":[{"href":"https:\/\/www.europesays.com\/fr\/wp-json\/wp\/v2\/posts\/352305","targetHints":{"allow":["GET"]}}],"collection":[{"href":"https:\/\/www.europesays.com\/fr\/wp-json\/wp\/v2\/posts"}],"about":[{"href":"https:\/\/www.europesays.com\/fr\/wp-json\/wp\/v2\/types\/post"}],"author":[{"embeddable":true,"href":"https:\/\/www.europesays.com\/fr\/wp-json\/wp\/v2\/users\/2"}],"replies":[{"embeddable":true,"href":"https:\/\/www.europesays.com\/fr\/wp-json\/wp\/v2\/comments?post=352305"}],"version-history":[{"count":0,"href":"https:\/\/www.europesays.com\/fr\/wp-json\/wp\/v2\/posts\/352305\/revisions"}],"wp:featuredmedia":[{"embeddable":true,"href":"https:\/\/www.europesays.com\/fr\/wp-json\/wp\/v2\/media\/352306"}],"wp:attachment":[{"href":"https:\/\/www.europesays.com\/fr\/wp-json\/wp\/v2\/media?parent=352305"}],"wp:term":[{"taxonomy":"category","embeddable":true,"href":"https:\/\/www.europesays.com\/fr\/wp-json\/wp\/v2\/categories?post=352305"},{"taxonomy":"post_tag","embeddable":true,"href":"https:\/\/www.europesays.com\/fr\/wp-json\/wp\/v2\/tags?post=352305"}],"curies":[{"name":"wp","href":"https:\/\/api.w.org\/{rel}","templated":true}]}}