{"id":352313,"date":"2025-08-29T14:37:10","date_gmt":"2025-08-29T14:37:10","guid":{"rendered":"https:\/\/www.europesays.com\/fr\/352313\/"},"modified":"2025-08-29T14:37:10","modified_gmt":"2025-08-29T14:37:10","slug":"transports-dans-la-metropole-de-saint-etienne-ce-qui-change-a-la-stas-cette-annee","status":"publish","type":"post","link":"https:\/\/www.europesays.com\/fr\/352313\/","title":{"rendered":"Transports dans la m\u00e9tropole de Saint-\u00c9tienne : ce qui change \u00e0 la STAS cette ann\u00e9e"},"content":{"rendered":"<p>Billettique, bus et trolleys \u00e9colos, pas de changements au niveau des prix : il y a du changement \u00e0 la STAS pour la nouvelle ann\u00e9e. On fait le point.<\/p>\n<p>Pour cette rentr\u00e9e 2025, la STAS modernise son r\u00e9seau avec de nombreuses nouveaut\u00e9s : nouvelles lignes de bus pour mieux desservir la m\u00e9tropole, trolleybus \u00e9lectriques, bus au bio-gaz, signal\u00e9tique repens\u00e9e et billettique simplifi\u00e9e.<\/p>\n<p>Un syst\u00e8me de billettique modernis\u00e9<\/p>\n<p>Depuis le 24 juin, <a class=\"url\" href=\"https:\/\/radioscoop.com\/infos\/video-saint-etienne-vous-pouvez-desormais-acheter-votre-billet-dans-le-bus-avec-votre-cb_305607\" target=\"_blank\" rel=\"noopener\">la nouvelle billettique est en service<\/a>. Un seul valideur pour tous les supports, carte bancaire sans contact, carte O\u00f9ra ou QR code, \u00e9quipe d\u00e9sormais les bus, tramways et trolleybus.<\/p>\n<p>Plus de 700.000 validations par carte bancaire ont d\u00e9j\u00e0 \u00e9t\u00e9 enregistr\u00e9es en un an.<\/p>\n<p>Des bus et trolleys \u00e9colos \u00e0 la STAS<\/p>\n<p>La transition \u00e9nerg\u00e9tique s&rsquo;acc\u00e9l\u00e8re avec 39 nouveaux v\u00e9hicules :<br \/>&#8211; 8 trolleybus articul\u00e9s 100 % \u00e9lectriques pour la ligne M6, silencieux, climatis\u00e9s et plus accessibles.<\/p>\n<p>&#8211; 31 bus roulant au bio-gaz, qui seront d\u00e9ploy\u00e9s sur les lignes M2 et M5 d\u00e8s 2026, r\u00e9duisant les \u00e9missions de CO2.<\/p>\n<p>&#8211; Des am\u00e9nagements ont aussi \u00e9t\u00e9 r\u00e9alis\u00e9s, comme l&rsquo;agrandissement des quais sur la ligne M5 ou la reconfiguration du p\u00f4le d&rsquo;\u00e9change Square Violette pour fluidifier les correspondances.<\/p>\n<p>Des tarifs inchang\u00e9s \u00e0 la STAS ?<\/p>\n<p>Les abonnements :<br \/>Dix euros par mois pour les jeunes, seniors, b\u00e9n\u00e9ficiaires de la CSS ou personnes \u00e0 mobilit\u00e9 r\u00e9duite.<\/p>\n<p>Des lignes de bus \u00e9largies<\/p>\n<p>Depuis le 25 ao\u00fbt, la ligne 39 de bus est prolong\u00e9e jusqu&rsquo;\u00e0 Chamb\u0153uf et Saint-Galmier pour mieux desservir la Plaine du Forez.<\/p>\n<p>Un service de transport \u00e0 la demande (TAD) \u00e9largi jusqu&rsquo;\u00e0 Saint-Paul-en-Cornillon sur la ligne 34 de bus.<\/p>\n<p><img loading=\"lazy\" decoding=\"async\" src=\"https:\/\/www.europesays.com\/fr\/wp-content\/uploads\/2025\/08\/1756478230_407_img\" width=\"350\" height=\"200\" border=\"0\" title=\"La patrouille de France va survoler Saint-\u00c3\u0089tienne le 11 septembre 2025\"\/><\/p>\n<p>\u25baSoci\u00e9t\u00e9<\/p>\n<p style=\"font-size: 22px;\"><b>La Patrouille de France va survoler Saint-\u00c9tienne en septembre !<\/b><\/p>\n<p>Dans le cadre de l&rsquo;op\u00e9ration \u00ab\u00a0Septembre Rouge\u00a0\u00bb&#8230;<\/p>\n<p><\/p>\n","protected":false},"excerpt":{"rendered":"Billettique, bus et trolleys \u00e9colos, pas de changements au niveau des prix : il y a du changement&hellip;\n","protected":false},"author":2,"featured_media":352314,"comment_status":"","ping_status":"","sticky":false,"template":"","format":"standard","meta":{"footnotes":""},"categories":[9653],"tags":[1111,11,2430,1777,674,1011,27,10958,12,25,9920,4001,24434,800],"class_list":{"0":"post-352313","1":"post","2":"type-post","3":"status-publish","4":"format-standard","5":"has-post-thumbnail","7":"category-saint-etienne","8":"tag-actu","9":"tag-actualites","10":"tag-auvergne-rhone-alpes","11":"tag-eu","12":"tag-europe","13":"tag-fr","14":"tag-france","15":"tag-mtropole","16":"tag-news","17":"tag-republique-francaise","18":"tag-saint-tienne","19":"tag-saint-etienne","20":"tag-stas","21":"tag-transports"},"share_on_mastodon":{"url":"https:\/\/pubeurope.com\/@fr\/115112564829082498","error":""},"_links":{"self":[{"href":"https:\/\/www.europesays.com\/fr\/wp-json\/wp\/v2\/posts\/352313","targetHints":{"allow":["GET"]}}],"collection":[{"href":"https:\/\/www.europesays.com\/fr\/wp-json\/wp\/v2\/posts"}],"about":[{"href":"https:\/\/www.europesays.com\/fr\/wp-json\/wp\/v2\/types\/post"}],"author":[{"embeddable":true,"href":"https:\/\/www.europesays.com\/fr\/wp-json\/wp\/v2\/users\/2"}],"replies":[{"embeddable":true,"href":"https:\/\/www.europesays.com\/fr\/wp-json\/wp\/v2\/comments?post=352313"}],"version-history":[{"count":0,"href":"https:\/\/www.europesays.com\/fr\/wp-json\/wp\/v2\/posts\/352313\/revisions"}],"wp:featuredmedia":[{"embeddable":true,"href":"https:\/\/www.europesays.com\/fr\/wp-json\/wp\/v2\/media\/352314"}],"wp:attachment":[{"href":"https:\/\/www.europesays.com\/fr\/wp-json\/wp\/v2\/media?parent=352313"}],"wp:term":[{"taxonomy":"category","embeddable":true,"href":"https:\/\/www.europesays.com\/fr\/wp-json\/wp\/v2\/categories?post=352313"},{"taxonomy":"post_tag","embeddable":true,"href":"https:\/\/www.europesays.com\/fr\/wp-json\/wp\/v2\/tags?post=352313"}],"curies":[{"name":"wp","href":"https:\/\/api.w.org\/{rel}","templated":true}]}}