{"id":352323,"date":"2025-08-29T14:42:15","date_gmt":"2025-08-29T14:42:15","guid":{"rendered":"https:\/\/www.europesays.com\/fr\/352323\/"},"modified":"2025-08-29T14:42:15","modified_gmt":"2025-08-29T14:42:15","slug":"soccuper-des-gens-plutot-que-des-travaux-lecologiste-jean-louis-roumegas-donne-le-ton-pour-les-municipales","status":"publish","type":"post","link":"https:\/\/www.europesays.com\/fr\/352323\/","title":{"rendered":"\u00ab\u00a0S\u2019occuper des gens plut\u00f4t que des travaux\u00a0\u00bb\u00a0: l\u2019\u00e9cologiste Jean-Louis Roum\u00e9gas donne le ton pour les municipales"},"content":{"rendered":"<p>\n                                                                Le candidat \u00e9cologiste veut mettre les Montpelli\u00e9rains au c\u0153ur de son projet. Il annonce que son programme sera construit avec eux, \u00e0 travers quatre forums citoyens.\n                            <\/p>\n<p>Avec les deux millions de signatures contre la loi Duplomb et l\u2019appel du 10\u00a0septembre, les citoyens ont fait irruption dans le champ politique, cet \u00e9t\u00e9. Jean-Louis Roum\u00e9gas, candidat \u00e9cologiste aux municipales (15 et 22\u00a0mars 2026) de Montpellier y a vu un signe.<\/p>\n<p>\u00ab\u00a0Nous voulons justement construire une liste citoyenne\u00a0\u00bb, explique le d\u00e9put\u00e9 \u00e9cologiste de la 1re circonscription de l\u2019H\u00e9rault, qui donnerait \u00ab\u00a0la priorit\u00e9 au mandat de maire en cas d\u2019\u00e9lection\u00a0\u00bb.<\/p>\n<p>\u00ab\u00a0Nous organiserons quatre forums citoyens de septembre \u00e0 d\u00e9cembre pour construire notre programme avec les Montpelli\u00e9rains, et le premier aura d\u2019ailleurs pour th\u00e8me la d\u00e9mocratie participative\u00a0\u00bb, pr\u00e9cise Boris Chenaud.<\/p>\n<p>\u00ab\u00a0C\u2019est justement la volont\u00e9 de coconstruire un projet qui nous a plu\u2005dans ce projet\u00a0\u00bb, ajoute K\u00e9vin Hoareau, du mouvement G\u00e9n\u00e9ration. s (fond\u00e9 par Beno\u00eet Hamon). Celui-ci, qui compte \u00ab\u00a0une centaine d\u2019adh\u00e9rents \u00e0 Montpellier\u00a0\u00bb, a officialis\u00e9 ce vendredi son soutien \u00e0 Roum\u00e9gas.<\/p>\n<p>\u00ab\u00a0Absence de dialogue de la part de la municipalit\u00e9\u00a0\u00bb<\/p>\n<p>Si les verts montpelli\u00e9rains se d\u00e9marquent de Delafosse, \u00ab\u00a0c\u2019est d\u2019abord \u00e0 cause de nos divergences sur le fond, \u00e0 l\u2019image de l\u2019incin\u00e9rateur aux Grisettes ou du Contournement Ouest de Montpellier qui seront de gros \u00e9metteurs de CO2, alors qu\u2019il est urgent de les r\u00e9duire\u00a0\u00bb, souligne Coralie Mantion, ex-vice-pr\u00e9sidente de la M\u00e9tropole.<\/p>\n<p>\u00ab\u00a0Le tr\u00e8s gros point faible de cette municipalit\u00e9, c\u2019est aussi l\u2019absence de dialogue avec les Montpelli\u00e9rains, encha\u00eene Jean-Louis Roum\u00e9gas. On l\u2019a vu sur les quatre boulevards ou sur la ZAC Mosson Sud qui a r\u00e9uni 12\u00a0000 avis d\u00e9favorables, ce qui est du jamais-vu.\u2005Ces citoyens ne refusaient pas le transfert de la clinique Cl\u00e9mentville \u00e0 la Mosson mais disaient surtout non au d\u00e9m\u00e9nagement impos\u00e9 \u00e0 la mosqu\u00e9e\u00a0\u00bb.<\/p>\n<p>\u00ab\u00a0Dans les \u00e9coles, la priorit\u00e9 a \u00e9t\u00e9 donn\u00e9e aux travaux et non \u00e0 l\u2019humain. \u00c7a se traduit par l\u2019absence de remplacements du personnel municipal en cas de maladie, et un manque d\u2019Atsem et de personnel d\u2019entretien.\u00a0\u00bb<\/p>\n<p>Une union qui reste en chantier<\/p>\n<p>\u00ab\u00a0Nous organiserons un rassemblement national autour des quartiers populaires, le 27\u00a0septembre, \u00e0 Montpellier, en pr\u00e9sence de marine Tondelier (secr\u00e9taire nationale Les \u00c9cologistes)\u00a0\u00bb, annonce Nordine Maktoubi. \u00ab\u00a0Ces quartiers sont aussi les premi\u00e8res victimes des d\u00e9sordres \u00e9cologiques.\u00a0\u00bb<\/p>\n<p>En fin de semaine prochaine, la liste conduite par Jean-Louis Roumegas pr\u00e9sentera le local de campagne de son \u00e9quipe, \u00ab\u00a0situ\u00e9 en plein centre-ville\u00a0\u00bb, et le nom de sa liste. Un pas suppl\u00e9mentaire vers les municipales.<\/p>\n<p>\u00ab\u00a0On veut constituer une alternative \u00e0 Montpellier. On est inquiet des divisions que le PS et LFI cr\u00e9ent \u00e0 gauche, mais on a h\u00e2te de d\u00e9battre avec eux. Car notre objectif, c\u2019est de rassembler les forces de gauche\u00a0\u00bb.<\/p>\n<p>Une union qui reste en chantier. Dans une lettre ouverte \u00e0 Jean-Louis Roum\u00e9gas, Manu Reynaud, pr\u00e9sident du groupe des \u00e9lu-es \u00c9cologistes pour Montpellier, a invit\u00e9 son \u00ab\u00a0camarade\u00a0\u00bb \u00e0 \u00ab\u00a0ne pas trahir l\u2019union de la gauche et des \u00e9cologistes\u00a0\u00bb\u2026<\/p>\n","protected":false},"excerpt":{"rendered":"Le candidat \u00e9cologiste veut mettre les Montpelli\u00e9rains au c\u0153ur de son projet. Il annonce que son programme sera&hellip;\n","protected":false},"author":2,"featured_media":352324,"comment_status":"","ping_status":"","sticky":false,"template":"","format":"standard","meta":{"footnotes":""},"categories":[9599],"tags":[1111,11,1777,674,1011,27,2208,12,2680,25],"class_list":{"0":"post-352323","1":"post","2":"type-post","3":"status-publish","4":"format-standard","5":"has-post-thumbnail","7":"category-montpellier","8":"tag-actu","9":"tag-actualites","10":"tag-eu","11":"tag-europe","12":"tag-fr","13":"tag-france","14":"tag-montpellier","15":"tag-news","16":"tag-occitanie","17":"tag-republique-francaise"},"share_on_mastodon":{"url":"https:\/\/pubeurope.com\/@fr\/115112584410739081","error":""},"_links":{"self":[{"href":"https:\/\/www.europesays.com\/fr\/wp-json\/wp\/v2\/posts\/352323","targetHints":{"allow":["GET"]}}],"collection":[{"href":"https:\/\/www.europesays.com\/fr\/wp-json\/wp\/v2\/posts"}],"about":[{"href":"https:\/\/www.europesays.com\/fr\/wp-json\/wp\/v2\/types\/post"}],"author":[{"embeddable":true,"href":"https:\/\/www.europesays.com\/fr\/wp-json\/wp\/v2\/users\/2"}],"replies":[{"embeddable":true,"href":"https:\/\/www.europesays.com\/fr\/wp-json\/wp\/v2\/comments?post=352323"}],"version-history":[{"count":0,"href":"https:\/\/www.europesays.com\/fr\/wp-json\/wp\/v2\/posts\/352323\/revisions"}],"wp:featuredmedia":[{"embeddable":true,"href":"https:\/\/www.europesays.com\/fr\/wp-json\/wp\/v2\/media\/352324"}],"wp:attachment":[{"href":"https:\/\/www.europesays.com\/fr\/wp-json\/wp\/v2\/media?parent=352323"}],"wp:term":[{"taxonomy":"category","embeddable":true,"href":"https:\/\/www.europesays.com\/fr\/wp-json\/wp\/v2\/categories?post=352323"},{"taxonomy":"post_tag","embeddable":true,"href":"https:\/\/www.europesays.com\/fr\/wp-json\/wp\/v2\/tags?post=352323"}],"curies":[{"name":"wp","href":"https:\/\/api.w.org\/{rel}","templated":true}]}}