{"id":352325,"date":"2025-08-29T14:43:11","date_gmt":"2025-08-29T14:43:11","guid":{"rendered":"https:\/\/www.europesays.com\/fr\/352325\/"},"modified":"2025-08-29T14:43:11","modified_gmt":"2025-08-29T14:43:11","slug":"amiens-sc-football-lavant-match-montpellier-hsc","status":"publish","type":"post","link":"https:\/\/www.europesays.com\/fr\/352325\/","title":{"rendered":"Amiens SC Football &#8211; L&rsquo;AVANT-MATCH | MONTPELLIER HSC"},"content":{"rendered":"<p><strong>Cap au sud pour notre quatri\u00e8me rendez-vous de la saison, avec un d\u00e9placement sur la pelouse du Montpellier HSC. Une \u00e9quipe rel\u00e9gu\u00e9e de Ligue 1, mais qui peine \u00e0 lancer sa saison \u00e0 domicile.<\/strong><\/p>\n<p>&#13;<\/p>\n<p><strong>Les confrontations r\u00e9centes tournent \u00e0 l\u2019avantage de Montpellier<\/strong><\/p>\n<p>&#13;<\/p>\n<p>Montpell ier a remport\u00e9 quatre de ses cinq derniers matches toutes comp\u00e9titions confondues contre Amiens (1 nul).<\/p>\n<p>&#13;<\/p>\n<p><strong>Le bilan ami\u00e9nois au stade de la Mosson en Ligue 2<\/strong><\/p>\n<p>&#13;<\/p>\n<p>L\u2019Amiens SC s\u2019est impos\u00e9 \u00e0 deux reprises \u00e0 la Mosson depuis la saison 2004-2005 :<\/p>\n<p>&#13;<\/p>\n<ul>\n<li>0-2 le 13 septembre 2004 (7e journ\u00e9e)<\/li>\n<li>1-2 le 27 octobre 2006 (13e journ\u00e9e)<\/li>\n<\/ul>\n<p>&#13;<\/p>\n<p>En revanche, les Picards ont conc\u00e9d\u00e9 trois d\u00e9faites :<\/p>\n<p>&#13;<\/p>\n<ul>\n<li>2-1 le 18 ao\u00fbt 2005 (4e journ\u00e9e)<\/li>\n<li>2-0 le 14 mars 2008 (28e journ\u00e9e)<\/li>\n<li>2-1 le 8 ao\u00fbt 2008 (2e journ\u00e9e)<\/li>\n<\/ul>\n<p>&#13;<\/p>\n<p><strong>Montpellier en panne \u00e0 domicile<\/strong><\/p>\n<p>&#13;<\/p>\n<p>Les H\u00e9raultais n\u2019ont remport\u00e9 aucune de leurs huit derni\u00e8res r\u00e9ceptions en championnat (2 nuls, 6 d\u00e9faites). Il s\u2019agit de leur plus longue disette depuis f\u00e9vrier-septembre 2018, o\u00f9 la s\u00e9rie avait atteint 9 matches sans victoire en Ligue 1.<\/p>\n<p>&#13;<\/p>\n<p><strong>Teddy Averlant peut entrer dans l\u2019histoire<\/strong><\/p>\n<p>&#13;<\/p>\n<p>Buteur lors de son tout premier d\u00e9placement avec Amiens en Ligue 2 (doubl\u00e9 au Red Star), Teddy Averlant peut devenir le premier joueur ami\u00e9nois \u00e0 marquer lors de ses deux premiers matches \u00e0 l\u2019ext\u00e9rieur en Ligue 1 + Ligue 2 sur les 10 derni\u00e8res ann\u00e9es.<\/p>\n<p>&#13;<\/p>\n<p><strong>Alexandre Mendy, buteur de r\u00e9f\u00e9rence en Ligue 2<\/strong><\/p>\n<p>&#13;<\/p>\n<p>Avec 72 buts inscrits en six saisons, Alexandre Mendy est le meilleur buteur en activit\u00e9 de Ligue 2 :<\/p>\n<p>&#13;<\/p>\n<ul>\n<li>3 buts avec N\u00eemes<\/li>\n<li>69 buts avec Caen (2020-2025)<\/li>\n<\/ul>\n<p>&#13;<\/p>\n<p>Aujourd\u2019hui \u00e2g\u00e9 de 31 ans et \u00e9voluant sous les couleurs de Montpellier, il occupe la 45e place du classement des meilleurs buteurs de Ligue 2 depuis 1975-1976, \u00e0 \u00e9galit\u00e9 avec Tony Cascarino et Jorge Dominguez (72).<\/p>\n<p>&#13;<\/p>\n","protected":false},"excerpt":{"rendered":"Cap au sud pour notre quatri\u00e8me rendez-vous de la saison, avec un d\u00e9placement sur la pelouse du Montpellier&hellip;\n","protected":false},"author":2,"featured_media":352326,"comment_status":"","ping_status":"","sticky":false,"template":"","format":"standard","meta":{"footnotes":""},"categories":[9599],"tags":[1111,11,1777,674,1011,27,2208,12,2680,25],"class_list":{"0":"post-352325","1":"post","2":"type-post","3":"status-publish","4":"format-standard","5":"has-post-thumbnail","7":"category-montpellier","8":"tag-actu","9":"tag-actualites","10":"tag-eu","11":"tag-europe","12":"tag-fr","13":"tag-france","14":"tag-montpellier","15":"tag-news","16":"tag-occitanie","17":"tag-republique-francaise"},"share_on_mastodon":{"url":"https:\/\/pubeurope.com\/@fr\/115112588245487364","error":""},"_links":{"self":[{"href":"https:\/\/www.europesays.com\/fr\/wp-json\/wp\/v2\/posts\/352325","targetHints":{"allow":["GET"]}}],"collection":[{"href":"https:\/\/www.europesays.com\/fr\/wp-json\/wp\/v2\/posts"}],"about":[{"href":"https:\/\/www.europesays.com\/fr\/wp-json\/wp\/v2\/types\/post"}],"author":[{"embeddable":true,"href":"https:\/\/www.europesays.com\/fr\/wp-json\/wp\/v2\/users\/2"}],"replies":[{"embeddable":true,"href":"https:\/\/www.europesays.com\/fr\/wp-json\/wp\/v2\/comments?post=352325"}],"version-history":[{"count":0,"href":"https:\/\/www.europesays.com\/fr\/wp-json\/wp\/v2\/posts\/352325\/revisions"}],"wp:featuredmedia":[{"embeddable":true,"href":"https:\/\/www.europesays.com\/fr\/wp-json\/wp\/v2\/media\/352326"}],"wp:attachment":[{"href":"https:\/\/www.europesays.com\/fr\/wp-json\/wp\/v2\/media?parent=352325"}],"wp:term":[{"taxonomy":"category","embeddable":true,"href":"https:\/\/www.europesays.com\/fr\/wp-json\/wp\/v2\/categories?post=352325"},{"taxonomy":"post_tag","embeddable":true,"href":"https:\/\/www.europesays.com\/fr\/wp-json\/wp\/v2\/tags?post=352325"}],"curies":[{"name":"wp","href":"https:\/\/api.w.org\/{rel}","templated":true}]}}