{"id":352331,"date":"2025-08-29T14:48:13","date_gmt":"2025-08-29T14:48:13","guid":{"rendered":"https:\/\/www.europesays.com\/fr\/352331\/"},"modified":"2025-08-29T14:48:13","modified_gmt":"2025-08-29T14:48:13","slug":"un-match-de-hockey-sous-haute-surveillance","status":"publish","type":"post","link":"https:\/\/www.europesays.com\/fr\/352331\/","title":{"rendered":"un match de hockey sous haute surveillance"},"content":{"rendered":"<p>Le match de hockey-sur-glace qui opposera, samedi soir \u00e0 la patinoire Polesud, les Br\u00fbleurs de loups aux Taureaux de Zoug est class\u00e9 \u00ab\u00a0\u00e0 risques\u00a0\u00bb par les autorit\u00e9s en raison de comportements jug\u00e9s parfois excessifs de certains supporters de l\u2019\u00e9quipe suisse.<\/p>\n<p>Un dispositif renforc\u00e9 a donc \u00e9t\u00e9 pr\u00e9vu par les forces de l\u2019ordre pour assurer la s\u00e9curit\u00e9 et le maintien de l\u2019ordre en marge de la rencontre.<\/p>\n<p>Des policiers de la compagnie d\u00e9partementale d\u2019intervention, de la brigade anticriminalit\u00e9, de l\u2019unit\u00e9 canine l\u00e9g\u00e8re et de la CRS seront ainsi mobilis\u00e9s dans et aux abords de la patinoire tout au long de la soir\u00e9e.<\/p>\n","protected":false},"excerpt":{"rendered":"Le match de hockey-sur-glace qui opposera, samedi soir \u00e0 la patinoire Polesud, les Br\u00fbleurs de loups aux Taureaux&hellip;\n","protected":false},"author":2,"featured_media":352332,"comment_status":"","ping_status":"","sticky":false,"template":"","format":"standard","meta":{"footnotes":""},"categories":[9566],"tags":[1111,11,2430,112,1777,674,274,1011,27,2731,2732,108,12,25],"class_list":{"0":"post-352331","1":"post","2":"type-post","3":"status-publish","4":"format-standard","5":"has-post-thumbnail","7":"category-grenoble","8":"tag-actu","9":"tag-actualites","10":"tag-auvergne-rhone-alpes","11":"tag-edition-grenoble-agglomeration","12":"tag-eu","13":"tag-europe","14":"tag-faits-divers-justice","15":"tag-fr","16":"tag-france","17":"tag-grenoble","18":"tag-grenoble-bassin","19":"tag-isere","20":"tag-news","21":"tag-republique-francaise"},"share_on_mastodon":{"url":"https:\/\/pubeurope.com\/@fr\/115112607999508083","error":""},"_links":{"self":[{"href":"https:\/\/www.europesays.com\/fr\/wp-json\/wp\/v2\/posts\/352331","targetHints":{"allow":["GET"]}}],"collection":[{"href":"https:\/\/www.europesays.com\/fr\/wp-json\/wp\/v2\/posts"}],"about":[{"href":"https:\/\/www.europesays.com\/fr\/wp-json\/wp\/v2\/types\/post"}],"author":[{"embeddable":true,"href":"https:\/\/www.europesays.com\/fr\/wp-json\/wp\/v2\/users\/2"}],"replies":[{"embeddable":true,"href":"https:\/\/www.europesays.com\/fr\/wp-json\/wp\/v2\/comments?post=352331"}],"version-history":[{"count":0,"href":"https:\/\/www.europesays.com\/fr\/wp-json\/wp\/v2\/posts\/352331\/revisions"}],"wp:featuredmedia":[{"embeddable":true,"href":"https:\/\/www.europesays.com\/fr\/wp-json\/wp\/v2\/media\/352332"}],"wp:attachment":[{"href":"https:\/\/www.europesays.com\/fr\/wp-json\/wp\/v2\/media?parent=352331"}],"wp:term":[{"taxonomy":"category","embeddable":true,"href":"https:\/\/www.europesays.com\/fr\/wp-json\/wp\/v2\/categories?post=352331"},{"taxonomy":"post_tag","embeddable":true,"href":"https:\/\/www.europesays.com\/fr\/wp-json\/wp\/v2\/tags?post=352331"}],"curies":[{"name":"wp","href":"https:\/\/api.w.org\/{rel}","templated":true}]}}