{"id":352333,"date":"2025-08-29T14:49:32","date_gmt":"2025-08-29T14:49:32","guid":{"rendered":"https:\/\/www.europesays.com\/fr\/352333\/"},"modified":"2025-08-29T14:49:32","modified_gmt":"2025-08-29T14:49:32","slug":"vigilance-declenchee-dans-les-quatre-departements-ces-24-prochaines-heures","status":"publish","type":"post","link":"https:\/\/www.europesays.com\/fr\/352333\/","title":{"rendered":"vigilance d\u00e9clench\u00e9e dans les quatre d\u00e9partements ces 24 prochaines heures"},"content":{"rendered":"<p>            Par<br \/>\n        <strong><br \/>\n            <a href=\"https:\/\/actu.fr\/auteur\/brian-legoff\" title=\"Consulter tous les articles de Brian Le Goff\" target=\"_blank\" rel=\"noopener\">Brian Le Goff<\/a><br \/>\n        <\/strong><\/p>\n<p>        Publi\u00e9 le<\/p>\n<p>            28 ao\u00fbt 2025 \u00e0 13h12        <\/p>\n<p><strong>Le temps est perturb\u00e9 et il va le rester<\/strong> encore ces prochains jours en <a href=\"https:\/\/actu.fr\/bretagne\/\" target=\"_blank\" rel=\"noopener\">Bretagne<\/a>. En effet, alors que des averses traversent r\u00e9guli\u00e8rement la r\u00e9gion, l\u2019instabilit\u00e9 s\u2019accentue jeudi\u00a028 et vendredi 29\u00a0ao\u00fbt.<\/p>\n<p class=\" wall-content\">Dans ces conditions, <a href=\"https:\/\/actu.fr\/tag\/meteo-france\" target=\"_blank\" rel=\"noopener\">M\u00e9t\u00e9o France<\/a> place le d\u00e9partement d\u2019<a href=\"https:\/\/actu.fr\/bretagne\/ille-et-vilaine_35\" target=\"_blank\" rel=\"noopener\">Ille-et-Vilaine<\/a> en <strong>vigilance jaune orages ce jeudi, de 14h \u00e0 18h<\/strong>.<\/p>\n<p class=\" wall-content\">\u00ab\u2009Les nuages prennent de l\u2019ampleur en cette mi-journ\u00e9e avec un d\u00e9veloppement un peu plus vertical li\u00e9 au fait que les temp\u00e9ratures au sol sont relativement douces, autour de 20 \u00b0C, mais tr\u00e8s froides en altitude, (avec -18 \u00b0C \u00e0 5\u2009000 m\u00e8tres), engendrant un conflit de masses d\u2019air\u2009\u00bb, explique <strong>S\u00e9bastien Decaux<\/strong>, de <a href=\"https:\/\/www.meteo.bzh\/\" target=\"_blank\" rel=\"noopener\">M\u00e9t\u00e9o Bretagne<\/a>.<\/p>\n<p class=\" wall-content\">\n<p class=\" wall-content\">Il y a donc un <strong>risque d\u2019averses orageuses<\/strong>, notamment en Ille-et-Vilaine, mais aussi sur le nord de la r\u00e9gion et en bord de mer.<\/p>\n<p>Toute la Bretagne en vigilance vendredi matin<\/p>\n<p class=\" wall-content\">La nuit prochaine, une nouvelle perturbation active entre sur la r\u00e9gion par les c\u00f4tes finist\u00e9riennes. Vendredi matin, elle se retrouvera sur l\u2019Ille-et-Vilaine. Le <a href=\"https:\/\/actu.fr\/bretagne\/finistere_29\" target=\"_blank\" rel=\"noopener\">Finist\u00e8re<\/a> est plac\u00e9 en vigilance orages <strong>d\u00e8s minuit<\/strong>. Il sera rejoint \u00e0<strong> 2h du matin<\/strong> par les <a href=\"https:\/\/actu.fr\/bretagne\/cotes-d-armor_22\" target=\"_blank\" rel=\"noopener\">C\u00f4tes-d\u2019Armor<\/a> et le <a href=\"https:\/\/actu.fr\/morbihan\/\" target=\"_blank\" rel=\"noopener\">Morbihan<\/a>, puis \u00e0 <strong>4h<\/strong> par l\u2019Ille-et-Vilaine.<\/p>\n<p class=\" wall-content\">La C\u00f4t\u00e9 d\u2019\u00c9meraude et la baie du Mont-Saint-Michel devraient \u00eatre particuli\u00e8rement concern\u00e9es. <strong>\u00c0 14h,<\/strong> le Finist\u00e8re, les C\u00f4tes-d\u2019Armor et le Morbihan sortiront de la vigilance, rejoints par l\u2019Ille-et-Vilaine \u00e0 16h.<\/p>\n<p class=\" wall-content\">Personnalisez votre actualit\u00e9 en ajoutant vos villes et m\u00e9dias en favori avec <a href=\"https:\/\/moncompte.actu.fr\" title=\"D\u00e9couvez Mon Actu\" rel=\"nofollow noopener\" data-trk=\"{&quot;cta&quot;:{&quot;action&quot;:&quot;https:\\\/\\\/moncompte.actu.fr&quot;,&quot;category&quot;:&quot;mon compte&quot;,&quot;from&quot;:&quot;article footer&quot;,&quot;name&quot;:&quot;Mon actu&quot;,&quot;type&quot;:&quot;cta&quot;}}\" target=\"_blank\">Mon Actu<\/a>.<\/p>\n","protected":false},"excerpt":{"rendered":"Par Brian Le Goff Publi\u00e9 le 28 ao\u00fbt 2025 \u00e0 13h12 Le temps est perturb\u00e9 et il va&hellip;\n","protected":false},"author":2,"featured_media":352334,"comment_status":"","ping_status":"","sticky":false,"template":"","format":"standard","meta":{"footnotes":""},"categories":[2821],"tags":[1111,11,829,1777,674,1011,27,2487,2357,12,4594,584,25],"class_list":{"0":"post-352333","1":"post","2":"type-post","3":"status-publish","4":"format-standard","5":"has-post-thumbnail","7":"category-rennes","8":"tag-actu","9":"tag-actualites","10":"tag-bretagne","11":"tag-eu","12":"tag-europe","13":"tag-fr","14":"tag-france","15":"tag-meteo","16":"tag-meteo-france","17":"tag-news","18":"tag-orages","19":"tag-rennes","20":"tag-republique-francaise"},"share_on_mastodon":{"url":"https:\/\/pubeurope.com\/@fr\/115112611870293595","error":""},"_links":{"self":[{"href":"https:\/\/www.europesays.com\/fr\/wp-json\/wp\/v2\/posts\/352333","targetHints":{"allow":["GET"]}}],"collection":[{"href":"https:\/\/www.europesays.com\/fr\/wp-json\/wp\/v2\/posts"}],"about":[{"href":"https:\/\/www.europesays.com\/fr\/wp-json\/wp\/v2\/types\/post"}],"author":[{"embeddable":true,"href":"https:\/\/www.europesays.com\/fr\/wp-json\/wp\/v2\/users\/2"}],"replies":[{"embeddable":true,"href":"https:\/\/www.europesays.com\/fr\/wp-json\/wp\/v2\/comments?post=352333"}],"version-history":[{"count":0,"href":"https:\/\/www.europesays.com\/fr\/wp-json\/wp\/v2\/posts\/352333\/revisions"}],"wp:featuredmedia":[{"embeddable":true,"href":"https:\/\/www.europesays.com\/fr\/wp-json\/wp\/v2\/media\/352334"}],"wp:attachment":[{"href":"https:\/\/www.europesays.com\/fr\/wp-json\/wp\/v2\/media?parent=352333"}],"wp:term":[{"taxonomy":"category","embeddable":true,"href":"https:\/\/www.europesays.com\/fr\/wp-json\/wp\/v2\/categories?post=352333"},{"taxonomy":"post_tag","embeddable":true,"href":"https:\/\/www.europesays.com\/fr\/wp-json\/wp\/v2\/tags?post=352333"}],"curies":[{"name":"wp","href":"https:\/\/api.w.org\/{rel}","templated":true}]}}