{"id":352335,"date":"2025-08-29T14:50:12","date_gmt":"2025-08-29T14:50:12","guid":{"rendered":"https:\/\/www.europesays.com\/fr\/352335\/"},"modified":"2025-08-29T14:50:12","modified_gmt":"2025-08-29T14:50:12","slug":"lepaul-qualifie-pour-angers-rennes-brassier-et-frankowski-de-retour-la-composition-probable","status":"publish","type":"post","link":"https:\/\/www.europesays.com\/fr\/352335\/","title":{"rendered":"Lepaul qualifi\u00e9 pour Angers &#8211; Rennes, Brassier et Frankowski de retour\u00a0: la composition probable"},"content":{"rendered":"<p>Pour son dernier match avant <a href=\"https:\/\/www.letelegramme.fr\/sports\/football\/la-derniere-semaine-tu-ne-dors-pas-beaucoup-des-fins-de-mercato-toujours-plus-frenetiques-6877774.php\" target=\"_blank\" rel=\"nofollow noopener\">la cl\u00f4ture du mercato<\/a>, le Stade Rennais est priv\u00e9 de trois \u00e9l\u00e9ments pour leurs <a href=\"https:\/\/www.letelegramme.fr\/sports\/football\/les-deux-cartons-rouges-sont-merites-au-vu-des-images-habib-beye-lentraineur-du-stade-rennais-fair-play-malgre-un-lourd-revers-a-9-contre-11-a-lorient-6875763.php\" target=\"_blank\" rel=\"nofollow noopener\">cartons rouges<\/a> re\u00e7us lors des deux premi\u00e8res journ\u00e9es. Abdelhamid A\u00eft-Boudlal purge son deuxi\u00e8me match, quand Mahdi Camara et Christopher Wooh, exclus \u00e0 Lorient, sont \u00e9galement suspendus.<\/p>\n<p>Au rayon des \u00ab bonnes nouvelles \u00bb, Habib Beye r\u00e9cup\u00e8re Lilian Brassier et Przemyslaw Frankowski. Et <a href=\"https:\/\/www.letelegramme.fr\/sports\/football\/stade-rennais\/du-national-a-la-ligue-1-fils-de-pro-cinq-choses-a-savoir-sur-esteban-lepaul-nouvel-attaquant-de-rennes-6878023.php\" target=\"_blank\" rel=\"nofollow noopener\">la recrue Est\u00e9ban Lepaul<\/a>, qualifi\u00e9, est \u00ab pr\u00eat \u00e0 d\u00e9buter \u00bb, a indiqu\u00e9 l\u2019entra\u00eeneur rennais, qui pourrait lui associer Kader Me\u00eft\u00e9 ou Ludovic Blas.<\/p>\n<p><strong class=\"tech\">L\u2019\u00e9quipe probable :<\/strong> Samba &#8211; Frankowski, Rouault, Jacquet, Brassier, Merlin &#8211; Dj. Ciss\u00e9 (ou Rieder), Rongier (cap.), Fofana &#8211; Lepaul, Me\u00eft\u00e9 (ou Blas). Entra\u00eeneur : Habib Beye.<\/p>\n","protected":false},"excerpt":{"rendered":"Pour son dernier match avant la cl\u00f4ture du mercato, le Stade Rennais est priv\u00e9 de trois \u00e9l\u00e9ments pour&hellip;\n","protected":false},"author":2,"featured_media":352336,"comment_status":"","ping_status":"","sticky":false,"template":"","format":"standard","meta":{"footnotes":""},"categories":[2821],"tags":[1111,11,829,3166,1777,674,63,1011,27,66,12,584,25,60,3087],"class_list":{"0":"post-352335","1":"post","2":"type-post","3":"status-publish","4":"format-standard","5":"has-post-thumbnail","7":"category-rennes","8":"tag-actu","9":"tag-actualites","10":"tag-bretagne","11":"tag-en-continu-sports","12":"tag-eu","13":"tag-europe","14":"tag-football","15":"tag-fr","16":"tag-france","17":"tag-ligue-1","18":"tag-news","19":"tag-rennes","20":"tag-republique-francaise","21":"tag-sports","22":"tag-stade-rennais"},"share_on_mastodon":{"url":"https:\/\/pubeurope.com\/@fr\/115112615921922036","error":""},"_links":{"self":[{"href":"https:\/\/www.europesays.com\/fr\/wp-json\/wp\/v2\/posts\/352335","targetHints":{"allow":["GET"]}}],"collection":[{"href":"https:\/\/www.europesays.com\/fr\/wp-json\/wp\/v2\/posts"}],"about":[{"href":"https:\/\/www.europesays.com\/fr\/wp-json\/wp\/v2\/types\/post"}],"author":[{"embeddable":true,"href":"https:\/\/www.europesays.com\/fr\/wp-json\/wp\/v2\/users\/2"}],"replies":[{"embeddable":true,"href":"https:\/\/www.europesays.com\/fr\/wp-json\/wp\/v2\/comments?post=352335"}],"version-history":[{"count":0,"href":"https:\/\/www.europesays.com\/fr\/wp-json\/wp\/v2\/posts\/352335\/revisions"}],"wp:featuredmedia":[{"embeddable":true,"href":"https:\/\/www.europesays.com\/fr\/wp-json\/wp\/v2\/media\/352336"}],"wp:attachment":[{"href":"https:\/\/www.europesays.com\/fr\/wp-json\/wp\/v2\/media?parent=352335"}],"wp:term":[{"taxonomy":"category","embeddable":true,"href":"https:\/\/www.europesays.com\/fr\/wp-json\/wp\/v2\/categories?post=352335"},{"taxonomy":"post_tag","embeddable":true,"href":"https:\/\/www.europesays.com\/fr\/wp-json\/wp\/v2\/tags?post=352335"}],"curies":[{"name":"wp","href":"https:\/\/api.w.org\/{rel}","templated":true}]}}