{"id":352339,"date":"2025-08-29T14:52:12","date_gmt":"2025-08-29T14:52:12","guid":{"rendered":"https:\/\/www.europesays.com\/fr\/352339\/"},"modified":"2025-08-29T14:52:12","modified_gmt":"2025-08-29T14:52:12","slug":"petites-et-frandes-morts-des-amoureuses-theatre-contemporain-a-strasbourg","status":"publish","type":"post","link":"https:\/\/www.europesays.com\/fr\/352339\/","title":{"rendered":"Petites et frandes morts des amoureuses : Theatre contemporain a Strasbourg"},"content":{"rendered":"<p>\t\t\t\t\t\t\t\t\t<a href=\"https:\/\/www.dna.fr\/pour-sortir\/loisirs\/Spectacle-theatre-conte\/Theatre-contemporain\/Alsace\/Bas-rhin\/Strasbourg\/2025\/11\/02\/javascript:history.back();\" rel=\"nofollow noopener\" class=\"backToSearch\" target=\"_blank\">Retour \u00e0 la recherche<\/a><\/p>\n<p class=\"media-desc\" itemprop=\"description\">&#13;<br \/>\n\t\t\t\t\tLa Cie, Meilleur Espoir F\u00e9minin pr\u00e9sente un texte d&rsquo;Alexandre Mascarello. C\u2019est la sombre histoire d\u2019Amour et \u00c0 mort : divas d\u00e9mod\u00e9es, chim\u00e8res botox\u00e9es ; elles naviguent \u00e0 vue dans l\u2019entrelacs quelque peu fatigu\u00e9es de leur relation. Dur\u00e9e 30 mn.&#13;<br \/>\n\t\t\t\t\t\t\t\t\t\t\t&#13;<br \/>\n\t\t\t\t\t\t\t\t\t\tAmantes f\u00e2ch\u00e9es, amours oubli\u00e9es, mort suppos\u00e9e : elles tournent autour du pot, se percutent, s\u2019\u00e9vitent, se rient l\u2019une de l\u2019autre et se questionnent sur la \u00ab non-existence \u00bb. Et ce n\u2019est pas la pr\u00e9sence continue de L\u2019autre c\u00f4t\u00e9, entit\u00e9 aussi inqui\u00e9tante que convoit\u00e9e, qui saura apaiser leurs ardeurs. Personne ne sait de quoi il s\u2019agit, ni ce qui se cache derri\u00e8re, mais elles devront y faire face t\u00f4t ou tard. Effront\u00e9es, macabres, mais toujours sexy, Amour et \u00c0 mort deviennent les protagonistes d\u2019une fresque grin\u00e7ante sur le temps qui passe et l\u2019amour impossible.&#13;\n\t\t\t\t  <\/p>\n","protected":false},"excerpt":{"rendered":"Retour \u00e0 la recherche &#13; La Cie, Meilleur Espoir F\u00e9minin pr\u00e9sente un texte d&rsquo;Alexandre Mascarello. C\u2019est la sombre&hellip;\n","protected":false},"author":2,"featured_media":352340,"comment_status":"","ping_status":"","sticky":false,"template":"","format":"standard","meta":{"footnotes":""},"categories":[2820],"tags":[1111,11,1777,674,1011,27,775,12,25,640],"class_list":{"0":"post-352339","1":"post","2":"type-post","3":"status-publish","4":"format-standard","5":"has-post-thumbnail","7":"category-strasbourg","8":"tag-actu","9":"tag-actualites","10":"tag-eu","11":"tag-europe","12":"tag-fr","13":"tag-france","14":"tag-grand-est","15":"tag-news","16":"tag-republique-francaise","17":"tag-strasbourg"},"share_on_mastodon":{"url":"https:\/\/pubeurope.com\/@fr\/115112623681158497","error":""},"_links":{"self":[{"href":"https:\/\/www.europesays.com\/fr\/wp-json\/wp\/v2\/posts\/352339","targetHints":{"allow":["GET"]}}],"collection":[{"href":"https:\/\/www.europesays.com\/fr\/wp-json\/wp\/v2\/posts"}],"about":[{"href":"https:\/\/www.europesays.com\/fr\/wp-json\/wp\/v2\/types\/post"}],"author":[{"embeddable":true,"href":"https:\/\/www.europesays.com\/fr\/wp-json\/wp\/v2\/users\/2"}],"replies":[{"embeddable":true,"href":"https:\/\/www.europesays.com\/fr\/wp-json\/wp\/v2\/comments?post=352339"}],"version-history":[{"count":0,"href":"https:\/\/www.europesays.com\/fr\/wp-json\/wp\/v2\/posts\/352339\/revisions"}],"wp:featuredmedia":[{"embeddable":true,"href":"https:\/\/www.europesays.com\/fr\/wp-json\/wp\/v2\/media\/352340"}],"wp:attachment":[{"href":"https:\/\/www.europesays.com\/fr\/wp-json\/wp\/v2\/media?parent=352339"}],"wp:term":[{"taxonomy":"category","embeddable":true,"href":"https:\/\/www.europesays.com\/fr\/wp-json\/wp\/v2\/categories?post=352339"},{"taxonomy":"post_tag","embeddable":true,"href":"https:\/\/www.europesays.com\/fr\/wp-json\/wp\/v2\/tags?post=352339"}],"curies":[{"name":"wp","href":"https:\/\/api.w.org\/{rel}","templated":true}]}}