{"id":352346,"date":"2025-08-29T14:56:10","date_gmt":"2025-08-29T14:56:10","guid":{"rendered":"https:\/\/www.europesays.com\/fr\/352346\/"},"modified":"2025-08-29T14:56:10","modified_gmt":"2025-08-29T14:56:10","slug":"quatre-personnes-arretees-et-deferees-apres-des-agressions-homophobes-pres-de-nantes","status":"publish","type":"post","link":"https:\/\/www.europesays.com\/fr\/352346\/","title":{"rendered":"quatre personnes arr\u00eat\u00e9es et d\u00e9f\u00e9r\u00e9es apr\u00e8s des agressions homophobes pr\u00e8s de Nantes"},"content":{"rendered":"<p>Le parquet de Nantes a requis le placement en d\u00e9tention provisoire des quatre individus, tout juste majeurs, auteurs entre autres de coups et \u00abde nombreuses insultes \u00e0 caract\u00e8re homophobe\u00bb.<\/p>\n<p class=\"fig-paragraph\">Quatre personnes ont \u00e9t\u00e9 arr\u00eat\u00e9es, et d\u00e9f\u00e9r\u00e9es vendredi 29 ao\u00fbt, dans l&rsquo;enqu\u00eate sur des\u00a0<a href=\"http:\/\/www.lefigaro.fr\/nantes\/nantes-une-mysterieuse-serie-d-agressions-homophobes-mobilise-la-police-depuis-le-debut-de-l-ete-20250810\" target=\"_blank\" data-fig-type=\"NewsFlash\" rel=\"noopener nofollow\" data-gtm-custom-categorie=\"navigation\" data-gtm-custom-action=\"crossclick\" data-gtm-custom-label=\"Contextuel\" data-gtm-event=\"customEventSPE\" data-fig-domain=\"LEFIGARO\">agressions commises dans des lieux de rencontres homosexuelles<\/a>\u00a0\u00e0 Rez\u00e9 (Loire-Atlantique), a annonc\u00e9 le procureur de Nantes. Le 30 mai, un homme adulte se rendait, apr\u00e8s avoir \u00e9chang\u00e9 sur un site de rencontres homosexuelles, dans un parc \u00e0 Rez\u00e9 en vue d&rsquo;un rapport sexuel avec un autre homme.<\/p>\n<p class=\"fig-paragraph\">\u00ab\u00c0 son arriv\u00e9e, il \u00e9tait pris \u00e0 partie par 4 \u00e0 5 individus, qui le frappaient, le for\u00e7aient \u00e0 leur remettre sa carte bancaire avec le code\u00bb, a indiqu\u00e9 le procureur de la R\u00e9publique de Nantes, Antoine Leroy dans un communiqu\u00e9. Un retrait d&rsquo;argent a \u00e9t\u00e9 effectu\u00e9, alors que la victime \u00e9tait maintenue sur place, et ses effets personnels \u00e9taient jet\u00e9s dans le parc.<\/p>\n<p>                                    <a class=\"fig-a11y-skip a11y-hidden\" href=\"#fig-a11y-skip-main-inarticle\"><br \/>\n        Passer la publicit\u00e9<br \/>\n    <\/a><\/p>\n<p class=\"fig-paragraph\">Deux autres agressions assez similaires ont \u00e9galement eu lieu le 31 juillet et le 7 ao\u00fbt. Lors des trois agressions, les agresseurs pr\u00e9sum\u00e9s \u00abconsultaient le t\u00e9l\u00e9phone portable des victimes, prenaient des clich\u00e9s des contacts, voire filmaient la victime\u00bb et ils ont aussi prof\u00e9r\u00e9 \u00e0 leur encontre \u00abde nombreuses insultes \u00e0 caract\u00e8re homophobe\u00bb, pr\u00e9cise le magistrat.<\/p>\n<p>\u00ab\u00c9quipe bien organis\u00e9e\u00bb<\/p>\n<p class=\"fig-paragraph\">Les investigations techniques, notamment l&rsquo;exploitation des vid\u00e9os et de la t\u00e9l\u00e9phonie, ont permis aux enqu\u00eateurs de la police d&rsquo;identifier \u00abun certain nombre d&rsquo;individus, lesquels, au nombre de quatre, tout juste majeurs pour trois d&rsquo;entre eux et \u00e2g\u00e9 de 17 ans pour le quatri\u00e8me, \u00e9taient interpell\u00e9s\u00bb mercredi. Certains mis en cause ont minimis\u00e9 des violences mais ils ont admis les faits \u00abdans leur globalit\u00e9\u00bb, souligne Antoine Leroy.<\/p>\n<p class=\"fig-paragraph\">Les suspects ont \u00e9voqu\u00e9 d&rsquo;autres faits dans lesquels ils ont reconnu \u00eatre en cause. Il s&rsquo;agit selon le magistrat d&rsquo;\u00abune \u00e9quipe bien organis\u00e9e\u00bb notamment motiv\u00e9e par l&rsquo;argent. Les mis en cause ont \u00e9t\u00e9 d\u00e9f\u00e9r\u00e9s vendredi au parquet qui a saisi un juge d&rsquo;instruction notamment pour extorsions commises avec arme et en raison de l&rsquo;orientation sexuelle. Le parquet a requis le placement en d\u00e9tention provisoire des quatre individus.<\/p>\n<p class=\"fig-paragraph\">Les investigations doivent se poursuivre, sous l&rsquo;autorit\u00e9 d&rsquo;un juge d&rsquo;instruction, sur les nouveaux faits admis par ces derniers. De son c\u00f4t\u00e9, le parquet de Nantes a ouvert une autre enqu\u00eate afin de mieux comprendre les circonstances dans lesquelles les victimes ont pu entrer en contact avec les agresseurs.<\/p>\n","protected":false},"excerpt":{"rendered":"Le parquet de Nantes a requis le placement en d\u00e9tention provisoire des quatre individus, tout juste majeurs, auteurs&hellip;\n","protected":false},"author":2,"featured_media":352347,"comment_status":"","ping_status":"","sticky":false,"template":"","format":"standard","meta":{"footnotes":""},"categories":[2818],"tags":[1111,11,1120,1777,674,1011,27,8717,766,12,2636,25],"class_list":{"0":"post-352346","1":"post","2":"type-post","3":"status-publish","4":"format-standard","5":"has-post-thumbnail","7":"category-nantes","8":"tag-actu","9":"tag-actualites","10":"tag-agression","11":"tag-eu","12":"tag-europe","13":"tag-fr","14":"tag-france","15":"tag-homophobie","16":"tag-nantes","17":"tag-news","18":"tag-pays-de-la-loire","19":"tag-republique-francaise"},"share_on_mastodon":{"url":"https:\/\/pubeurope.com\/@fr\/115112639452304477","error":""},"_links":{"self":[{"href":"https:\/\/www.europesays.com\/fr\/wp-json\/wp\/v2\/posts\/352346","targetHints":{"allow":["GET"]}}],"collection":[{"href":"https:\/\/www.europesays.com\/fr\/wp-json\/wp\/v2\/posts"}],"about":[{"href":"https:\/\/www.europesays.com\/fr\/wp-json\/wp\/v2\/types\/post"}],"author":[{"embeddable":true,"href":"https:\/\/www.europesays.com\/fr\/wp-json\/wp\/v2\/users\/2"}],"replies":[{"embeddable":true,"href":"https:\/\/www.europesays.com\/fr\/wp-json\/wp\/v2\/comments?post=352346"}],"version-history":[{"count":0,"href":"https:\/\/www.europesays.com\/fr\/wp-json\/wp\/v2\/posts\/352346\/revisions"}],"wp:featuredmedia":[{"embeddable":true,"href":"https:\/\/www.europesays.com\/fr\/wp-json\/wp\/v2\/media\/352347"}],"wp:attachment":[{"href":"https:\/\/www.europesays.com\/fr\/wp-json\/wp\/v2\/media?parent=352346"}],"wp:term":[{"taxonomy":"category","embeddable":true,"href":"https:\/\/www.europesays.com\/fr\/wp-json\/wp\/v2\/categories?post=352346"},{"taxonomy":"post_tag","embeddable":true,"href":"https:\/\/www.europesays.com\/fr\/wp-json\/wp\/v2\/tags?post=352346"}],"curies":[{"name":"wp","href":"https:\/\/api.w.org\/{rel}","templated":true}]}}