{"id":352356,"date":"2025-08-29T15:01:28","date_gmt":"2025-08-29T15:01:28","guid":{"rendered":"https:\/\/www.europesays.com\/fr\/352356\/"},"modified":"2025-08-29T15:01:28","modified_gmt":"2025-08-29T15:01:28","slug":"le-projet-de-telepherique-a-lille-prend-la-poussiere-dans-les-cartons-de-la-mel-29-08-2025","status":"publish","type":"post","link":"https:\/\/www.europesays.com\/fr\/352356\/","title":{"rendered":"Le projet de t\u00e9l\u00e9ph\u00e9rique \u00e0 Lille prend la poussi\u00e8re dans les cartons de la MEL &#8211; 29\/08\/2025"},"content":{"rendered":"<p>\n        On en a entendu parler en 2017 puis en 2019, de la bouche de Martine Aubry. L&rsquo;id\u00e9e de deux t\u00e9l\u00e9ph\u00e9riques, qui relieraient Lille et l&rsquo;a\u00e9roport de Lesquin d&rsquo;un c\u00f4t\u00e9, et les quartiers de Fives et Saint-Sauveur de l&rsquo;autre. Mais depuis, plus de son, plus d&rsquo;image. Le projet a-t-il \u00e9t\u00e9 enterr\u00e9 ? On vous r\u00e9pond.<\/p>\n<p>C&rsquo;\u00e9tait une id\u00e9e un peu folle qui avait conquis Martine Aubry en 2017 : cr\u00e9er un t\u00e9l\u00e9ph\u00e9rique qui relierait les quartiers de Fives et de Saint-Sauveur. Skip le m\u00e9tro, le v\u00e9lo ou le bus, on pourrait faire le trajet dans les airs, avec vue sur Lille. <a target=\"_blank\" href=\"https:\/\/www.vozer.fr\/2019\/03\/25\/la-ville-propose-une-nouvelle-ligne-de-tram-et-deux-lignes-de-telepherique\/\" rel=\"nofollow noopener\">En 2019<\/a>, l&rsquo;ex-maire de Lille \u00e9tait m\u00eame all\u00e9e plus loin, en proposant une deuxi\u00e8me ligne en hauteur, cette fois-ci entre Lille-Europe et l&rsquo;a\u00e9roport de Lesquin (abandonn\u00e9 depuis).<\/p>\n<p>Un projet hors sol qui a fait du bruit&#8230; comme un ballon de baudruche qui se d\u00e9gonfle. Car jusqu&rsquo;\u00e0 aujourd&rsquo;hui, on n&rsquo;avait plus vraiment entendu parler du t\u00e9l\u00e9ph\u00e9rique lillois. Mais voil\u00e0 qu&rsquo;interrog\u00e9 par un confr\u00e8re de\u00a0<a target=\"_blank\" href=\"https:\/\/www.lavoixdunord.fr\/1615941\/article\/2025-08-17\/un-telepherique-lille-l-idee-n-est-pas-aux-oubliettes\" rel=\"nofollow noopener\">La Voix du Nord<\/a> mi-ao\u00fbt, l&rsquo;adjoint au maire Jacques Richir, annonce que l&rsquo;id\u00e9e n&rsquo;a pas \u00e9t\u00e9 enterr\u00e9e.<\/p>\n<p>Un t\u00e9l\u00e9ph\u00e9rique rel\u00e9gu\u00e9 \u00e0 (bien) plus tard<\/p>\n<p>Ne vous r\u00e9jouissez pas trop vite car il n&rsquo;est plus dans les dossiers prioritaires de la MEL, qui g\u00e8re les transports. Dans le sch\u00e9ma directeur des infrastructures de transports d\u00e9fini par <a target=\"_blank\" href=\"https:\/\/lillemetropole.fr\/extramobile\" rel=\"nofollow noopener\">Extramobile<\/a> pour les dix ann\u00e9es \u00e0 venir, on parle de deux nouvelles lignes de trams et de deux lignes de bus\u00a0\u00e0 haut niveau de service (BHNS), mais pas de t\u00e9l\u00e9ph\u00e9rique. <\/p>\n<p>Dans son interview avec La Voix du Nord, l&rsquo;adjoint au maire repousse m\u00eame le sujet du t\u00e9l\u00e9ph\u00e9rique reliant Saint-Sauveur \u00e0 Fives, \u00e0 un futur (tr\u00e8s) lointain. Au point de ne jamais voir le jour, comme <a target=\"_blank\" href=\"https:\/\/www.vozer.fr\/2022\/04\/06\/pourquoi-la-future-ligne-de-tram-a-peu-de-chances-de-passer-par-lille-flandres-ou-par-le-centre-de-lille\/\" rel=\"nofollow noopener\">le tramway qui devait relier Lille et l&rsquo;a\u00e9roport de Lesquin<\/a> ? L&rsquo;avenir nous le dira.<\/p>\n<p>De nouvelles dessertes \u00e0 Fives Cail et Saint-Sauveur&#8230; d&rsquo;ici 2035<\/p>\n<p>En attendant, on sait que l&rsquo;un des futurs BHNS, qui va relier Lille et Villeneuve-d&rsquo;Ascq d&rsquo;ici 2035, va passer \u00e0 c\u00f4t\u00e9 du parc JB Lebas, de Grand Palais et de Fives Cail (rue de Saint-Amand). Et que le futur tramway entre Lille et la couronne s&rsquo;arr\u00eatera \u00e9galement \u00e0 Grand Palais.<\/p>\n<p>Pour la desserte de l&rsquo;a\u00e9roport Lille-Lesquin, vous pouvez toujours prendre le bus 68 depuis la station 4 Canton (ligne 1 du m\u00e9tro), qui arrive\u00a0toutes les 20 \u00e0 35 minutes en journ\u00e9e\u00a0et circule\u00a0de 5h30 \u00e0 21h30.\u00a0Ou choisir la navette Flibco depuis les deux gares de Lille, dont le contrat avec la MEL a \u00e9t\u00e9 renouvel\u00e9 pour six ans.<\/p>\n","protected":false},"excerpt":{"rendered":"On en a entendu parler en 2017 puis en 2019, de la bouche de Martine Aubry. L&rsquo;id\u00e9e de&hellip;\n","protected":false},"author":2,"featured_media":352357,"comment_status":"","ping_status":"","sticky":false,"template":"","format":"standard","meta":{"footnotes":""},"categories":[2815],"tags":[1111,11,1777,674,1011,27,811,1307,12,25],"class_list":{"0":"post-352356","1":"post","2":"type-post","3":"status-publish","4":"format-standard","5":"has-post-thumbnail","7":"category-lille","8":"tag-actu","9":"tag-actualites","10":"tag-eu","11":"tag-europe","12":"tag-fr","13":"tag-france","14":"tag-hauts-de-france","15":"tag-lille","16":"tag-news","17":"tag-republique-francaise"},"share_on_mastodon":{"url":"https:\/\/pubeurope.com\/@fr\/115112659138077601","error":""},"_links":{"self":[{"href":"https:\/\/www.europesays.com\/fr\/wp-json\/wp\/v2\/posts\/352356","targetHints":{"allow":["GET"]}}],"collection":[{"href":"https:\/\/www.europesays.com\/fr\/wp-json\/wp\/v2\/posts"}],"about":[{"href":"https:\/\/www.europesays.com\/fr\/wp-json\/wp\/v2\/types\/post"}],"author":[{"embeddable":true,"href":"https:\/\/www.europesays.com\/fr\/wp-json\/wp\/v2\/users\/2"}],"replies":[{"embeddable":true,"href":"https:\/\/www.europesays.com\/fr\/wp-json\/wp\/v2\/comments?post=352356"}],"version-history":[{"count":0,"href":"https:\/\/www.europesays.com\/fr\/wp-json\/wp\/v2\/posts\/352356\/revisions"}],"wp:featuredmedia":[{"embeddable":true,"href":"https:\/\/www.europesays.com\/fr\/wp-json\/wp\/v2\/media\/352357"}],"wp:attachment":[{"href":"https:\/\/www.europesays.com\/fr\/wp-json\/wp\/v2\/media?parent=352356"}],"wp:term":[{"taxonomy":"category","embeddable":true,"href":"https:\/\/www.europesays.com\/fr\/wp-json\/wp\/v2\/categories?post=352356"},{"taxonomy":"post_tag","embeddable":true,"href":"https:\/\/www.europesays.com\/fr\/wp-json\/wp\/v2\/tags?post=352356"}],"curies":[{"name":"wp","href":"https:\/\/api.w.org\/{rel}","templated":true}]}}