{"id":352358,"date":"2025-08-29T15:02:17","date_gmt":"2025-08-29T15:02:17","guid":{"rendered":"https:\/\/www.europesays.com\/fr\/352358\/"},"modified":"2025-08-29T15:02:17","modified_gmt":"2025-08-29T15:02:17","slug":"football-lyon-nice-lille-strasbourg-decouvrez-le-tirage-complet-des-clubs-francais-pour-la-ligue-europa-et-ligue-conference","status":"publish","type":"post","link":"https:\/\/www.europesays.com\/fr\/352358\/","title":{"rendered":"Football\u00a0: Lyon, Nice, Lille, Strasbourg\u2026 D\u00e9couvrez le tirage complet des clubs fran\u00e7ais pour la Ligue Europa et Ligue Conf\u00e9rence"},"content":{"rendered":"<p>\n                                                                    l&rsquo;essentiel<br \/>\n                                                                Le tirage au sort de la phase de ligue de Ligue Europa et Ligue Conf\u00e9rence s\u2019est d\u00e9roul\u00e9 ce vendredi \u00e0 Monaco. Plusieurs clubs fran\u00e7ais ont alors d\u00e9couvert leurs prochains adversaires.\n                            <\/p>\n<p>Lyon, qui aura pour principal adversaire le Betis, et Lille, qui jouera notamment contre l\u2019AS Rome, ont h\u00e9rit\u00e9 d\u2019un programme \u00e0 leur port\u00e9e en Ligue Europa, ce vendredi \u00e0 Monaco, contrairement \u00e0 Nice, qui affrontera, entre autres, le club romain, Porto et Fenerbah\u00e7e. Le tirage au sort de la C3 a r\u00e9serv\u00e9 aux Lyonnais une phase de ligue abordable avec pour principaux dangers la r\u00e9ception de Salzbourg et un d\u00e9placement pi\u00e9geux face au Betis, \u00e0 S\u00e9ville.<\/p>\n<p class=\"std-elt__inline\">\n        <strong>\u00c0 lire aussi :<\/strong><br \/>\n        <a href=\"https:\/\/www.ladepeche.fr\/2025\/08\/28\/tirage-au-sort-de-la-ligue-des-champions-marseille-et-monaco-avec-le-real-madrid-le-psg-herite-du-bayern-munich-12898478.php\" rel=\"nofollow noopener\" target=\"_blank\">Tirage au sort de la Ligue des Champions\u00a0: tirage difficile pour le PSG et l\u2019OM, Monaco jouera le Real Madrid et Manchester City<\/a>\n    <\/p>\n<p>Du reste, l\u2019OL va recevoir le Paok, B\u00e2le, et Go Ahead Eagles, et se d\u00e9placera \u00e0 Tel-Aviv pour affronter le Maccabi, \u00e0 Berne pour faire face aux Young Boys et \u00e0 Utrecht. Lille a \u00e9galement \u00e9t\u00e9 \u00e9pargn\u00e9 lors de ce tirage au sort, avec l\u2019AS Rome comme seul cador. Les joueurs de Bruno Genesio accueilleront le Dynamo Kiev, le Paok, Fribourg et le SK Brann, club norv\u00e9gien. Loin du Stade Pierre-Mauroy, ils iront \u00e0 Rome, donc, mais aussi \u00e0 Belgrade pour d\u00e9fier l\u2019\u00c9toile rouge, \u00e0 Berne pour jouer contre les Young Boys, et \u00e0 Vigo pour un match pi\u00e8ge contre le Celta.<\/p>\n<p class=\"std-elt__inline\">\n        <strong>\u00c0 lire aussi :<\/strong><br \/>\n        <a href=\"https:\/\/www.ladepeche.fr\/2025\/08\/28\/ligue-des-champions-jespere-juste-quon-ne-tombe-pas-sur-grimsby-quand-manchester-united-se-fait-chambrer-apres-son-elimination-en-coupe-12898450.php\" rel=\"nofollow noopener\" target=\"_blank\">Ligue des Champions\u00a0: \u00ab\u00a0J\u2019esp\u00e8re juste qu\u2019on ne tombe pas sur Grimsby\u2026\u00a0\u00bb Quand Manchester United se fait chambrer apr\u00e8s son \u00e9limination en Coupe<\/a>\n    <\/p>\n<p>\u00c0 l\u2019inverse, Nice aura fort \u00e0 faire pour acc\u00e9der aux huiti\u00e8mes de finale ou \u00e0 leurs barrages. Il lui faudra se d\u00e9faire \u00e0 domicile de l\u2019AS Rome, Braga, Fribourg, et des Go Ahead Eagles. Les joueurs de Franck Haise joueront, \u00e0 l\u2019ext\u00e9rieur, contre Porto, Fenerbah\u00e7e, Ludogorets et le Celta Vigo. La phase de ligue de la Ligue Europa d\u00e9butera le 24\u00a0septembre et se terminera le 29\u00a0janvier 2026. La finale est pr\u00e9vue le 20\u00a0mai 2026 \u00e0 Istanbul.<\/p>\n<p class=\"txt-question\">Et Strasbourg en Ligue Conf\u00e9rence\u00a0?<\/p>\n<p>Strasbourg affrontera notamment Crystal Palace \u00e0 domicile en phase de ligue de la Ligue Conf\u00e9rence, selon le tirage au sort effectu\u00e9 ce vendredi \u00e0 Monaco. Le club alsacien, qui rego\u00fbte \u00e0 une Coupe d\u2019Europe pour la premi\u00e8re fois depuis 20 ans, sera \u00e9galement oppos\u00e9 \u00e0 Jagiellonia et Breidablik dans leur stade de la Meinau. Ils se d\u00e9placeront sur les terrains du Slovan Brastislava, d\u2019Aberdeen et de H\u00e4cken. La phase de ligue de la C4 d\u00e9butera le 2\u00a0octobre et se terminera le 18\u00a0d\u00e9cembre. La finale est pr\u00e9vue le 27\u00a0mai 2026 \u00e0 Leipzig.<\/p>\n","protected":false},"excerpt":{"rendered":"l&rsquo;essentiel Le tirage au sort de la phase de ligue de Ligue Europa et Ligue Conf\u00e9rence s\u2019est d\u00e9roul\u00e9&hellip;\n","protected":false},"author":2,"featured_media":352359,"comment_status":"","ping_status":"","sticky":false,"template":"","format":"standard","meta":{"footnotes":""},"categories":[2815],"tags":[1111,11,1777,674,1011,27,811,1307,12,25],"class_list":{"0":"post-352358","1":"post","2":"type-post","3":"status-publish","4":"format-standard","5":"has-post-thumbnail","7":"category-lille","8":"tag-actu","9":"tag-actualites","10":"tag-eu","11":"tag-europe","12":"tag-fr","13":"tag-france","14":"tag-hauts-de-france","15":"tag-lille","16":"tag-news","17":"tag-republique-francaise"},"share_on_mastodon":{"url":"https:\/\/pubeurope.com\/@fr\/115112663180508850","error":""},"_links":{"self":[{"href":"https:\/\/www.europesays.com\/fr\/wp-json\/wp\/v2\/posts\/352358","targetHints":{"allow":["GET"]}}],"collection":[{"href":"https:\/\/www.europesays.com\/fr\/wp-json\/wp\/v2\/posts"}],"about":[{"href":"https:\/\/www.europesays.com\/fr\/wp-json\/wp\/v2\/types\/post"}],"author":[{"embeddable":true,"href":"https:\/\/www.europesays.com\/fr\/wp-json\/wp\/v2\/users\/2"}],"replies":[{"embeddable":true,"href":"https:\/\/www.europesays.com\/fr\/wp-json\/wp\/v2\/comments?post=352358"}],"version-history":[{"count":0,"href":"https:\/\/www.europesays.com\/fr\/wp-json\/wp\/v2\/posts\/352358\/revisions"}],"wp:featuredmedia":[{"embeddable":true,"href":"https:\/\/www.europesays.com\/fr\/wp-json\/wp\/v2\/media\/352359"}],"wp:attachment":[{"href":"https:\/\/www.europesays.com\/fr\/wp-json\/wp\/v2\/media?parent=352358"}],"wp:term":[{"taxonomy":"category","embeddable":true,"href":"https:\/\/www.europesays.com\/fr\/wp-json\/wp\/v2\/categories?post=352358"},{"taxonomy":"post_tag","embeddable":true,"href":"https:\/\/www.europesays.com\/fr\/wp-json\/wp\/v2\/tags?post=352358"}],"curies":[{"name":"wp","href":"https:\/\/api.w.org\/{rel}","templated":true}]}}