{"id":352365,"date":"2025-08-29T15:06:11","date_gmt":"2025-08-29T15:06:11","guid":{"rendered":"https:\/\/www.europesays.com\/fr\/352365\/"},"modified":"2025-08-29T15:06:11","modified_gmt":"2025-08-29T15:06:11","slug":"rentree-2025-ce-qui-change-sur-rcf-lyon","status":"publish","type":"post","link":"https:\/\/www.europesays.com\/fr\/352365\/","title":{"rendered":"Rentr\u00e9e 2025 : ce qui change sur RCF Lyon"},"content":{"rendered":"<p>La plus grande nouveaut\u00e9 pour RCF Lyon concerne la matinale : \u00e0 partir du lundi 1er septembre, <a href=\"https:\/\/www.rcf.fr\/actualite\/le-journal-local-rcf-lyon\" target=\"_blank\" rel=\"nofollow noopener\"><strong>les journaux locaux<\/strong><\/a> de 7h et 8h pr\u00e9sent\u00e9s par<strong> Johan Fresse<\/strong> seront diffus\u00e9s simultan\u00e9ment sur les antennes de RCF Lyon et de RCF Pays de l\u2019Ain. Les sujets d\u2019actualit\u00e9 abord\u00e9s couvriront ainsi un territoire encore plus large, allant du Roannais jusqu\u2019au Bugey, en passant par la Bresse, la Dombes, le Rh\u00f4ne, la M\u00e9tropole de Lyon et le Nord-Is\u00e8re. A 9h, une nouvelle \u00e9dition du journal local fait son apparition, rempla\u00e7ant \u00ab L&rsquo;invit\u00e9 local \u00bb.\u00a0<\/p>\n<p>Autre nouveaut\u00e9 dans cette matinale locale diffus\u00e9 dans le Rh\u00f4ne et dans l&rsquo;Ain : du lundi au vendredi \u00e0 7h33, vous aurez rendez-vous avec \u00ab <a href=\"https:\/\/www.rcf.fr\/actualite\/linvite-local-de-rcf-lyon\" target=\"_blank\" rel=\"nofollow noopener\"><strong>Les voix de l\u2019actu<\/strong><\/a> \u00bb, une interview quotidienne de 20 minutes au micro de<strong> Johan Fresse<\/strong> avec un acteur ou une actrice du territoire. D\u00e9cideurs \u00e9conomiques ou politiques, responsables associatifs ou religieux, acteurs et actrices du monde culturel, ils font l\u2019actualit\u00e9 du jour et ils sont ce jour-l\u00e0 en direct dans les studios de RCF Lyon pour expliquer leur point de vue.<\/p>\n<p>A la mi-journ\u00e9e, l&rsquo;\u00e9mission \u00ab <a href=\"https:\/\/www.rcf.fr\/actualite\/linvite-de-m-comme-midi-rcf-lyon\" target=\"_blank\" rel=\"nofollow noopener\"><strong>M comme midi<\/strong><\/a> \u00bb pr\u00e9sent\u00e9e par <strong>Ana\u00efs Sorce<\/strong> sera concentr\u00e9e sur une heure (contre deux pr\u00e9c\u00e9demment) entre 12h et 13h, avant de laisser la place de 13h10 \u00e0 14h \u00e0 un nouveau rendez-vous r\u00e9gional pr\u00e9sent\u00e9 par <strong>Gr\u00e9goire Gindre<\/strong>, \u00ab <strong>Pour bien comprendre<\/strong> \u00bb, diffus\u00e9 en simultan\u00e9 dans les 11 radios locales de RCF en Auvergne-Rh\u00f4ne-Alpes et rediffus\u00e9 chaque soir \u00e0 18h10. Une nouvelle \u00e9mission pour donner les cl\u00e9s de compr\u00e9hension aux auditeurs et donner du sens \u00e0 des sujets d\u2019actualit\u00e9, de foi et de soci\u00e9t\u00e9.\u00a0<\/p>\n<p>Enfin, une nouvelle \u00e9mission voit le jour sur la grille de RCF Lyon. Chaque semaine, <strong>Thierry Weber<\/strong> ira \u00e0 la rencontre d\u2019un talent de la r\u00e9gion lyonnaise, l\u00e0 o\u00f9 il ou elle exerce sa passion, son m\u00e9tier, son sport, son art. Un entretien portrait de 30 minutes, pour d\u00e9couvrir de nouveaux visages, de nouvelles voix et de nouveaux talents. \u00ab <strong>Quel talent ! <\/strong>\u00bb sera diffus\u00e9e le mardi \u00e0 6h, le mercredi \u00e0 19h et le samedi \u00e0 16h.<br \/>\u00a0<\/p>\n<p>D\u2019autres nouveaut\u00e9s sont \u00e9galement \u00e0 retrouver sur la grille nationale, <a href=\"https:\/\/www.rcf.fr\/articles\/actualite\/la-rentree-2025-sur-rcf-notre-dame\" target=\"_blank\" rel=\"nofollow noopener\">\u00e0 consulter en d\u00e9tails ici<\/a>.<\/p>\n<p>\u00a0<\/p>\n","protected":false},"excerpt":{"rendered":"La plus grande nouveaut\u00e9 pour RCF Lyon concerne la matinale : \u00e0 partir du lundi 1er septembre, les&hellip;\n","protected":false},"author":2,"featured_media":352366,"comment_status":"","ping_status":"","sticky":false,"template":"","format":"standard","meta":{"footnotes":""},"categories":[1889],"tags":[1111,11,2430,1777,674,1011,27,2428,12,25],"class_list":{"0":"post-352365","1":"post","2":"type-post","3":"status-publish","4":"format-standard","5":"has-post-thumbnail","7":"category-lyon","8":"tag-actu","9":"tag-actualites","10":"tag-auvergne-rhone-alpes","11":"tag-eu","12":"tag-europe","13":"tag-fr","14":"tag-france","15":"tag-lyon","16":"tag-news","17":"tag-republique-francaise"},"share_on_mastodon":{"url":"https:\/\/pubeurope.com\/@fr\/115112678701524879","error":""},"_links":{"self":[{"href":"https:\/\/www.europesays.com\/fr\/wp-json\/wp\/v2\/posts\/352365","targetHints":{"allow":["GET"]}}],"collection":[{"href":"https:\/\/www.europesays.com\/fr\/wp-json\/wp\/v2\/posts"}],"about":[{"href":"https:\/\/www.europesays.com\/fr\/wp-json\/wp\/v2\/types\/post"}],"author":[{"embeddable":true,"href":"https:\/\/www.europesays.com\/fr\/wp-json\/wp\/v2\/users\/2"}],"replies":[{"embeddable":true,"href":"https:\/\/www.europesays.com\/fr\/wp-json\/wp\/v2\/comments?post=352365"}],"version-history":[{"count":0,"href":"https:\/\/www.europesays.com\/fr\/wp-json\/wp\/v2\/posts\/352365\/revisions"}],"wp:featuredmedia":[{"embeddable":true,"href":"https:\/\/www.europesays.com\/fr\/wp-json\/wp\/v2\/media\/352366"}],"wp:attachment":[{"href":"https:\/\/www.europesays.com\/fr\/wp-json\/wp\/v2\/media?parent=352365"}],"wp:term":[{"taxonomy":"category","embeddable":true,"href":"https:\/\/www.europesays.com\/fr\/wp-json\/wp\/v2\/categories?post=352365"},{"taxonomy":"post_tag","embeddable":true,"href":"https:\/\/www.europesays.com\/fr\/wp-json\/wp\/v2\/tags?post=352365"}],"curies":[{"name":"wp","href":"https:\/\/api.w.org\/{rel}","templated":true}]}}