{"id":352377,"date":"2025-08-29T15:16:10","date_gmt":"2025-08-29T15:16:10","guid":{"rendered":"https:\/\/www.europesays.com\/fr\/352377\/"},"modified":"2025-08-29T15:16:10","modified_gmt":"2025-08-29T15:16:10","slug":"defense-antiaerienne-pour-lukraine-dissuasion-nucleaire-derive-autocratique-de-poutine-ce-quil-faut-retenir-des-declarations-de-macron-et-merz","status":"publish","type":"post","link":"https:\/\/www.europesays.com\/fr\/352377\/","title":{"rendered":"D\u00e9fense antia\u00e9rienne pour l&rsquo;Ukraine, dissuasion nucl\u00e9aire, \u00abd\u00e9rive autocratique\u00bb de Poutine&#8230; Ce qu\u2019il faut retenir des d\u00e9clarations de Macron et Merz"},"content":{"rendered":"<p>\u00abMalgr\u00e9 d\u2019intenses efforts diplomatiques, la Russie ne montre aucune intention d\u2019arr\u00eater sa guerre d\u2019agression contre l\u2019Ukraine\u00bb, ont notamment soulign\u00e9 Paris et Berlin dans un communqiu\u00e9 commun.<\/p>\n<p class=\"fig-paragraph\"><a href=\"http:\/\/www.lefigaro.fr\/vox\/monde\/emmanuel-macron-et-friedrich-merz-remettre-a-plat-les-relations-franco-allemandes-pour-l-europe-20250507\" target=\"_blank\" data-fig-type=\"Article\" rel=\"noopener\" data-gtm-custom-categorie=\"navigation\" data-gtm-custom-action=\"crossclick\" data-gtm-custom-label=\"Contextuel\" data-gtm-event=\"customEventSPE\" data-fig-domain=\"LEFIGARO\">Emmanuel Macron et le chancelier allemand Friedrich Merz\u00a0<\/a>se sont retrouv\u00e9s jeudi soir<a href=\"http:\/\/www.lefigaro.fr\/politique\/bregancon-est-un-fort-diplomatique-comment-emmanuel-macron-tente-d-exister-dans-les-crises-internationales-de-l-ete-20250813\" target=\"_blank\" data-fig-type=\"Article\" rel=\"noopener\" data-gtm-custom-categorie=\"navigation\" data-gtm-custom-action=\"crossclick\" data-gtm-custom-label=\"Contextuel\" data-gtm-event=\"customEventSPE\" data-fig-domain=\"LEFIGARO\">\u00a0au fort de Br\u00e9gan\u00e7on<\/a>, r\u00e9sidence d\u2019\u00e9t\u00e9 des pr\u00e9sidents fran\u00e7ais, pour sceller la relance du couple franco-allemand, qui patinait depuis des ann\u00e9es, avant un conseil des ministres conjoint ce vendredi \u00e0 Toulon.<\/p>\n<p class=\"fig-paragraph\">Les deux hommes ont tenu une conf\u00e9rence de presse notamment consacr\u00e9e aux questions s\u00e9curitaires. Le Figaro fait le point sur les principales d\u00e9clarations \u00e0 retenir.<\/p>\n<p>                                    <a class=\"fig-a11y-skip a11y-hidden\" href=\"#fig-a11y-skip-main-inarticle\"><br \/>\n        Passer la publicit\u00e9<br \/>\n    <\/a><\/p>\n<p><strong>Paris et Berlin vont fournir davantage de d\u00e9fense antia\u00e9rienne<\/strong><\/p>\n<p class=\"fig-paragraph\">La France et l&rsquo;Allemagne vont fournir davantage de d\u00e9fense antia\u00e9rienne \u00e0 l&rsquo;Ukraine, \u00abau regard\u00a0<a href=\"http:\/\/www.lefigaro.fr\/international\/guerre-en-ukraine-huit-morts-a-kiev-apres-des-frappes-russes-annonce-zelensky-20250828\" data-fig-type=\"NewsFlash\" data-gtm-custom-categorie=\"navigation\" data-gtm-custom-action=\"crossclick\" data-gtm-custom-label=\"Contextuel\" data-gtm-event=\"customEventSPE\" data-fig-domain=\"LEFIGARO\" target=\"_blank\" rel=\"noopener\">des frappes russes massives<\/a> \u00bb sur le pays ces derni\u00e8res semaines, selon un communiqu\u00e9 commun publi\u00e9 vendredi \u00e0 l&rsquo;issue\u00a0<a href=\"http:\/\/www.lefigaro.fr\/international\/friedrich-merz-a-bregancon-et-toulon-pour-sceller-la-relance-du-couple-franco-allemand-20250828\" data-fig-type=\"Article\" data-gtm-custom-categorie=\"navigation\" data-gtm-custom-action=\"crossclick\" data-gtm-custom-label=\"Contextuel\" data-gtm-event=\"customEventSPE\" data-fig-domain=\"LEFIGARO\" target=\"_blank\" rel=\"noopener\">d&rsquo;un conseil des ministres franco-allemand<\/a>\u00a0dans le sud de la France.<\/p>\n<p class=\"fig-paragraph\">\u00abMalgr\u00e9 d&rsquo;intenses efforts diplomatiques, la Russie ne montre aucune intention d&rsquo;arr\u00eater sa guerre d&rsquo;agression contre l&rsquo;Ukraine\u00bb, soulignent Paris et Berlin.<\/p>\n<p><strong>Un dialogue strat\u00e9gique va \u00eatre entam\u00e9 au plus haut niveau entre les deux pays<\/strong><\/p>\n<p class=\"fig-paragraph\">Les deux pays ont aussi annonc\u00e9 qu\u2019ils allaient entamer au plus haut niveau \u00abun dialogue strat\u00e9gique, men\u00e9 par la pr\u00e9sidence fran\u00e7aise et la chancellerie allemande, avec la participation des minist\u00e8res des Affaires \u00e9trang\u00e8res et de la D\u00e9fense\u00bb, selon un communiqu\u00e9 commun.<\/p>\n<p class=\"fig-paragraph\">Emmanuel Macron, le pr\u00e9sident du seul \u00c9tat de l\u2019Union europ\u00e9enne dot\u00e9 de l\u2019arme nucl\u00e9aire, avait dit \u00eatre pr\u00eat \u00e0 entamer\u00a0<a href=\"http:\/\/www.lefigaro.fr\/international\/dissuasion-nucleaire-derriere-les-reflexions-d-emmanuel-macron-l-arsenal-francais-en-question-20250515\" data-fig-type=\"Article\" data-gtm-custom-categorie=\"navigation\" data-gtm-custom-action=\"crossclick\" data-gtm-custom-label=\"Contextuel\" data-gtm-event=\"customEventSPE\" data-fig-domain=\"LEFIGARO\" target=\"_blank\" rel=\"noopener\">un dialogue strat\u00e9gique avec plusieurs partenaires<\/a>, compte tenu de la d\u00e9gradation de l\u2019environnement s\u00e9curitaire international et du constat partag\u00e9 par les Europ\u00e9ens de la n\u00e9cessit\u00e9 de renforcer leur capacit\u00e9 de d\u00e9fense.<\/p>\n<p class=\"fig-body-link\">\n            \u00c0 lire aussi<br \/>\n        <a class=\"fig-body-link__link fig-premium-mark\" href=\"http:\/\/www.lefigaro.fr\/international\/dissuasion-la-france-et-le-royaume-uni-renforcent-leur-coordination-face-a-la-menace-russe-20250709\" data-fig-type=\"Article\" data-gtm-custom-categorie=\"navigation\" data-gtm-custom-action=\"crossclick\" data-gtm-custom-label=\"Contextuel\" data-gtm-event=\"customEventSPE\" data-fig-domain=\"LEFIGARO\" target=\"_blank\" rel=\"noopener\">Dissuasion nucl\u00e9aire\u00a0: la France et le Royaume-Uni renforcent leur coordination face \u00e0 la menace russe<br \/>\n    <\/a>\n<\/p>\n<p><strong>Poutine va vers une \u00abd\u00e9rive autocratique\u00bb, dit\u00a0Macron\u00a0qui r\u00e9fute toute insulte \u00e0 son encontre<\/strong><\/p>\n<p class=\"fig-paragraph\">Emmanuel Macron, qui avait qualifi\u00e9 son homologue russe Vladimir Poutine d\u2019\u00abogre\u00bb et de \u00abpr\u00e9dateur\u00bb, a r\u00e9fut\u00e9 toute insulte \u00e0 son encontre et de nouveau d\u00e9nonc\u00e9 la \u00abd\u00e9rive autocratique\u00bb et \u00abl\u2019imp\u00e9rialisme r\u00e9visionniste\u00bb du ma\u00eetre du Kremlin.<\/p>\n<p>                                    <a class=\"fig-a11y-skip a11y-hidden\" href=\"#fig-a11y-skip-main-inarticle_mtf\"><br \/>\n        Passer la publicit\u00e9<br \/>\n    <\/a><\/p>\n<p class=\"fig-paragraph\">\u00abQuand on dit qu\u2019il y a un ogre aux portes de l\u2019Europe (&#8230;), je crois que \u00e7a qualifie ce que les G\u00e9orgiens, les Ukrainiens et beaucoup d\u2019autres nations ressentent tr\u00e8s profond\u00e9ment, c\u2019est-\u00e0-dire un homme qui a d\u00e9cid\u00e9 d\u2019aller vers une d\u00e9rive autoritaire, autocratique et de mener un imp\u00e9rialisme r\u00e9visionniste\u00bb, a-t-il d\u00e9clar\u00e9, r\u00e9pliquant aux accusations d\u2019\u00abinsultes vulgaires\u00bb de la diplomatie russe.<\/p>\n<p><strong>Sans sommet avec Zelensky d\u2019ici \u00e0 lundi, Poutine se \u00absera jou\u00e9\u00bb de Trump, affirme Macron<\/strong><\/p>\n<p class=\"fig-paragraph\">Si le chef de l\u2019\u00c9tat russe ne rencontre pas son homologue ukrainien Volodymyr Zelensky d\u2019ici lundi comme demand\u00e9 par Donald Trump, \u00abcela voudra dire que le pr\u00e9sident Poutine se sera jou\u00e9 du pr\u00e9sident Trump\u00bb, a estim\u00e9 Emmanuel Macron.<\/p>\n<p class=\"fig-paragraph\">Si cette r\u00e9union bilat\u00e9rale \u00ab\u00e0 laquelle le pr\u00e9sident Poutine s\u2019est engag\u00e9 aupr\u00e8s du pr\u00e9sident Trump\u00bb ne se d\u00e9roule pas d\u2019ici \u00e0 lundi, \u00abje crois qu\u2019une fois encore, \u00e7a voudra dire que le pr\u00e9sident Poutine se sera jou\u00e9 du pr\u00e9sident Trump\u00bb et \u00ab\u00e7a ne peut pas rester sans r\u00e9ponse\u00bb, a-t-il fait valoir.<\/p>\n<p class=\"fig-paragraph\">\u00abNous parlerons l\u2019un et l\u2019autre au pr\u00e9sident Trump\u00bb ce week-end et \u00absi nous devions constater la semaine prochaine qu\u2019une fois encore, apr\u00e8s des mois de promesses non tenues, ce n\u2019\u00e9tait pas le cas, nous plaiderions tr\u00e8s clairement pour que des sanctions primaires et secondaires soient prises\u00bb contre la Russie, a-t-il ajout\u00e9.<\/p>\n<p><strong>\u00abNous continuerons d\u2019exercer la pression\u00bb pour des\u00a0sanctions sur la Russie, indique Macron<\/strong><\/p>\n<p class=\"fig-paragraph\">Enfin, Paris et Berlin vont \u00e9galement continuer \u00e0 faire \u00abpression\u00bb pour que des sanctions suppl\u00e9mentaires soient impos\u00e9es \u00e0 la Russie, a affirm\u00e9 Emmanuel Macron.<\/p>\n<p>                                    <a class=\"fig-a11y-skip a11y-hidden\" href=\"#fig-a11y-skip-main-inarticle_btf\"><br \/>\n        Passer la publicit\u00e9<br \/>\n    <\/a><\/p>\n<p class=\"fig-paragraph\">\u00abNous continuerons d\u2019exercer la pression pour que des sanctions suppl\u00e9mentaire soient prises par nous-m\u00eames, et nous y sommes pr\u00eats, mais aussi par les \u00c9tats-Unis d\u2019Am\u00e9rique pour forcer la Russie \u00e0 revenir autour de la table des discussions\u00bb au sujet de la guerre en Ukraine, a-t-il d\u00e9clar\u00e9 au c\u00f4t\u00e9 du chancelier allemand Friedrich Merz.<\/p>\n<p class=\"fig-paragraph\">Selon lui, les \u00abprochains jours seront d\u00e9terminants\u00bb, pour que Moscou donne des signes de sa volont\u00e9 de mettre fin au conflit, comme le souhaite le pr\u00e9sident am\u00e9ricain Donald Trump.<\/p>\n<p><strong>La guerre en Ukraine \u00abpourrait encore durer de nombreux mois\u00bb, avertit Merz<\/strong><\/p>\n<p class=\"fig-paragraph\">La guerre en Ukraine \u00abpourrait encore durer de nombreux mois\u00bb mais les soutiens de Kiev \u00absont pr\u00eats\u00bb \u00e0 poursuivre leur aide, a averti le chancelier allemand Friedrich Merz.<\/p>\n<p class=\"fig-paragraph\">\u00abCette guerre pourrait encore durer de nombreux mois. Nous devrions en tout cas nous y pr\u00e9parer. Nous sommes pr\u00eats\u00bb, a d\u00e9clar\u00e9 M. Merz, pour qui \u00abmaintenir cette coalition des volontaires\u00bb est une priorit\u00e9 du couple franco-allemand.<\/p>\n","protected":false},"excerpt":{"rendered":"\u00abMalgr\u00e9 d\u2019intenses efforts diplomatiques, la Russie ne montre aucune intention d\u2019arr\u00eater sa guerre d\u2019agression contre l\u2019Ukraine\u00bb, ont notamment&hellip;\n","protected":false},"author":2,"featured_media":352378,"comment_status":"","ping_status":"","sticky":false,"template":"","format":"standard","meta":{"footnotes":""},"categories":[1591],"tags":[11,1073,1887,4710,131,12,1885,1886,132],"class_list":{"0":"post-352377","1":"post","2":"type-post","3":"status-publish","4":"format-standard","5":"has-post-thumbnail","7":"category-russie","8":"tag-actualites","9":"tag-emmanuel-macron","10":"tag-federation-de-russie","11":"tag-friedrich-merz","12":"tag-guerre-en-ukraine","13":"tag-news","14":"tag-russia","15":"tag-russian-federation","16":"tag-russie"},"share_on_mastodon":{"url":"https:\/\/pubeurope.com\/@fr\/115112718222437955","error":""},"_links":{"self":[{"href":"https:\/\/www.europesays.com\/fr\/wp-json\/wp\/v2\/posts\/352377","targetHints":{"allow":["GET"]}}],"collection":[{"href":"https:\/\/www.europesays.com\/fr\/wp-json\/wp\/v2\/posts"}],"about":[{"href":"https:\/\/www.europesays.com\/fr\/wp-json\/wp\/v2\/types\/post"}],"author":[{"embeddable":true,"href":"https:\/\/www.europesays.com\/fr\/wp-json\/wp\/v2\/users\/2"}],"replies":[{"embeddable":true,"href":"https:\/\/www.europesays.com\/fr\/wp-json\/wp\/v2\/comments?post=352377"}],"version-history":[{"count":0,"href":"https:\/\/www.europesays.com\/fr\/wp-json\/wp\/v2\/posts\/352377\/revisions"}],"wp:featuredmedia":[{"embeddable":true,"href":"https:\/\/www.europesays.com\/fr\/wp-json\/wp\/v2\/media\/352378"}],"wp:attachment":[{"href":"https:\/\/www.europesays.com\/fr\/wp-json\/wp\/v2\/media?parent=352377"}],"wp:term":[{"taxonomy":"category","embeddable":true,"href":"https:\/\/www.europesays.com\/fr\/wp-json\/wp\/v2\/categories?post=352377"},{"taxonomy":"post_tag","embeddable":true,"href":"https:\/\/www.europesays.com\/fr\/wp-json\/wp\/v2\/tags?post=352377"}],"curies":[{"name":"wp","href":"https:\/\/api.w.org\/{rel}","templated":true}]}}