{"id":352379,"date":"2025-08-29T15:17:13","date_gmt":"2025-08-29T15:17:13","guid":{"rendered":"https:\/\/www.europesays.com\/fr\/352379\/"},"modified":"2025-08-29T15:17:13","modified_gmt":"2025-08-29T15:17:13","slug":"le-successeur-de-zelensky-deja-designe-par-les-etats-unis-et-le-royaume-uni","status":"publish","type":"post","link":"https:\/\/www.europesays.com\/fr\/352379\/","title":{"rendered":"Le successeur de Zelensky d\u00e9j\u00e0 d\u00e9sign\u00e9 par les Etats-Unis et le Royaume-Uni\u00a0?"},"content":{"rendered":"<p>Les semaines se suivent mais le sommet entre <a href=\"https:\/\/www.20minutes.fr\/monde\/volodymyr-zelensky\/\" class=\"c-link c-link--is-underlined\" target=\"_blank\" rel=\"noopener\">Volodymyr Zelensky<\/a> et <a href=\"https:\/\/www.20minutes.fr\/monde\/vladimir_poutine\/\" class=\"c-link c-link--is-underlined\" target=\"_blank\" rel=\"noopener\">Vladimir Poutine<\/a> ne se concr\u00e9tise pas. <a href=\"https:\/\/www.20minutes.fr\/dossier\/donald_trump\" class=\"c-link c-link--is-underlined\" target=\"_blank\" rel=\"noopener\">Donald Trump<\/a> avait pourtant assur\u00e9 que le sommet se tiendrait avant ce lundi 1er\u00a0septembre. Un \u00e9chec pour le pr\u00e9sident am\u00e9ricain. Lass\u00e9, peut-\u00eatre aurait-il privil\u00e9gi\u00e9 un autre sc\u00e9nario\u00a0: remplacer tout simplement l\u2019un des dirigeants.<\/p>\n<p>Selon des internautes, les Etats-Unis et le <a href=\"https:\/\/www.20minutes.fr\/monde\/royaume-uni\/\" class=\"c-link c-link--is-underlined\" target=\"_blank\" rel=\"noopener\">Royaume-Uni<\/a> m\u00e8neraient une strat\u00e9gie secr\u00e8te qui viserait \u00e0 destituer Zelensky. Son successeur serait m\u00eame d\u00e9j\u00e0 d\u00e9sign\u00e9 et ne serait autre que Valeri Zaloujny, ancien commandant en chef et actuel ambassadeur en Grande-Bretagne.<\/p>\n<p>Toujours selon les publications, une r\u00e9union secr\u00e8te se serait m\u00eame tenue dans les <a href=\"https:\/\/www.20minutes.fr\/dossier\/alpes\" class=\"c-link c-link--is-underlined\" target=\"_blank\" rel=\"noopener\">Alpes<\/a>, afin d\u2019organiser cette fin de mandat du pr\u00e9sident ukrainien. Une trahison de la plus haute importance puisque Andriy Yermak, le chef du cabinet pr\u00e9sidentiel, et Kyrylo Budanov, le chef du renseignement militaire, y auraient \u00e9t\u00e9 pr\u00e9sents.<\/p>\n<p>FAKE OFF<\/p>\n<p>En apparence les \u00e9l\u00e9ments semblent plut\u00f4t coh\u00e9rents\u00a0: le choix de Valeri Zaloujny par les Anglais alors qu\u2019il est ambassadeur en Grande-Bretagne. Mais surtout, parce que l\u2019homme <a href=\"https:\/\/www.google.com\/url?sa=t&amp;source=web&amp;rct=j&amp;opi=89978449&amp;url=https:\/\/www.20minutes.fr\/monde\/ukraine\/4169746-20250828-ukraine-tres-populaire-general-valeri-zaloujny-pressenti-comme-successeur-zelensky&amp;ved=2ahUKEwjSrKqunbCPAxWiVqQEHUAECtAQFnoECCEQAQ&amp;usg=AOvVaw1HV3Zag5gr9EiVzw31nYB8\" class=\"c-link c-link--is-underlined\" target=\"_blank\" rel=\"noopener\">est r\u00e9ellement le favori<\/a> pour succ\u00e9der \u00e0 Volodymyr Zelensky.<\/p>\n<p>Selon les derniers sondages, il b\u00e9n\u00e9ficie d\u2019une cote de popularit\u00e9 de 73\u00a0% et d\u2019intentions de vote au-del\u00e0 des 30\u00a0%, en cas de nouvelles \u00e9lections. Et peut-\u00eatre le plus important, il est tr\u00e8s appr\u00e9ci\u00e9 des dirigeants et de la diplomatie am\u00e9ricaine.<\/p>\n<\/p>\n<p>Mais en r\u00e9alit\u00e9 de nombreux \u00e9l\u00e9ments pointent vers une \u00e9ni\u00e8me campagne de d\u00e9sinformation. D\u00e9j\u00e0, comme l\u2019ont rapport\u00e9 plusieurs m\u00e9dias internationaux, Valeri Zaloujny est bien loin de mener des conversations amicales avec les dirigeants am\u00e9ricains. Il aurait r\u00e9cemment refus\u00e9 de s\u2019entretenir avec <a href=\"https:\/\/www.20minutes.fr\/monde\/vance\/\" class=\"c-link c-link--is-underlined\" target=\"_blank\" rel=\"noopener\">J.D. Vance<\/a>.<\/p>\n<p>Une campagne pour \u00ab\u00a0saper le leadership de l\u2019Ukraine\u00a0\u00bb<\/p>\n<p>D\u2019ailleurs, l\u2019ambassade britannique, elle-m\u00eame, a d\u00e9menti toute volont\u00e9 de Zaloujny de remplacer Zelensky pour l\u2019instant\u00a0: \u00ab\u00a0Il a r\u00e9p\u00e9t\u00e9 \u00e0 maintes reprises que, pendant la guerre, nous devons \u0153uvrer pour sauver le pays et ne pas penser aux \u00e9lections, et cela n\u2019a pas chang\u00e9.\u00a0\u00bb<\/p>\n<p>Le faux message a d\u2019ailleurs \u00e9t\u00e9 relay\u00e9 en premier en Russie, sur les r\u00e9seaux sociaux mais aussi dans les m\u00e9dias du pays. Il a ensuite \u00e9t\u00e9 repartag\u00e9 massivement par les comptes prorusse \u00e0 l\u2019international.<\/p>\n<p><a href=\"https:\/\/www.google.com\/url?sa=t&amp;source=web&amp;rct=j&amp;opi=89978449&amp;url=https:\/\/www.20minutes.fr\/monde\/ukraine\/&amp;ved=2ahUKEwi5jJTVnLCPAxU_TKQEHRD6FyYQFnoECBwQAQ&amp;usg=AOvVaw2ZN4b2JUqY-dMhsGC6ehKV\" class=\"c-link c-btn c-btn--primary\" target=\"_blank\" rel=\"noopener\">Retrouvez notre dossier sur la Guerre en Ukraine<\/a><\/p>\n<p>Le cas s\u2019est pr\u00e9sent\u00e9 \u00e0 de nombreuses reprises depuis le d\u00e9but du conflit. De nombreuses fausses informations ont \u00e9t\u00e9 partag\u00e9es par des r\u00e9seaux russes dans le but d\u2019influer sur le conflit. Par exemple, le pr\u00e9tendu achat de <a href=\"https:\/\/www.google.com\/url?sa=t&amp;source=web&amp;rct=j&amp;opi=89978449&amp;url=https:\/\/www.20minutes.fr\/monde\/ukraine\/4158239-20250615-video-guerre-ukraine-fausses-proprietes-volodymyr-zelensky-service-discours-pro-russe&amp;ved=2ahUKEwiigPW8nbCPAxVoRKQEHbZuDY0QtwJ6BAgOEAI&amp;usg=AOvVaw1GEvxmglhWcDpakkynCCQe\" class=\"c-link c-link--is-underlined\" target=\"_blank\" rel=\"noopener\">propri\u00e9t\u00e9s tr\u00e8s on\u00e9reuses par Volodymyr Zelensky<\/a> avait pour objectif de le d\u00e9cr\u00e9dibiliser aux yeux de son peuple, mais aussi aux yeux des dirigeants europ\u00e9ens qui lui apportent leur soutien.<\/p>\n<p>Les renseignements ukrainiens ont d\u2019ailleurs d\u00e9menti cette potentielle prochaine destitution du pr\u00e9sident sur leur principal canal de communication, \u00e0 savoir <a href=\"https:\/\/www.20minutes.fr\/high-tech\/telegram\/\" class=\"c-link c-link--is-underlined\" target=\"_blank\" rel=\"noopener\">Telegram<\/a>. Il s\u2019agit d\u2019une \u00ab\u00a0op\u00e9ration d\u2019information psychologique \u00e9vidente visant \u00e0 saper le leadership de l\u2019Ukraine\u00a0\u00bb, ont-ils \u00e9crit. Ils avancent \u00e9galement que cela aurait \u00e9t\u00e9 \u00ab\u00a0bricol\u00e9 par les services de renseignement \u00e9trangers russes\u00a0\u00bb.<\/p>\n","protected":false},"excerpt":{"rendered":"Les semaines se suivent mais le sommet entre Volodymyr Zelensky et Vladimir Poutine ne se concr\u00e9tise pas. Donald&hellip;\n","protected":false},"author":2,"featured_media":352380,"comment_status":"","ping_status":"","sticky":false,"template":"","format":"standard","meta":{"footnotes":""},"categories":[1590],"tags":[47,11,7733,75,73,1777,674,131,74,12,473,132,220,135,134],"class_list":{"0":"post-352379","1":"post","2":"type-post","3":"status-publish","4":"format-standard","5":"has-post-thumbnail","7":"category-ukraine","8":"tag-actualite","9":"tag-actualites","10":"tag-alpes","11":"tag-donald-trump","12":"tag-etats-unis","13":"tag-eu","14":"tag-europe","15":"tag-guerre-en-ukraine","16":"tag-monde","17":"tag-news","18":"tag-royaume-uni","19":"tag-russie","20":"tag-ukraine","21":"tag-vladimir-poutine","22":"tag-volodymyr-zelensky"},"share_on_mastodon":{"url":"https:\/\/pubeurope.com\/@fr\/115112722069690174","error":""},"_links":{"self":[{"href":"https:\/\/www.europesays.com\/fr\/wp-json\/wp\/v2\/posts\/352379","targetHints":{"allow":["GET"]}}],"collection":[{"href":"https:\/\/www.europesays.com\/fr\/wp-json\/wp\/v2\/posts"}],"about":[{"href":"https:\/\/www.europesays.com\/fr\/wp-json\/wp\/v2\/types\/post"}],"author":[{"embeddable":true,"href":"https:\/\/www.europesays.com\/fr\/wp-json\/wp\/v2\/users\/2"}],"replies":[{"embeddable":true,"href":"https:\/\/www.europesays.com\/fr\/wp-json\/wp\/v2\/comments?post=352379"}],"version-history":[{"count":0,"href":"https:\/\/www.europesays.com\/fr\/wp-json\/wp\/v2\/posts\/352379\/revisions"}],"wp:featuredmedia":[{"embeddable":true,"href":"https:\/\/www.europesays.com\/fr\/wp-json\/wp\/v2\/media\/352380"}],"wp:attachment":[{"href":"https:\/\/www.europesays.com\/fr\/wp-json\/wp\/v2\/media?parent=352379"}],"wp:term":[{"taxonomy":"category","embeddable":true,"href":"https:\/\/www.europesays.com\/fr\/wp-json\/wp\/v2\/categories?post=352379"},{"taxonomy":"post_tag","embeddable":true,"href":"https:\/\/www.europesays.com\/fr\/wp-json\/wp\/v2\/tags?post=352379"}],"curies":[{"name":"wp","href":"https:\/\/api.w.org\/{rel}","templated":true}]}}