{"id":352381,"date":"2025-08-29T15:18:11","date_gmt":"2025-08-29T15:18:11","guid":{"rendered":"https:\/\/www.europesays.com\/fr\/352381\/"},"modified":"2025-08-29T15:18:11","modified_gmt":"2025-08-29T15:18:11","slug":"trump-demande-la-suppression-de-49-milliards-de-dollars-daide-internationale","status":"publish","type":"post","link":"https:\/\/www.europesays.com\/fr\/352381\/","title":{"rendered":"Trump demande la suppression de 4,9\u00a0milliards de dollars d\u2019aide internationale"},"content":{"rendered":"<p>Donald Trump a demand\u00e9 au Congr\u00e8s am\u00e9ricain d\u2019approuver la suppression de 4,9\u00a0milliards de dollars suppl\u00e9mentaires d\u2019aide internationale, a indiqu\u00e9 vendredi 29\u00a0ao\u00fbt la Maison-Blanche, une annonce qui augmente fortement les probabilit\u00e9s de paralysie de l\u2019\u00c9tat f\u00e9d\u00e9ral fin septembre.<\/p>\n<p>La suppression \u00ab\u00a0touche des programmes du d\u00e9partement d\u2019\u00c9tat ainsi que l\u2019Agence des \u00c9tats-Unis pour le d\u00e9veloppement international, et des programmes d\u2019assistance internationale\u00a0\u00bb, pr\u00e9cise la lettre envoy\u00e9e au pr\u00e9sident r\u00e9publicain de la Chambre des repr\u00e9sentants et partag\u00e9e par le bureau du budget de la Maison-Blanche. Le pr\u00e9sident Trump \u00ab\u00a0mettra toujours L\u2019AM\u00c9RIQUE D\u2019ABORD\u00a0\u00bb, a \u00e9crit le bureau sur X.<\/p>\n<blockquote class=\"twitter-tweet\">\n<p lang=\"en\" dir=\"ltr\">\ud83d\udea8 Last night, President Trump CANCELLED $4.9 billion in America Last foreign aid using a pocket rescission.<a href=\"https:\/\/twitter.com\/POTUS?ref_src=twsrc%5Etfw\" rel=\"nofollow noopener\" target=\"_blank\">@POTUS<\/a> will always put AMERICA FIRST! <a href=\"https:\/\/t.co\/1DvXYGdy3B\" rel=\"nofollow\">pic.twitter.com\/1DvXYGdy3B<\/a><\/p>\n<p>\u2014 Office of Management and Budget (@WHOMB) <a href=\"https:\/\/twitter.com\/WHOMB\/status\/1961410044907458780?ref_src=twsrc%5Etfw\" rel=\"nofollow noopener\" target=\"_blank\">August 29, 2025<\/a><\/p><\/blockquote>\n<p class=\"article-embed-disclaimer__text\">\n                Ce contenu est bloqu\u00e9 car vous n&rsquo;avez pas accept\u00e9 les cookies et autres traceurs.\n            <\/p>\n<p>\n                Je g\u00e8re mes choix<br \/>\n                J&rsquo;autorise\n            <\/p>\n<p>Les d\u00e9mocrates avaient averti r\u00e9cemment que toute volont\u00e9 de revenir sur des fonds d\u00e9j\u00e0 approuv\u00e9s par le Congr\u00e8s an\u00e9antirait toute possibilit\u00e9 de n\u00e9gocier avec eux pour \u00e9viter la paralysie budg\u00e9taire, le fameux \u00ab\u00a0shutdown\u00a0\u00bb, avant l\u2019\u00e9ch\u00e9ance du 30\u00a0septembre.<\/p>\n<p>Coupes dans les fonds pour le d\u00e9veloppement international<\/p>\n<p>Le Congr\u00e8s a jusqu\u2019\u00e0 cette date pour adopter un budget, m\u00eame temporaire. Sans quoi, des centaines de milliers de fonctionnaires se trouveraient au ch\u00f4mage technique, sans paie. Le trafic a\u00e9rien serait perturb\u00e9, comme le versement de certaines aides alimentaires aux familles \u00e0 bas revenus, entre autres cons\u00e9quences.<\/p>\n<p>Une situation hautement risqu\u00e9e \u00e9conomiquement et politiquement, que Donald Trump avait \u00e9vit\u00e9e de justesse en mars avec l\u2019appui \u00e0 contrec\u0153ur de dix s\u00e9nateurs d\u00e9mocrates. Le recul de ces \u00e9lus de l\u2019opposition avait provoqu\u00e9 une vive pol\u00e9mique dans leurs rangs et chez leurs partisans, qui les ont accus\u00e9s de ne pas r\u00e9sister avec suffisamment de fermet\u00e9 au pr\u00e9sident r\u00e9publicain.<\/p>\n<p>La Constitution am\u00e9ricaine dispose que le Congr\u00e8s poss\u00e8de seul le pouvoir d\u2019allouer les fonds publics f\u00e9d\u00e9raux. Pour valider cette nouvelle suppression budg\u00e9taire, Donald Trump devra donc obtenir l\u2019approbation des deux chambres parlementaires, o\u00f9 les r\u00e9publicains sont majoritaires.<\/p>\n<p>Selon le tablo\u00efd New York Post, qui a r\u00e9v\u00e9l\u00e9 l\u2019information jeudi soir, la grande majorit\u00e9 des coupes (3,2\u00a0milliards de dollars), concerneraient les fonds allou\u00e9s \u00e0 l\u2019agence am\u00e9ricaine pour le d\u00e9veloppement international (USAID). Depuis son retour \u00e0 la Maison-Blanche en janvier, Donald Trump a d\u00e9j\u00e0 gel\u00e9 des milliards de dollars destin\u00e9s \u00e0 l\u2019aide internationale et <a href=\"https:\/\/www.la-croix.com\/l-administration-trump-supprime-plus-de-90-des-financements-a-l-etranger-de-l-agence-usaid-20250227\" data-tracking=\"inpage_click\" data-tracking-action=\"suivre un lien dans l&#039;article\" data-tracking-category=\"engagement\" rel=\"nofollow noopener\" target=\"_blank\">a formellement d\u00e9mantel\u00e9 USAID<\/a>, aujourd\u2019hui absorb\u00e9e dans le d\u00e9partement d\u2019\u00c9tat, charg\u00e9 de la diplomatie am\u00e9ricaine.<\/p>\n<p>Plus importante agence humanitaire au niveau mondial, USAID \u00e9tait impliqu\u00e9e dans des programmes de sant\u00e9 et d\u2019aide d\u2019urgence dans environ 120 pays. En juillet, une \u00e9tude internationale avait r\u00e9v\u00e9l\u00e9 que l\u2019effondrement des financements am\u00e9ricains d\u00e9di\u00e9s \u00e0 l\u2019aide internationale<a href=\"https:\/\/www.la-croix.com\/a-vif\/coupes-de-l-usaid-affaiblir-laide-en-sante-mondiale-cest-semer-linstabilite-de-demain-20250715\" data-tracking=\"inpage_click\" data-tracking-action=\"suivre un lien dans l&#039;article\" data-tracking-category=\"engagement\" rel=\"nofollow noopener\" target=\"_blank\"> pourrait entra\u00eener plus de 14\u00a0millions de morts suppl\u00e9mentaires d\u2019ici 2030<\/a> parmi les plus vuln\u00e9rables, dont un tiers d\u2019enfants.<\/p>\n<p>Toujours selon le \u00ab\u00a0Post\u00a0\u00bb, quelque 838\u00a0millions de dollars destin\u00e9s \u00e0 des missions de maintien de la paix sont \u00e9galement concern\u00e9s par les coupes demand\u00e9es par Donald Trump. Le milliardaire de 79\u00a0ans s\u2019est engag\u00e9 personnellement depuis plusieurs mois dans une campagne pour obtenir le prix Nobel de la paix, argumentant avoir mis fin \u00e0 lui seul \u00e0 plus de six conflits depuis le d\u00e9but de son second mandat.<\/p>\n<p><script async src=\"https:\/\/platform.twitter.com\/widgets.js\" charset=\"utf-8\"><\/script><\/p>\n","protected":false},"excerpt":{"rendered":"Donald Trump a demand\u00e9 au Congr\u00e8s am\u00e9ricain d\u2019approuver la suppression de 4,9\u00a0milliards de dollars suppl\u00e9mentaires d\u2019aide internationale, a&hellip;\n","protected":false},"author":2,"featured_media":352382,"comment_status":"","ping_status":"","sticky":false,"template":"","format":"standard","meta":{"footnotes":""},"categories":[1589],"tags":[11,73,1866,12,1864,1865,1863,308],"class_list":{"0":"post-352381","1":"post","2":"type-post","3":"status-publish","4":"format-standard","5":"has-post-thumbnail","7":"category-etats-unis","8":"tag-actualites","9":"tag-etats-unis","10":"tag-etats-unis-damerique","11":"tag-news","12":"tag-united-states","13":"tag-united-states-of-america","14":"tag-us","15":"tag-usa"},"share_on_mastodon":{"url":"https:\/\/pubeurope.com\/@fr\/115112726243766571","error":""},"_links":{"self":[{"href":"https:\/\/www.europesays.com\/fr\/wp-json\/wp\/v2\/posts\/352381","targetHints":{"allow":["GET"]}}],"collection":[{"href":"https:\/\/www.europesays.com\/fr\/wp-json\/wp\/v2\/posts"}],"about":[{"href":"https:\/\/www.europesays.com\/fr\/wp-json\/wp\/v2\/types\/post"}],"author":[{"embeddable":true,"href":"https:\/\/www.europesays.com\/fr\/wp-json\/wp\/v2\/users\/2"}],"replies":[{"embeddable":true,"href":"https:\/\/www.europesays.com\/fr\/wp-json\/wp\/v2\/comments?post=352381"}],"version-history":[{"count":0,"href":"https:\/\/www.europesays.com\/fr\/wp-json\/wp\/v2\/posts\/352381\/revisions"}],"wp:featuredmedia":[{"embeddable":true,"href":"https:\/\/www.europesays.com\/fr\/wp-json\/wp\/v2\/media\/352382"}],"wp:attachment":[{"href":"https:\/\/www.europesays.com\/fr\/wp-json\/wp\/v2\/media?parent=352381"}],"wp:term":[{"taxonomy":"category","embeddable":true,"href":"https:\/\/www.europesays.com\/fr\/wp-json\/wp\/v2\/categories?post=352381"},{"taxonomy":"post_tag","embeddable":true,"href":"https:\/\/www.europesays.com\/fr\/wp-json\/wp\/v2\/tags?post=352381"}],"curies":[{"name":"wp","href":"https:\/\/api.w.org\/{rel}","templated":true}]}}