{"id":352383,"date":"2025-08-29T15:19:10","date_gmt":"2025-08-29T15:19:10","guid":{"rendered":"https:\/\/www.europesays.com\/fr\/352383\/"},"modified":"2025-08-29T15:19:10","modified_gmt":"2025-08-29T15:19:10","slug":"le-royaume-uni-interdit-aux-responsables-israeliens-de-participer-a-un-salon-de-larmement","status":"publish","type":"post","link":"https:\/\/www.europesays.com\/fr\/352383\/","title":{"rendered":"Le Royaume-Uni interdit aux responsables isra\u00e9liens de participer \u00e0 un salon de l\u2019armement"},"content":{"rendered":"<p>Alors que <a href=\"https:\/\/www.humanite.fr\/monde\/etat-palestinien\/reconnaissance-de-la-palestine-keir-starmer-ouvre-la-porte-et-fixe-des-conditions-bancales-a-israel\" target=\"_blank\" rel=\"noopener\">le Premier ministre britannique, Keir Starmer<\/a> se pr\u00e9pare \u00e0 reconna\u00eetre un \u00c9tat palestinien, dans la m\u00eame vague que <a href=\"https:\/\/www.humanite.fr\/monde\/australie\/la-force-ne-se-mesure-pas-au-nombre-de-personnes-que-vous-pouvez-faire-exploser-face-aux-accusations-en-antisemitisme-de-netanyahou-la-france-et-laustralie-rep\" target=\"_blank\" rel=\"noopener\">la France et l\u2019Australie<\/a> notamment, le Royaume-Uni a annonc\u00e9 ne pas inviter de responsables isra\u00e9liens au Defence and Security Equipment International (DSEI), un important salon de l\u2019armement se tenant d\u00e9but septembre.<\/p>\n<p>\u00ab\u00a0La d\u00e9cision du gouvernement isra\u00e9lien d\u2019intensifier son op\u00e9ration militaire \u00e0 Gaza est erron\u00e9e. Par cons\u00e9quent, nous pouvons confirmer qu\u2019aucune d\u00e9l\u00e9gation gouvernementale isra\u00e9lienne ne sera invit\u00e9e \u00e0 participer au DSEI UK 2025\u00a0\u00bb, a ainsi indiqu\u00e9 un porte-parole du minist\u00e8re de la D\u00e9fense dans une d\u00e9claration transmise \u00e0 l\u2019Agence France-Presse.<\/p>\n<p>L\u2019industrie de l\u2019armement isra\u00e9lienne sera bien pr\u00e9sente<\/p>\n<p>\u00ab\u00a0Ces restrictions constituent un acte d\u00e9lib\u00e9r\u00e9 et regrettable de discrimination\u00a0\u00bb, a imm\u00e9diatement r\u00e9agi le minist\u00e8re isra\u00e9lien de la D\u00e9fense, dans une \u00e9ni\u00e8me tentative d\u2019instrumentaliser l\u2019antis\u00e9mitisme.<\/p>\n<p>Le minist\u00e8re apporte toutefois son soutien aux entreprises isra\u00e9liennes \u00ab\u00a0qui choisissent de participer\u00a0\u00bb. Car oui, des soci\u00e9t\u00e9s <a href=\"https:\/\/www.humanite.fr\/societe\/armee-israelienne\/guerre-a-gaza-thales-aurait-vendu-a-israel-2-millions-deuros-de-pieces-pour-la-modernisation-de-ses-drones\" target=\"_blank\" rel=\"noopener\">comme Elbit Systems<\/a>, Rafael, IAI et Uvision, pourront y prendre part.<\/p>\n<p>\u00c0 titre d\u2019exemple, Elbit Systems est le principal fournisseur de l\u2019\u00e9quipement terrestre et de drones de l\u2019arm\u00e9e isra\u00e9lienne. Le m\u00e9dia qatari Al-Jazeera avait m\u00eame r\u00e9v\u00e9l\u00e9 que les forces de Benyamin Netanyahou testaient le mat\u00e9riel fourni par Elbit Systems en Cisjordanie et dans la bande de Gaza. Des drones de cette entreprise ont en effet \u00e9t\u00e9 utilis\u00e9s contre des civils, notamment lors de <a href=\"https:\/\/www.humanite.fr\/monde\/bande-de-gaza\/gaza-apres-la-mort-de-sept-humanitaires-la-strategie-de-la-famine-disrael-de-plus-en-plus-critiquee\" target=\"_blank\" rel=\"noopener\">l\u2019attaque d\u2019un convoi humanitaire de la World Central Kitchen<\/a> en avril 2024.<\/p>\n<p>La pr\u00e9sence isra\u00e9lienne est d\u00e9nonc\u00e9e par plusieurs organisations qui pr\u00e9voient de manifester \u00e0 l\u2019ouverture du salon qui se tient du 9 au 12\u00a0septembre. L\u2019ONG Campaign against arm trade a ainsi point\u00e9 en d\u00e9but de semaine \u00ab\u00a0la pr\u00e9sence d\u2019un pavillon isra\u00e9lien, aux c\u00f4t\u00e9s de nombreuses entreprises de d\u00e9fense isra\u00e9liennes, britanniques et internationales\u00a0\u00bb, les accusant de \u00ab\u00a0complicit\u00e9\u00a0\u00bb.<\/p>\n<p>La pr\u00e9sence de responsable et d\u2019entreprises d\u2019armements isra\u00e9liens \u00e0 ce genre d\u2019\u00e9v\u00e8nement pose r\u00e9guli\u00e8rement probl\u00e8me. En juin dernier, des repr\u00e9sentants isra\u00e9liens devaient se voir d\u00e9rouler le tapis rouge au Salon du Bourget de 2025, avant que <a href=\"https:\/\/www.humanite.fr\/politique\/boycott-produits-israeliens\/salon-du-bourget-cinq-stands-israeliens-presentant-des-armes-offensives-resteront-fermes\" target=\"_blank\" rel=\"noopener\">le gouvernement fran\u00e7ais ne r\u00e9trop\u00e9dale<\/a>.<\/p>\n<p>Pour une information libre sur la Palestine<\/p>\n<p>Nous avons \u00e9t\u00e9 l\u2019un des premiers m\u00e9dias fran\u00e7ais \u00e0 d\u00e9fendre le droit des Palestiniens \u00e0 disposer d\u2019un \u00c9tat viable dans le respect des r\u00e9solutions de l\u2019ONU. Et nous avons inlassablement d\u00e9fendu la paix au Proche-Orient. Aidez-nous \u00e0 continuer de vous informer sur ce qui se passe l\u00e0-bas. Gr\u00e2ce \u00e0 vos dons.<br \/><a href=\"https:\/\/www.humanite.fr\/lhumanite-cest-vous\" data-type=\"link\" data-id=\"https:\/\/www.humanite.fr\/lhumanite-cest-vous\" target=\"_blank\" rel=\"noopener\">Je veux en savoir plus\u00a0!<\/a><\/p>\n","protected":false},"excerpt":{"rendered":"Alors que le Premier ministre britannique, Keir Starmer se pr\u00e9pare \u00e0 reconna\u00eetre un \u00c9tat palestinien, dans la m\u00eame&hellip;\n","protected":false},"author":2,"featured_media":352384,"comment_status":"","ping_status":"","sticky":false,"template":"","format":"standard","meta":{"footnotes":""},"categories":[1588],"tags":[11,1924,27424,1777,674,15131,2581,12,473,1853,1851,1850,1852],"class_list":{"0":"post-352383","1":"post","2":"type-post","3":"status-publish","4":"format-standard","5":"has-post-thumbnail","7":"category-royaume-uni","8":"tag-actualites","9":"tag-armement","10":"tag-armu00e9e-israu00e9lienne","11":"tag-eu","12":"tag-europe","13":"tag-israu00ebl-palestine","14":"tag-keir-starmer","15":"tag-news","16":"tag-royaume-uni","17":"tag-royaume-uni-de-grande-bretagne-et-dirlande-du-nord","18":"tag-uk","19":"tag-united-kingdom","20":"tag-united-kingdom-of-great-britain-and-northern-ireland"},"share_on_mastodon":{"url":"https:\/\/pubeurope.com\/@fr\/115112729854862690","error":""},"_links":{"self":[{"href":"https:\/\/www.europesays.com\/fr\/wp-json\/wp\/v2\/posts\/352383","targetHints":{"allow":["GET"]}}],"collection":[{"href":"https:\/\/www.europesays.com\/fr\/wp-json\/wp\/v2\/posts"}],"about":[{"href":"https:\/\/www.europesays.com\/fr\/wp-json\/wp\/v2\/types\/post"}],"author":[{"embeddable":true,"href":"https:\/\/www.europesays.com\/fr\/wp-json\/wp\/v2\/users\/2"}],"replies":[{"embeddable":true,"href":"https:\/\/www.europesays.com\/fr\/wp-json\/wp\/v2\/comments?post=352383"}],"version-history":[{"count":0,"href":"https:\/\/www.europesays.com\/fr\/wp-json\/wp\/v2\/posts\/352383\/revisions"}],"wp:featuredmedia":[{"embeddable":true,"href":"https:\/\/www.europesays.com\/fr\/wp-json\/wp\/v2\/media\/352384"}],"wp:attachment":[{"href":"https:\/\/www.europesays.com\/fr\/wp-json\/wp\/v2\/media?parent=352383"}],"wp:term":[{"taxonomy":"category","embeddable":true,"href":"https:\/\/www.europesays.com\/fr\/wp-json\/wp\/v2\/categories?post=352383"},{"taxonomy":"post_tag","embeddable":true,"href":"https:\/\/www.europesays.com\/fr\/wp-json\/wp\/v2\/tags?post=352383"}],"curies":[{"name":"wp","href":"https:\/\/api.w.org\/{rel}","templated":true}]}}