{"id":352387,"date":"2025-08-29T15:21:16","date_gmt":"2025-08-29T15:21:16","guid":{"rendered":"https:\/\/www.europesays.com\/fr\/352387\/"},"modified":"2025-08-29T15:21:16","modified_gmt":"2025-08-29T15:21:16","slug":"les-presidents-francais-et-leurope-du-plan-marshall-au-general-de-gaulle-1948-1969","status":"publish","type":"post","link":"https:\/\/www.europesays.com\/fr\/352387\/","title":{"rendered":"Les pr\u00e9sidents fran\u00e7ais et l\u2019Europe\u00a0: du plan Marshall au g\u00e9n\u00e9ral de Gaulle\u00a0(1948-1969)\u00a0"},"content":{"rendered":"<p>\tLes pr\u00e9sidents fran\u00e7ais et l\u2019Europe\u00a0: du plan Marshall au g\u00e9n\u00e9ral de Gaulle\u00a0(1948-1969)\u00a0 &#8211; Touteleurope.eu<\/p>\n<p>\t\t<img decoding=\"async\" alt=\"fermer\" class=\"close-info\" src=\"https:\/\/www.touteleurope.eu\/wp-content\/themes\/toute_leurope\/assets\/images\/close-picto-blue.svg\"\/><\/p>\n<p>Touteleurope.eu est le site p\u00e9dagogique de r\u00e9f\u00e9rence sur les questions europ\u00e9ennes : <a href=\"https:\/\/www.touteleurope.eu\/qui-sommes-nous\/\" target=\"_blank\" rel=\"noopener\">Qui sommes-nous ?<\/a><\/p>\n<p><img decoding=\"async\" class=\"logo-pdf\" alt=\"Toute L'Europe \u2013 Comprendre l'Europe\" src=\"data:image\/svg+xml,%3Csvg%20xmlns=\" http:=\"\" data-lazy-src=\"https:\/\/www.touteleurope.eu\/wp-content\/themes\/toute_leurope\/assets\/images\/logo-ttl.svg\"\/><\/p>\n","protected":false},"excerpt":{"rendered":"Les pr\u00e9sidents fran\u00e7ais et l\u2019Europe\u00a0: du plan Marshall au g\u00e9n\u00e9ral de Gaulle\u00a0(1948-1969)\u00a0 &#8211; Touteleurope.eu Touteleurope.eu est le site&hellip;\n","protected":false},"author":2,"featured_media":352388,"comment_status":"","ping_status":"","sticky":false,"template":"","format":"standard","meta":{"footnotes":""},"categories":[1586],"tags":[11,14508,1073,1777,674,1011,27,3082,28628,937,3095,12,3091,48898,48899,25,27225,48900],"class_list":{"0":"post-352387","1":"post","2":"type-post","3":"status-publish","4":"format-standard","5":"has-post-thumbnail","7":"category-europe","8":"tag-actualites","9":"tag-charles-de-gaulle","10":"tag-emmanuel-macron","11":"tag-eu","12":"tag-europe","13":"tag-fr","14":"tag-france","15":"tag-francois-hollande","16":"tag-francois-mitterrand","17":"tag-histoire","18":"tag-jacques-chirac","19":"tag-news","20":"tag-nicolas-sarkozy","21":"tag-personnalites-historiques","22":"tag-presidentielle-2017","23":"tag-republique-francaise","24":"tag-toute-leurope","25":"tag-valery-giscard-destaing"},"share_on_mastodon":{"url":"https:\/\/pubeurope.com\/@fr\/115112738159252914","error":""},"_links":{"self":[{"href":"https:\/\/www.europesays.com\/fr\/wp-json\/wp\/v2\/posts\/352387","targetHints":{"allow":["GET"]}}],"collection":[{"href":"https:\/\/www.europesays.com\/fr\/wp-json\/wp\/v2\/posts"}],"about":[{"href":"https:\/\/www.europesays.com\/fr\/wp-json\/wp\/v2\/types\/post"}],"author":[{"embeddable":true,"href":"https:\/\/www.europesays.com\/fr\/wp-json\/wp\/v2\/users\/2"}],"replies":[{"embeddable":true,"href":"https:\/\/www.europesays.com\/fr\/wp-json\/wp\/v2\/comments?post=352387"}],"version-history":[{"count":0,"href":"https:\/\/www.europesays.com\/fr\/wp-json\/wp\/v2\/posts\/352387\/revisions"}],"wp:featuredmedia":[{"embeddable":true,"href":"https:\/\/www.europesays.com\/fr\/wp-json\/wp\/v2\/media\/352388"}],"wp:attachment":[{"href":"https:\/\/www.europesays.com\/fr\/wp-json\/wp\/v2\/media?parent=352387"}],"wp:term":[{"taxonomy":"category","embeddable":true,"href":"https:\/\/www.europesays.com\/fr\/wp-json\/wp\/v2\/categories?post=352387"},{"taxonomy":"post_tag","embeddable":true,"href":"https:\/\/www.europesays.com\/fr\/wp-json\/wp\/v2\/tags?post=352387"}],"curies":[{"name":"wp","href":"https:\/\/api.w.org\/{rel}","templated":true}]}}