{"id":352399,"date":"2025-08-29T15:28:17","date_gmt":"2025-08-29T15:28:17","guid":{"rendered":"https:\/\/www.europesays.com\/fr\/352399\/"},"modified":"2025-08-29T15:28:17","modified_gmt":"2025-08-29T15:28:17","slug":"clermont-officialise-la-prolongation-de-contrat-de-baptiste-jauneau-lequipe","status":"publish","type":"post","link":"https:\/\/www.europesays.com\/fr\/352399\/","title":{"rendered":"Clermont officialise la prolongation de contrat de Baptiste Jauneau &#8211; L&#039;\u00c9quipe"},"content":{"rendered":"<ol>\n<li><a href=\"https:\/\/news.google.com\/rss\/articles\/CBMitgFBVV95cUxPX3NKTlU4SGk5QkV0ck5sZGtsdVRvQnlmNWxFeUFOU0pWZy1RSkxISVI1bXV5MjNQQ0tDaGRnN3FPMHhNbmZFcXgtVHptX0tWeTg4WE9DODZkNjBnVDQ3VEhrQ1JtZU1lQXctSjVCcTdXWTRiU3d0ZGF5MnlqY0V6NDc2TU5zX0Q3d3FITmV4LXU5WW9OX1doOUlvajBna1lIcGwwUHJkWG9jcTJnSlFneXNyZlIydw?oc=5\" target=\"_blank\" rel=\"nofollow noopener\">Clermont officialise la prolongation de contrat de Baptiste Jauneau<\/a>&nbsp;&nbsp;L&rsquo;\u00c9quipe<\/li>\n<li><a href=\"https:\/\/news.google.com\/rss\/articles\/CBMif0FVX3lxTE1md29ZUEU1WmY4WlVMOVRlcDVRbWM0RENNdm9JeGVJZms1WjAzN3ZEbWtYZ1F2VXZNc1g2ZTRCcjlrN1NYMTh6czQzQ3gyMktHT2pZQW83ZC1XNFJ6SjRvQ1hHay05aTg4ZUJnQ2hEY1V5RE9TUU02ZWJMSXQ0ZGc?oc=5\" target=\"_blank\" rel=\"nofollow noopener\">Prolongation XXL<\/a>&nbsp;&nbsp;asm-rugby.com<\/li>\n<li><a href=\"https:\/\/news.google.com\/rss\/articles\/CBMiuwFBVV95cUxQUTA2NHVCMjNDQ0hucldCakkzN2F1bmZBUVB2VGwyckVQWDhLcklwOXdnd01fbWszUnhzWUZHa1BQZFB6a3pVb0ZDTVQ0QkdNMGhmcWhkZ0xXWHdzaFNWZjBCdW9MYXd3M0o5WnhZWHRDZTQtN3VDMjVHVWNrTkxnb3gxVS0tREJ4TXBXZ01zbnZBZDRLbzQwTWZqZF9NMGU5VEQ3N2VWWjlpa2hpdmxsVWtWd3loNEp1VUJz?oc=5\" target=\"_blank\" rel=\"nofollow noopener\">ASM Clermont : Baptiste Jauneau officiellement prolong\u00e9<\/a>&nbsp;&nbsp;La Montagne<\/li>\n<li><a href=\"https:\/\/news.google.com\/rss\/articles\/CBMixwFBVV95cUxQMHZVZktwcFlhR28xbEppZGJKRF9ZTklEYzZSMDFJZkNrZXU2UU8zTFV0UzBQNmppeE5ncTZoYWZVV2l0Q1Q5bUVPSFNyTFBkQmxpTnl3Z3BfeWtPZzJLX1dTRmQ3akNaUE1RbndiNHg3RG4xRDVtWGJueEltVG83cC1ZemVvblFFQk42MHZSd2g3WHJhdG43WjhoV1JobUJMUTBJWW8zSl9MdUFwLXhGNzJfMFhYTDhDeWRJbFI1QjJGc3lTXzJv?oc=5\" target=\"_blank\" rel=\"nofollow noopener\">Clermont d\u00e9ploie une b\u00e2che g\u00e9ante pour annoncer la prolongation de Jauneau<\/a>&nbsp;&nbsp;Rugbyrama<\/li>\n<li><a href=\"https:\/\/news.google.com\/rss\/articles\/CBMivwFBVV95cUxNQ1p6d1pmaVNRLWZ5R2ljX0tpUTFTaWh1OU1kY2VCczVMX2pFeENuem1pMFRreXoxd24xcVhzbjRkLU1hWTBWNUVrZlM0bXVxQmI0b01BQ3Z5R3BKd3JRLXh1TjFZRWtZM0JRQ25IYlJIajdQeEhUN0I2R3dtX2I2NDhHZURxVVNoLTJ3TTlVTmZvTVExbHVGQ3FGR0NkSGVINVVqRnNaVUs1SEdVQ3lNa04tbHNxaU1yN010SFlTNA?oc=5\" target=\"_blank\" rel=\"nofollow noopener\">Top 14 : Clermont prolonge son capitaine Baptiste Jauneau jusqu&rsquo;en 2028<\/a>&nbsp;&nbsp;Le Figaro<\/li>\n<\/ol>\n","protected":false},"excerpt":{"rendered":"Clermont officialise la prolongation de contrat de Baptiste Jauneau&nbsp;&nbsp;L&rsquo;\u00c9quipe Prolongation XXL&nbsp;&nbsp;asm-rugby.com ASM Clermont : Baptiste Jauneau officiellement prolong\u00e9&nbsp;&nbsp;La&hellip;\n","protected":false},"author":2,"featured_media":352400,"comment_status":"","ping_status":"","sticky":false,"template":"","format":"standard","meta":{"footnotes":""},"categories":[1416],"tags":[1011,27,479,1468,60],"class_list":{"0":"post-352399","1":"post","2":"type-post","3":"status-publish","4":"format-standard","5":"has-post-thumbnail","7":"category-rugby","8":"tag-fr","9":"tag-france","10":"tag-rugby","11":"tag-rugby-football","12":"tag-sports"},"share_on_mastodon":{"url":"https:\/\/pubeurope.com\/@fr\/115112765302691711","error":""},"_links":{"self":[{"href":"https:\/\/www.europesays.com\/fr\/wp-json\/wp\/v2\/posts\/352399","targetHints":{"allow":["GET"]}}],"collection":[{"href":"https:\/\/www.europesays.com\/fr\/wp-json\/wp\/v2\/posts"}],"about":[{"href":"https:\/\/www.europesays.com\/fr\/wp-json\/wp\/v2\/types\/post"}],"author":[{"embeddable":true,"href":"https:\/\/www.europesays.com\/fr\/wp-json\/wp\/v2\/users\/2"}],"replies":[{"embeddable":true,"href":"https:\/\/www.europesays.com\/fr\/wp-json\/wp\/v2\/comments?post=352399"}],"version-history":[{"count":0,"href":"https:\/\/www.europesays.com\/fr\/wp-json\/wp\/v2\/posts\/352399\/revisions"}],"wp:featuredmedia":[{"embeddable":true,"href":"https:\/\/www.europesays.com\/fr\/wp-json\/wp\/v2\/media\/352400"}],"wp:attachment":[{"href":"https:\/\/www.europesays.com\/fr\/wp-json\/wp\/v2\/media?parent=352399"}],"wp:term":[{"taxonomy":"category","embeddable":true,"href":"https:\/\/www.europesays.com\/fr\/wp-json\/wp\/v2\/categories?post=352399"},{"taxonomy":"post_tag","embeddable":true,"href":"https:\/\/www.europesays.com\/fr\/wp-json\/wp\/v2\/tags?post=352399"}],"curies":[{"name":"wp","href":"https:\/\/api.w.org\/{rel}","templated":true}]}}