{"id":352404,"date":"2025-08-29T15:32:15","date_gmt":"2025-08-29T15:32:15","guid":{"rendered":"https:\/\/www.europesays.com\/fr\/352404\/"},"modified":"2025-08-29T15:32:15","modified_gmt":"2025-08-29T15:32:15","slug":"briatore-exclut-de-recruter-horner-chez-alpine-f1-pour-le-moment","status":"publish","type":"post","link":"https:\/\/www.europesays.com\/fr\/352404\/","title":{"rendered":"Briatore exclut de recruter Horner chez Alpine F1&#8230; pour le moment"},"content":{"rendered":"<p class=\"mt-5\">Flavio Briatore, conseiller ex\u00e9cutif d\u2019Alpine F1, a plus ou moins exclu l\u2019id\u00e9e que Christian Horner rejoigne l\u2019\u00e9curie de Formule 1, affirmant qu\u2019il n\u2019\u00e9tait pas pr\u00e9vu de l\u2019impliquer \u00ab\u00a0pour le moment\u00a0\u00bb.<\/p>\n<p class=\"mt-5\">Le Britannique a \u00e9t\u00e9 licenci\u00e9 par Red Bull apr\u00e8s le Grand Prix de Grande-Bretagne, mettant fin \u00e0 ses 20 ann\u00e9es \u00e0 la t\u00eate de l\u2019\u00e9curie de Milton Keynes.<\/p>\n<p class=\"mt-5\">Horner, qui \u00e9tait le seul patron de l\u2019\u00e9quipe et le plus ancien de la F1, a \u00e9t\u00e9 imm\u00e9diatement remplac\u00e9 par Laurent Mekies.<\/p>\n<p class=\"mt-5\">Cette d\u00e9cision surprise a rapidement suscit\u00e9 des sp\u00e9culations sur son retour en Formule 1, ravivant les rumeurs de longue date concernant un \u00e9ventuel transfert chez Ferrari ou chez Cadillac. Deux pistes qui ont \u00e9t\u00e9 fermement \u00e9teintes par le renouvellement de Fred Vasseur d\u2019une part, le non ferme de Dan Towriss de l\u2019autre.<\/p>\n<p class=\"mt-5\">Horner a aussi \u00e9t\u00e9 pressenti pour rejoindre Alpine, en raison de son amiti\u00e9 avec Briatore, actuellement directeur d\u2019\u00e9quipe par int\u00e9rim.<\/p>\n<p class=\"mt-5\">Briatore a donc \u00e9t\u00e9 interrog\u00e9 sur la possibilit\u00e9 de voir Horner au sein de l\u2019\u00e9curie d\u2019Enstone.<\/p>\n<p class=\"mt-5\">\u00ab\u00a0Non, je ne le consid\u00e8re pas comme une arriv\u00e9e potentielle pour le moment. Et Christian n\u2019est plus en Formule 1 pour le moment.\u00a0\u00bb<\/p>\n<p class=\"mt-5\">Briatore a d\u00fb revenir sur le muret des stands apr\u00e8s la d\u00e9mission inattendue de l\u2019ancien directeur d\u2019\u00e9quipe, Oliver Oakes.<\/p>\n<p class=\"mt-5\">Steve Nielsen a \u00e9t\u00e9 recrut\u00e9 pour devenir directeur g\u00e9n\u00e9ral d\u2019Alpine F1 (au 1er septembre), mais Briatore reste de facto \u00e0 la t\u00eate de l\u2019\u00e9curie.<\/p>\n<p class=\"mt-5\">Briatore a ajout\u00e9 qu\u2019il souhaitait voir Horner revenir en F1 prochainement. Bien qu\u2019il continue d\u2019exclure un \u00e9ventuel recrutement chez Alpine, une porte semblait rester l\u00e9g\u00e8rement ouverte.<\/p>\n<p class=\"mt-5\">\u00ab\u00a0J\u2019esp\u00e8re qu\u2019il pourra revenir bient\u00f4t. Mais pour l\u2019instant, il n\u2019est pas dans les plans de l\u2019\u00e9quipe.\u00a0\u00bb<\/p>\n<p>Toto Wolff \u00e9voque une r\u00e9union de la mafia\u00a0!<\/p>\n<p class=\"mt-5\">Des rumeurs avaient aussi \u00e9voqu\u00e9 une arriv\u00e9e conjointe de Bernie Ecclestone avec Christian Horner en tant que co-propri\u00e9taires et investisseurs d\u2019Alpine F1.<\/p>\n<p class=\"mt-5\">Cela a fait sourire Toto Wolff, le directeur de Mercedes F1, aux c\u00f4t\u00e9s de Briatore.<\/p>\n<p class=\"mt-5\">\u00ab\u00a0Ce serait une histoire passionnante, je suppose, et cela cr\u00e9erait un v\u00e9ritable buzz autour de la Formule 1. Je pense que nous en avons besoin. La Formule 1 a toujours \u00e9t\u00e9 synonyme de courses exceptionnelles, avec des pilotes passionnants et des personnalit\u00e9s exceptionnelles.\u00a0\u00bb<\/p>\n<p class=\"mt-5\">\u00ab\u00a0Je pense que lorsqu\u2019on repense \u00e0 la grande \u00e9poque des propri\u00e9taires et directeurs d\u2019\u00e9curie \u2013 Frank Williams et Ron Dennis, Flavio, Luca di Montezemolo et quelques autres \u2013, nous devrions peut-\u00eatre y travailler.\u00a0\u00bb<\/p>\n<p class=\"mt-5\">\u00ab\u00a0Si un projet aussi passionnant existait, avec ces trois gars r\u00e9unis, Bernie, Flavio et Christian, toute la mafia r\u00e9unie, cela donnerait un contenu int\u00e9ressant.\u00a0\u00bb<\/p>\n<p><strong>Nouveau\u00a0: comment suivre au mieux l\u2019actualit\u00e9 de notre site\u00a0?<\/strong><\/p>\n<p class=\"mt-5\">Via <a class=\"text-red-600 hover:underline hover:text-red-800 dark:text-inherit dark:underline dark:hover:text-red-500\" href=\"https:\/\/whatsapp.com\/channel\/0029Vb6LABJ3WHTfGY1tUv1q\" rel=\"external nofollow noopener\" target=\"_blank\">notre nouvelle cha\u00eene WhatsApp Nextgen-Auto.com<\/a>\u00a0!<\/p>\n<p class=\"mt-5\">Devenez follower sur WhatsApp pour recevoir des informations en avant-premi\u00e8re sur l\u2019actualit\u00e9 F1, des coulisses du paddock et, bien entendu, les liens des articles les plus importants d\u00e8s leur parution.<\/p>\n<p class=\"mt-5\">N\u2019oubliez pas que vous pouvez aussi <a class=\"text-red-600 hover:underline hover:text-red-800 dark:text-inherit dark:underline dark:hover:text-red-500\" href=\"https:\/\/news.google.com\/publications\/CAAqOggKIjRDQklTSVFnTWFoMEtHMjF2ZEc5eWMzQnZjblF1Ym1WNGRHZGxiaTFoZFhSdkxtTnZiU2dBUAE?hl=fr&amp;gl=FR&amp;ceid=FR:fr\" rel=\"external nofollow noopener\" target=\"_blank\">vous abonner (cliquez sur l\u2019\u00e9toile pour mettre en favori) \u00e0 notre Google News<\/a> si vous utilisez l\u2019appli Google Actualit\u00e9s sur votre smartphone.<\/p>\n<p class=\"mt-5\">Petit rappel aussi\u00a0: par d\u00e9faut le mode clair est activ\u00e9, n\u2019h\u00e9sitez pas \u00e0 tester <strong>le mode sombre<\/strong> en cliquant sur l\u2019ic\u00f4ne \u00ab\u00a0lune\u00a0\u00bb dans le menu en haut du site.<\/p>\n","protected":false},"excerpt":{"rendered":"Flavio Briatore, conseiller ex\u00e9cutif d\u2019Alpine F1, a plus ou moins exclu l\u2019id\u00e9e que Christian Horner rejoigne l\u2019\u00e9curie de&hellip;\n","protected":false},"author":2,"featured_media":352405,"comment_status":"","ping_status":"","sticky":false,"template":"","format":"standard","meta":{"footnotes":""},"categories":[1412],"tags":[1451,1452,1453,1454,1455,1011,27,60],"class_list":{"0":"post-352404","1":"post","2":"type-post","3":"status-publish","4":"format-standard","5":"has-post-thumbnail","7":"category-f1","8":"tag-f1","9":"tag-formula-1","10":"tag-formula1","11":"tag-formule-1","12":"tag-formule1","13":"tag-fr","14":"tag-france","15":"tag-sports"},"share_on_mastodon":{"url":"https:\/\/pubeurope.com\/@fr\/115112780955524284","error":""},"_links":{"self":[{"href":"https:\/\/www.europesays.com\/fr\/wp-json\/wp\/v2\/posts\/352404","targetHints":{"allow":["GET"]}}],"collection":[{"href":"https:\/\/www.europesays.com\/fr\/wp-json\/wp\/v2\/posts"}],"about":[{"href":"https:\/\/www.europesays.com\/fr\/wp-json\/wp\/v2\/types\/post"}],"author":[{"embeddable":true,"href":"https:\/\/www.europesays.com\/fr\/wp-json\/wp\/v2\/users\/2"}],"replies":[{"embeddable":true,"href":"https:\/\/www.europesays.com\/fr\/wp-json\/wp\/v2\/comments?post=352404"}],"version-history":[{"count":0,"href":"https:\/\/www.europesays.com\/fr\/wp-json\/wp\/v2\/posts\/352404\/revisions"}],"wp:featuredmedia":[{"embeddable":true,"href":"https:\/\/www.europesays.com\/fr\/wp-json\/wp\/v2\/media\/352405"}],"wp:attachment":[{"href":"https:\/\/www.europesays.com\/fr\/wp-json\/wp\/v2\/media?parent=352404"}],"wp:term":[{"taxonomy":"category","embeddable":true,"href":"https:\/\/www.europesays.com\/fr\/wp-json\/wp\/v2\/categories?post=352404"},{"taxonomy":"post_tag","embeddable":true,"href":"https:\/\/www.europesays.com\/fr\/wp-json\/wp\/v2\/tags?post=352404"}],"curies":[{"name":"wp","href":"https:\/\/api.w.org\/{rel}","templated":true}]}}