{"id":352408,"date":"2025-08-29T15:34:09","date_gmt":"2025-08-29T15:34:09","guid":{"rendered":"https:\/\/www.europesays.com\/fr\/352408\/"},"modified":"2025-08-29T15:34:09","modified_gmt":"2025-08-29T15:34:09","slug":"le-numero-de-hamed-junior-traore-devoile","status":"publish","type":"post","link":"https:\/\/www.europesays.com\/fr\/352408\/","title":{"rendered":"le num\u00e9ro de Hamed Junior Traor\u00e9 d\u00e9voil\u00e9"},"content":{"rendered":"<p>Il a effectu\u00e9 son premier entrainement ce matin et devrait d\u00e9j\u00e0 \u00eatre dans le groupe pour affronter l\u2019OL dimanche soir, <a href=\"https:\/\/www.footmercato.net\/joueur\/hamed-junior-traore\/\" rel=\"nofollow noopener\" target=\"_blank\">Hamed Junior Traor\u00e9<\/a> est la toute nouvelle recrue de l\u2019OM. L\u2019Ivoirien d\u00e9barque depuis Bournemouth en pr\u00eat avec option d\u2019achat quasi obligatoire de 8 M\u20ac et 50% sur une \u00e9ventuelle revente. <\/p>\n<p>            La suite apr\u00e8s cette publicit\u00e9<\/p>\n<p>Le milieu offensif de 25 ans faisait face \u00e0 la presse ce vendredi pour faire les pr\u00e9sentations. Il a aussi eu l\u2019occasion de montrer son maillot avec le num\u00e9ro qu\u2019il a choisi. Il portera le 20 que portait jusque l\u00e0 Bilal Nadir, et avant lui Lilian Brassier.<\/p>\n<p>            La suite apr\u00e8s cette publicit\u00e9<\/p>\n<p><a href=\"https:\/\/dazn.prf.hn\/click\/camref:1100lRrtL\" class=\"textBlue\" rel=\"nofollow noopener\" target=\"_blank\">Suivez cette rencontre sur DAZN avec l\u2019offre Ligue 1+<\/a><\/p>\n<p>\n    Pub. le 29\/08\/2025 16:16<br \/>\n            &#8211; MAJ le 29\/08\/2025 17:29\n    <\/p>\n","protected":false},"excerpt":{"rendered":"Il a effectu\u00e9 son premier entrainement ce matin et devrait d\u00e9j\u00e0 \u00eatre dans le groupe pour affronter l\u2019OL&hellip;\n","protected":false},"author":2,"featured_media":117161,"comment_status":"","ping_status":"","sticky":false,"template":"","format":"standard","meta":{"footnotes":""},"categories":[1410],"tags":[63,1011,27,60],"class_list":{"0":"post-352408","1":"post","2":"type-post","3":"status-publish","4":"format-standard","5":"has-post-thumbnail","7":"category-football","8":"tag-football","9":"tag-fr","10":"tag-france","11":"tag-sports"},"share_on_mastodon":{"url":"https:\/\/pubeurope.com\/@fr\/115112788949763808","error":""},"_links":{"self":[{"href":"https:\/\/www.europesays.com\/fr\/wp-json\/wp\/v2\/posts\/352408","targetHints":{"allow":["GET"]}}],"collection":[{"href":"https:\/\/www.europesays.com\/fr\/wp-json\/wp\/v2\/posts"}],"about":[{"href":"https:\/\/www.europesays.com\/fr\/wp-json\/wp\/v2\/types\/post"}],"author":[{"embeddable":true,"href":"https:\/\/www.europesays.com\/fr\/wp-json\/wp\/v2\/users\/2"}],"replies":[{"embeddable":true,"href":"https:\/\/www.europesays.com\/fr\/wp-json\/wp\/v2\/comments?post=352408"}],"version-history":[{"count":0,"href":"https:\/\/www.europesays.com\/fr\/wp-json\/wp\/v2\/posts\/352408\/revisions"}],"wp:featuredmedia":[{"embeddable":true,"href":"https:\/\/www.europesays.com\/fr\/wp-json\/wp\/v2\/media\/117161"}],"wp:attachment":[{"href":"https:\/\/www.europesays.com\/fr\/wp-json\/wp\/v2\/media?parent=352408"}],"wp:term":[{"taxonomy":"category","embeddable":true,"href":"https:\/\/www.europesays.com\/fr\/wp-json\/wp\/v2\/categories?post=352408"},{"taxonomy":"post_tag","embeddable":true,"href":"https:\/\/www.europesays.com\/fr\/wp-json\/wp\/v2\/tags?post=352408"}],"curies":[{"name":"wp","href":"https:\/\/api.w.org\/{rel}","templated":true}]}}