{"id":352411,"date":"2025-08-29T15:36:12","date_gmt":"2025-08-29T15:36:12","guid":{"rendered":"https:\/\/www.europesays.com\/fr\/352411\/"},"modified":"2025-08-29T15:36:12","modified_gmt":"2025-08-29T15:36:12","slug":"video-loeuvre-de-ma-vie-a-77-ans-jean-claude-a-construit-sa-propre-tour-eiffel","status":"publish","type":"post","link":"https:\/\/www.europesays.com\/fr\/352411\/","title":{"rendered":"VID\u00c9O. \u00ab\u00a0L\u2019\u0153uvre de ma vie\u00a0\u00bb\u00a0: \u00c0 77\u00a0ans, Jean-Claude a construit sa propre tour Eiffel"},"content":{"rendered":"<p class=\"paragraph text_align_left lp-f-body-02\">\u00c0 Sainte-Marie-aux-Mines, petite commune du Haut-Rhin, les habitants l\u00e8vent d\u00e9sormais les yeux vers une silhouette bien connue. Depuis cet \u00e9t\u00e9, une r\u00e9plique de la <a href=\"https:\/\/www.leparisien.fr\/paris-75\/paris-la-tour-eiffel-illuminee-aux-couleurs-de-lukraine-le-jour-de-lindependance-du-pays-25-08-2025-SREZ72DNKFBX3CORKEPJH5HBXQ.php\" target=\"_self\" rel=\"noopener\">tour Eiffel<\/a> culmine \u00e0 plus de 30\u00a0m au-dessus des toits. Derri\u00e8re cette r\u00e9alisation hors du commun, un homme\u00a0: Jean-Claude Fassler, entrepreneur alsacien \u00e0 la retraite et passionn\u00e9 de ferraille depuis toujours.<\/p>\n<p class=\"paragraph text_align_left lp-f-body-02\">\u00ab\u00a0C\u2019est l\u2019\u0153uvre de ma vie\u00a0\u00bb, sourit ce grand-p\u00e8re \u00e9nergique de 77\u00a0ans, fondateur en 1975 d\u2019une m\u00e9tallerie qu\u2019il a transmise \u00e0 son fils. Apr\u00e8s huit ans de travail acharn\u00e9, il a enfin pu admirer, \u00e9mu, sa tour Eiffel achev\u00e9e. Pour hisser la plate-forme du deuxi\u00e8me \u00e9tage, la fl\u00e8che et le campanile, il a fallu deux grues et plusieurs jours de man\u0153uvres millim\u00e9tr\u00e9es.<\/p>\n<p class=\"paragraph text_align_left lp-f-body-02\">Le chantier a mobilis\u00e9 plusieurs g\u00e9n\u00e9rations. Aux c\u00f4t\u00e9s de Jean-Claude, son petit-fils Killian, 23\u00a0ans, a dessin\u00e9 et assembl\u00e9 les milliers de pi\u00e8ces m\u00e9talliques d\u00e9coup\u00e9es au laser. Ensemble, ils ont veill\u00e9 \u00e0 chaque d\u00e9tail, jusqu\u2019aux noms des 72 scientifiques inscrits en lettres d\u2019or sur la structure et aux tr\u00e8fles \u00e0 quatre feuilles grav\u00e9s sur la traverse du deuxi\u00e8me \u00e9tage. \u00ab\u00a0Je n\u2019ai pas trich\u00e9. C\u2019est fid\u00e8le \u00e0 l\u2019original\u00a0\u00bb, insiste le patriarche, admirateur de Gustave Eiffel.<\/p>\n<p class=\"paragraph text_align_left lp-f-body-02\">Peinte en rouge \u00ab\u00a0Venise\u00a0\u00bb, couleur d\u2019origine de la tour parisienne en 1889, la r\u00e9plique fascine riverains et curieux. \u00ab\u00a0C\u2019est exceptionnel. Il n\u2019y a nulle part ailleurs une telle r\u00e9alisation\u00a0\u00bb, s\u2019enthousiasme une \u00e9lue locale.<\/p>\n<p class=\"paragraph text_align_left lp-f-body-02\">Jean-Claude Fassler esp\u00e8re d\u00e9sormais trouver un acqu\u00e9reur pour son \u0153uvre monumentale, qui a englouti une partie de son patrimoine. Son r\u00eave ultime\u00a0: voir un jour sa tour Eiffel install\u00e9e au <a href=\"https:\/\/www.leparisien.fr\/paris-75\/champ-de-mars-trocadero-a-paris-la-delinquance-visant-les-touristes-encore-a-la-baisse-17-07-2025-6EFPVK2XLBDABH66QAUMCXT6FM.php\" target=\"_self\" rel=\"noopener\">Champ-de-Mars<\/a>, aux c\u00f4t\u00e9s de la grande. \u00ab\u00a0En deux semaines, on peut la d\u00e9monter et la remonter\u00a0\u00bb, assure son autre petit-fils, charg\u00e9 de la communication du projet.<\/p>\n<p class=\"paragraph text_align_left lp-f-body-02\">En attendant, Jean-Claude envisage de passer une nuit au premier \u00e9tage de sa tour. \u00ab\u00a0Quand je dis quelque chose, je le fais\u00a0!\u00a0\u00bb, lance-t-il, malicieux. Une fa\u00e7on de clore, \u00e0 sa mani\u00e8re, le plus grand chantier de sa vie.<\/p>\n","protected":false},"excerpt":{"rendered":"\u00c0 Sainte-Marie-aux-Mines, petite commune du Haut-Rhin, les habitants l\u00e8vent d\u00e9sormais les yeux vers une silhouette bien connue. Depuis&hellip;\n","protected":false},"author":2,"featured_media":352412,"comment_status":"","ping_status":"","sticky":false,"template":"","format":"standard","meta":{"footnotes":""},"categories":[1358],"tags":[1348,1384,1385,459,1386,58,59,1011,27,133,2955],"class_list":{"0":"post-352411","1":"post","2":"type-post","3":"status-publish","4":"format-standard","5":"has-post-thumbnail","7":"category-arts-et-design","8":"tag-arts","9":"tag-arts-and-design","10":"tag-arts-et-design","11":"tag-departements-horsidfo","12":"tag-design","13":"tag-divertissement","14":"tag-entertainment","15":"tag-fr","16":"tag-france","17":"tag-video","18":"tag-videos"},"share_on_mastodon":{"url":"https:\/\/pubeurope.com\/@fr\/115112796743086259","error":""},"_links":{"self":[{"href":"https:\/\/www.europesays.com\/fr\/wp-json\/wp\/v2\/posts\/352411","targetHints":{"allow":["GET"]}}],"collection":[{"href":"https:\/\/www.europesays.com\/fr\/wp-json\/wp\/v2\/posts"}],"about":[{"href":"https:\/\/www.europesays.com\/fr\/wp-json\/wp\/v2\/types\/post"}],"author":[{"embeddable":true,"href":"https:\/\/www.europesays.com\/fr\/wp-json\/wp\/v2\/users\/2"}],"replies":[{"embeddable":true,"href":"https:\/\/www.europesays.com\/fr\/wp-json\/wp\/v2\/comments?post=352411"}],"version-history":[{"count":0,"href":"https:\/\/www.europesays.com\/fr\/wp-json\/wp\/v2\/posts\/352411\/revisions"}],"wp:featuredmedia":[{"embeddable":true,"href":"https:\/\/www.europesays.com\/fr\/wp-json\/wp\/v2\/media\/352412"}],"wp:attachment":[{"href":"https:\/\/www.europesays.com\/fr\/wp-json\/wp\/v2\/media?parent=352411"}],"wp:term":[{"taxonomy":"category","embeddable":true,"href":"https:\/\/www.europesays.com\/fr\/wp-json\/wp\/v2\/categories?post=352411"},{"taxonomy":"post_tag","embeddable":true,"href":"https:\/\/www.europesays.com\/fr\/wp-json\/wp\/v2\/tags?post=352411"}],"curies":[{"name":"wp","href":"https:\/\/api.w.org\/{rel}","templated":true}]}}