{"id":352417,"date":"2025-08-29T15:39:10","date_gmt":"2025-08-29T15:39:10","guid":{"rendered":"https:\/\/www.europesays.com\/fr\/352417\/"},"modified":"2025-08-29T15:39:10","modified_gmt":"2025-08-29T15:39:10","slug":"un-proche-de-florent-pagny-donne-des-nouvelles-de-letat-de-sante-du-chanteur-il-nest-pas-en-remission","status":"publish","type":"post","link":"https:\/\/www.europesays.com\/fr\/352417\/","title":{"rendered":"Un proche de Florent Pagny donne des nouvelles de l&rsquo;\u00e9tat de sant\u00e9 du chanteur\u00a0: \u00ab\u00a0Il n&rsquo;est pas en r\u00e9mission\u00a0\u00bb"},"content":{"rendered":"<p class=\"ap-StoryElement ap-StoryElement--mb ap-StoryText\">En 2022, Florent Pagny suscitait la tristesse, et surtout l&rsquo;inqui\u00e9tude de ses fans. Apr\u00e8s avoir annul\u00e9 sa tourn\u00e9e, le chanteur a annonc\u00e9 qu&rsquo;il \u00e9tait atteint d&rsquo;un cancer du poumon. Contraint de mettre sa carri\u00e8re en pause, il a suivi diff\u00e9rents traitements dont une chimioth\u00e9rapie, qui lui a permis d&rsquo;entrer une premi\u00e8re fois en r\u00e9mission. H\u00e9las, l&rsquo;interpr\u00e8te de \u00ab\u00a0Savoir aimer\u00a0\u00bb a ensuite connu plusieurs rechutes, qui l&rsquo;ont amen\u00e9 \u00e0 explorer d&rsquo;autres pistes que la m\u00e9decine traditionnelle pour maintenir sa sant\u00e9.<\/p>\n<p class=\"ap-StoryElement ap-StoryElement--mb js-paywall-target ap-StoryText\">En trois ans, Florent Pagny a travers\u00e9 de nombreuses \u00e9preuves et a entam\u00e9 aujourd&rsquo;hui un retour m\u00e9diatique progressif. L&rsquo;artiste a en effet sorti un nouveau titre en mai dernier. \u00ab\u00a0T&rsquo;aimer encore\u00a0\u00bb a \u00e9t\u00e9 pens\u00e9 comme un \u00e9cho \u00e0 la maladie qu&rsquo;il combat depuis plusieurs ann\u00e9es. Il est \u00e9galement r\u00e9apparu dans l&rsquo;\u00e9mission The Voice sur TF1, o\u00f9 il a permis \u00e0 son talent Il Cello d&rsquo;acc\u00e9der \u00e0 la victoire. Cette reprise d&rsquo;activit\u00e9 est \u00e9videmment de bon augure pour les fans et le chanteur, mais l&rsquo;\u00e9tat de sant\u00e9 de Florent Pagny reste flou.<\/p>\n<p><a href=\"https:\/\/www.parismatch.be\/culture\/programmes\/2025\/05\/19\/florent-pagny-sera-t-il-present-dans-la-prochaine-saison-de-the-voice-le-chanteur-fixe-une-condition-indispensable-GGAQTQFKMBBDTK4JNJ3A4R4RCU\/\" target=\"_blank\" rel=\"noopener noreferrer\" class=\"ap-StoryInterstitialLink ap-StoryElement ap-StoryElement--mb\">Florent Pagny sera-t-il pr\u00e9sent dans la prochaine saison de The Voice ? Le chanteur fixe une condition indispensable<\/a>Florent Pagny, \u00ab\u00a0fataliste\u00a0\u00bb face \u00e0 la maladie<\/p>\n<p class=\"ap-StoryElement ap-StoryElement--mb ap-StoryText\">Il y a quelques semaines, <a href=\"https:\/\/www.parismatch.be\/actualites\/people\/2025\/08\/03\/il-est-gueri-line-renaud-donne-des-nouvelles-de-florent-pagny-et-evoque-sa-propre-mort-UDYZLCQ3LRBURPCHQH7AMEBNBU\/\" target=\"_self\" rel=\"noopener\">Line Renaud donnait de merveilleuses nouvelles<\/a> de son ami Florent Pagny, affirmant m\u00eame qu&rsquo;il \u00e9tait \u00ab\u00a0normalement gu\u00e9ri\u00a0\u00bb. Interrog\u00e9 par Voici, un proche du chanteur a tenu \u00e0 nuancer ses propos. \u00ab\u00a0Il n&rsquo;est pas en r\u00e9mission mais son \u00e9tat reste stable\u00a0\u00bb, affirme-t-il. Une mani\u00e8re de dire que l&rsquo;artiste se bat toujours.<\/p>\n<p><a href=\"https:\/\/www.parismatch.be\/actualites\/people\/2025\/07\/23\/la-reunion-inattendue-de-line-renaud-avec-florent-pagny-et-un-couple-de-stars-internationales-voici-ce-quil-sest-passe-photo-IDEXCORMLBEWXFPJYW64GQVO5I\/\" target=\"_blank\" rel=\"noopener noreferrer\" class=\"ap-StoryInterstitialLink ap-StoryElement ap-StoryElement--mb\">La r\u00e9union inattendue de Line Renaud avec Florent Pagny et un couple de stars internationales : voici ce qu&rsquo;il s&rsquo;est pass\u00e9 (photo)<\/a><\/p>\n<p class=\"ap-StoryElement ap-StoryElement--mb ap-StoryText\">D&rsquo;apr\u00e8s la m\u00eame source, Florent Pagny ne serait en ce moment pas dans un \u00e9tat d&rsquo;esprit tr\u00e8s positif face \u00e0 ce combat. \u00ab\u00a0De toute fa\u00e7on, Florent est fataliste.\u00a0\u00bb Le chanteur semble aujourd&rsquo;hui <a href=\"https:\/\/www.parismatch.be\/actualites\/people\/2025\/05\/06\/je-sais-que-tout-est-possible-apres-deux-rechutes-de-son-cancer-florent-pagny-evoque-son-etat-de-sante-R45LNUW4TFA5VARE6PMHESDNB4\/\" target=\"_self\" rel=\"noopener\">affronter la maladie <\/a>tout en continuant sa passion, et en allant \u00e0 la rencontre de ses fans. D\u00e9but 2026, il entamera une nouvelle tourn\u00e9e.<\/p>\n","protected":false},"excerpt":{"rendered":"En 2022, Florent Pagny suscitait la tristesse, et surtout l&rsquo;inqui\u00e9tude de ses fans. Apr\u00e8s avoir annul\u00e9 sa tourn\u00e9e,&hellip;\n","protected":false},"author":2,"featured_media":352418,"comment_status":"","ping_status":"","sticky":false,"template":"","format":"standard","meta":{"footnotes":""},"categories":[1355],"tags":[101,58,59,3109,1011,27,18994,1361,873,1113,21799,18603],"class_list":{"0":"post-352417","1":"post","2":"type-post","3":"status-publish","4":"format-standard","5":"has-post-thumbnail","7":"category-musique","8":"tag-cancer","9":"tag-divertissement","10":"tag-entertainment","11":"tag-florent-pagny","12":"tag-fr","13":"tag-france","14":"tag-line-renaud","15":"tag-music","16":"tag-musique","17":"tag-nouvelles","18":"tag-poumon","19":"tag-traitements"},"share_on_mastodon":{"url":"https:\/\/pubeurope.com\/@fr\/115112808617649614","error":""},"_links":{"self":[{"href":"https:\/\/www.europesays.com\/fr\/wp-json\/wp\/v2\/posts\/352417","targetHints":{"allow":["GET"]}}],"collection":[{"href":"https:\/\/www.europesays.com\/fr\/wp-json\/wp\/v2\/posts"}],"about":[{"href":"https:\/\/www.europesays.com\/fr\/wp-json\/wp\/v2\/types\/post"}],"author":[{"embeddable":true,"href":"https:\/\/www.europesays.com\/fr\/wp-json\/wp\/v2\/users\/2"}],"replies":[{"embeddable":true,"href":"https:\/\/www.europesays.com\/fr\/wp-json\/wp\/v2\/comments?post=352417"}],"version-history":[{"count":0,"href":"https:\/\/www.europesays.com\/fr\/wp-json\/wp\/v2\/posts\/352417\/revisions"}],"wp:featuredmedia":[{"embeddable":true,"href":"https:\/\/www.europesays.com\/fr\/wp-json\/wp\/v2\/media\/352418"}],"wp:attachment":[{"href":"https:\/\/www.europesays.com\/fr\/wp-json\/wp\/v2\/media?parent=352417"}],"wp:term":[{"taxonomy":"category","embeddable":true,"href":"https:\/\/www.europesays.com\/fr\/wp-json\/wp\/v2\/categories?post=352417"},{"taxonomy":"post_tag","embeddable":true,"href":"https:\/\/www.europesays.com\/fr\/wp-json\/wp\/v2\/tags?post=352417"}],"curies":[{"name":"wp","href":"https:\/\/api.w.org\/{rel}","templated":true}]}}