{"id":352419,"date":"2025-08-29T15:40:11","date_gmt":"2025-08-29T15:40:11","guid":{"rendered":"https:\/\/www.europesays.com\/fr\/352419\/"},"modified":"2025-08-29T15:40:11","modified_gmt":"2025-08-29T15:40:11","slug":"emma-stone-saffiche-avec-le-crane-rase-dans-le-premier-trailer-de-bugonia","status":"publish","type":"post","link":"https:\/\/www.europesays.com\/fr\/352419\/","title":{"rendered":"Emma Stone s&rsquo;affiche avec le cr\u00e2ne ras\u00e9 dans le premier trailer de \u00ab\u00a0Bugonia\u00a0\u00bb"},"content":{"rendered":"<p>Apr\u00e8s \u00ab\u00a0Pauvres cr\u00e9atures\u00a0\u00bb et \u00ab\u00a0Kinds of Kindness\u00a0\u00bb, la star am\u00e9ricaine passe une nouvelle fois devant la cam\u00e9ra de Yorgos Lanthimos dans \u00ab\u00a0Bugonia\u00a0\u00bb. Pr\u00e9sent\u00e9 jeudi \u00e0 la Mostra de Venise, le film sortira le 26 novembre.<\/p>\n<p>Une troisi\u00e8me collaboration entre Yorgos Lanthimos et Emma Stone. Apr\u00e8s <a href=\"https:\/\/www.bfmtv.com\/people\/cinema\/kinds-of-kindness-une-bande-annonce-pour-le-nouveau-film-de-l-equipe-de-pauvres-creatures_AN-202403270581.html\" title=\"&quot;Kinds of Kindness&quot;: une bande-annonce pour le nouveau film de l&#039;\u00e9quipe de &quot;Pauvres cr\u00e9atures&quot;\" class=\"internal_link\" rel=\"nofollow noopener\" target=\"_blank\">Pauvres cr\u00e9atures<\/a> (613.000 entr\u00e9es), sorti au d\u00e9but de l&rsquo;ann\u00e9e 2024, suivi quelques mois plus tard de <a href=\"https:\/\/www.bfmtv.com\/people\/cinema\/kinds-of-kindness-une-bande-annonce-pour-le-nouveau-film-de-l-equipe-de-pauvres-creatures_AN-202403270581.html\" title=\"&quot;Kinds of Kindness&quot;: une bande-annonce pour le nouveau film de l&#039;\u00e9quipe de &quot;Pauvres cr\u00e9atures&quot;\" class=\"internal_link\" rel=\"nofollow noopener\" target=\"_blank\">Kinds of Kindness<\/a> (110.000 entr\u00e9es), le cin\u00e9aste grec renoue une fois encore avec la superstar hollywoodienne dans la com\u00e9die noire, tr\u00e8s SF, Bugonia.<\/p>\n<p>La bande-annonce diffus\u00e9e ce jeudi par Universal promet, comme toujours chez Yorgos Lanthimos, un r\u00e9cit bien d\u00e9cal\u00e9, sombre et comique, sur le complotisme. <a href=\"https:\/\/www.bfmtv.com\/people\/cinema\/julia-roberts-emma-stone-jude-law-les-stars-et-les-temps-forts-de-la-82e-mostra-de-venise_AD-202508250269.html\" title=\"Julia Roberts, Emma Stone, Jude Law... Les stars et les temps forts de la 82e Mostra de Venise\" class=\"internal_link\" rel=\"nofollow noopener\" target=\"_blank\">Emma Stone<\/a> y appara\u00eet m\u00e9connaissable, cr\u00e2ne ras\u00e9, pour emp\u00eacher son personnage de \u00ab\u00a0contacter son vaisseau\u00a0\u00bb, entend-on dans le teaser.<\/p>\n<\/p>\n<p>Ce remake du film sud-cor\u00e9en Save the Green Planet! de Jang Joon-hwan sorti en 2003, suit Teddy (camp\u00e9 par <a href=\"https:\/\/www.bfmtv.com\/people\/cinema\/killers-of-the-flower-moon-l-histoire-vraie-de-la-tribu-osage-qui-a-inspire-le-dernier-film-de-martin-scorsese_VN-202310180903.html\" title=\"&quot;Killers of the Flower Moon&quot;: l&#039;histoire vraie de la tribu Osage qui a inspir\u00e9 le dernier film de Martin Scorsese\" class=\"internal_link\" rel=\"nofollow noopener\" target=\"_blank\">Jesse Plemons<\/a>, d\u00e9j\u00e0 \u00e0 l&rsquo;affiche de Kinds of Kindness, pour lequel il a remport\u00e9 le Prix d&rsquo;interpr\u00e9tation masculine \u00e0 Cannes en 2023), un apiculteur adepte des th\u00e9ories du complot qui d\u00e9cide, avec son ami, de kidnapper Michelle (Emma Stone), PDG d&rsquo;un grand groupe pharmaceutique tr\u00e8s en vue. Tous les deux sont en effet convaincus qu&rsquo;elle est en r\u00e9alit\u00e9 une extraterrestre voulant annihiler la Terre.<\/p>\n<p>Pr\u00e9sent\u00e9 jeudi soir en comp\u00e9tition officielle \u00e0 la 82e Mostra de Venise (o\u00f9 il a re\u00e7u une jolie ovation de six minutes), le dixi\u00e8me long-m\u00e9trage de Yorgos Lanthimos sortira en salles le 26 novembre dans l&rsquo;Hexagone.<\/p>\n<p>Le r\u00e9alisateur avait d\u00e9j\u00e0 conquis un <a href=\"https:\/\/www.bfmtv.com\/people\/cinema\/mostra-de-venise-le-lion-d-or-pour-pauvres-creatures-film-du-grec-yorgos-lanthimos-avec-emma-stone_AD-202309090418.html\" title=\"Mostra de Venise: le Lion d&#039;or pour &quot;Pauvres cr\u00e9atures&quot;, film du Grec Yorgos Lanthimos avec Emma Stone\" class=\"internal_link\" rel=\"nofollow noopener\" target=\"_blank\">Lion d\u2019or pour Pauvres Cr\u00e9atures<\/a> en 2023. Emma Stone avait quant \u00e0 elle d\u00e9croch\u00e9 l&rsquo;<a href=\"https:\/\/www.bfmtv.com\/people\/cinema\/oscars-2024-cillian-murphy-meilleur-acteur-emma-stone-meilleure-actrice_AN-202403110032.html\" title=\"Oscars 2024: Cillian Murphy meilleur acteur, Emma Stone meilleure actrice\" class=\"internal_link\" rel=\"nofollow noopener\" target=\"_blank\">Oscar de la meilleure actrice en 2024<\/a> pour ce m\u00eame film. Un bin\u00f4me qui, semble-t-il, roule pour le mieux.<\/p>\n","protected":false},"excerpt":{"rendered":"Apr\u00e8s \u00ab\u00a0Pauvres cr\u00e9atures\u00a0\u00bb et \u00ab\u00a0Kinds of Kindness\u00a0\u00bb, la star am\u00e9ricaine passe une nouvelle fois devant la cam\u00e9ra de&hellip;\n","protected":false},"author":2,"featured_media":352420,"comment_status":"","ping_status":"","sticky":false,"template":"","format":"standard","meta":{"footnotes":""},"categories":[1354],"tags":[58,59,1346,1011,27,1360],"class_list":{"0":"post-352419","1":"post","2":"type-post","3":"status-publish","4":"format-standard","5":"has-post-thumbnail","7":"category-films","8":"tag-divertissement","9":"tag-entertainment","10":"tag-films","11":"tag-fr","12":"tag-france","13":"tag-movies"},"share_on_mastodon":{"url":"https:\/\/pubeurope.com\/@fr\/115112812483517631","error":""},"_links":{"self":[{"href":"https:\/\/www.europesays.com\/fr\/wp-json\/wp\/v2\/posts\/352419","targetHints":{"allow":["GET"]}}],"collection":[{"href":"https:\/\/www.europesays.com\/fr\/wp-json\/wp\/v2\/posts"}],"about":[{"href":"https:\/\/www.europesays.com\/fr\/wp-json\/wp\/v2\/types\/post"}],"author":[{"embeddable":true,"href":"https:\/\/www.europesays.com\/fr\/wp-json\/wp\/v2\/users\/2"}],"replies":[{"embeddable":true,"href":"https:\/\/www.europesays.com\/fr\/wp-json\/wp\/v2\/comments?post=352419"}],"version-history":[{"count":0,"href":"https:\/\/www.europesays.com\/fr\/wp-json\/wp\/v2\/posts\/352419\/revisions"}],"wp:featuredmedia":[{"embeddable":true,"href":"https:\/\/www.europesays.com\/fr\/wp-json\/wp\/v2\/media\/352420"}],"wp:attachment":[{"href":"https:\/\/www.europesays.com\/fr\/wp-json\/wp\/v2\/media?parent=352419"}],"wp:term":[{"taxonomy":"category","embeddable":true,"href":"https:\/\/www.europesays.com\/fr\/wp-json\/wp\/v2\/categories?post=352419"},{"taxonomy":"post_tag","embeddable":true,"href":"https:\/\/www.europesays.com\/fr\/wp-json\/wp\/v2\/tags?post=352419"}],"curies":[{"name":"wp","href":"https:\/\/api.w.org\/{rel}","templated":true}]}}