{"id":352421,"date":"2025-08-29T15:41:10","date_gmt":"2025-08-29T15:41:10","guid":{"rendered":"https:\/\/www.europesays.com\/fr\/352421\/"},"modified":"2025-08-29T15:41:10","modified_gmt":"2025-08-29T15:41:10","slug":"les-etranges-bienfaits-de-la-cigarette-sur-cette-maladie-enfin-expliques-par-la-science","status":"publish","type":"post","link":"https:\/\/www.europesays.com\/fr\/352421\/","title":{"rendered":"Les \u00e9tranges bienfaits de la cigarette sur cette maladie enfin expliqu\u00e9s par la science"},"content":{"rendered":"<p>Fumer tue. C&rsquo;est vrai. Mais fumer permet aussi d&rsquo;att\u00e9nuer les sympt\u00f4mes d&rsquo;une maladie inflammatoire de l&rsquo;intestin\u2026 et les chercheurs aimeraient bien avoir pourquoi. D&rsquo;autant que le tabagisme empirerait les sympt\u00f4mes d&rsquo;une autre maladie tr\u00e8s similaire. Ce paradoxe m\u00e9dical observ\u00e9 depuis les ann\u00e9es 1980 continue aujourd&rsquo;hui de fasciner les sp\u00e9cialistes: comment la colite ulc\u00e9reuse se calme-t-elle avec la cigarette, alors que la maladie de Crohn s&rsquo;aggrave?<\/p>\n<p><a href=\"https:\/\/newatlas.com\/disease\/smoking-inflammatory-bowel\/\" target=\"_blank\" rel=\"nofollow noopener\">Selon un article du magazine scientifique New Atlas<\/a>, la r\u00e9ponse se trouverait dans la migration de certaines bact\u00e9ries buccales vers l&rsquo;intestin. D&rsquo;apr\u00e8s une \u00e9tude de l&rsquo;Institut de recherche physique et chimique au Japon (le RIKEN), la cl\u00e9 viendrait de notre microbiome. Les scientifiques ont montr\u00e9 que, chez les fumeurs, des bact\u00e9ries de type Streptococcus colonisent la muqueuse du c\u00f4lon \u00e0 l&rsquo;aide d&rsquo;une mol\u00e9cule issue du tabac: l&rsquo;hydroquinone.<\/p>\n<p>        <img decoding=\"async\" alt=\"Abonnez-vous gratuitement \u00e0 la newsletter de Slate !\" loading=\"lazy\" class=\"ms-4 ms-md-0\" width=\"82\" height=\"82\" src=\"https:\/\/www.slate.fr\/assets\/newsletter-dd7c4ea7fb4ce45aacc56875521d4bde7ec4ba23f0a0ae088566df808b3a80c3.svg\"\/><br \/>\n        Abonnez-vous gratuitement \u00e0 la newsletter de Slate !Les articles sont s\u00e9lectionn\u00e9s pour vous, en fonction de vos centres d\u2019int\u00e9r\u00eat, tous les jours dans votre bo\u00eete mail.<\/p>\n<p>Fumer peut soigner?<\/p>\n<p>En fonction de la pathologie, celle-ci peut produire des effets diam\u00e9tralement oppos\u00e9s. Les chercheurs soulignent que ce d\u00e9placement bact\u00e9rien n&rsquo;a rien d&rsquo;anodin. En s&rsquo;implantant dans l&rsquo;<a href=\"https:\/\/www.slate.fr\/dossier\/20655\/intestin\" class=\"tag-link\" rel=\"nofollow noopener\" target=\"_blank\">intestin<\/a>, ces microbes suscitent une r\u00e9ponse immunitaire cibl\u00e9e, l&rsquo;activation des cellules Th1. En ce qui concerne les cas de colites ulc\u00e9reuses, l&rsquo;activation de ces cellules limite les inflammations et r\u00e9duit les sympt\u00f4mes.<\/p>\n<p>Mais dans le cas de la maladie de Crohn, le cas inverse se produit. Les <a href=\"https:\/\/www.slate.fr\/dossier\/16441\/cellules\" class=\"tag-link\" rel=\"nofollow noopener\" target=\"_blank\">cellules<\/a> Th1 sont au c\u0153ur du probl\u00e8me inflammatoire et leur stimulation, caus\u00e9e par l&rsquo;hydroquinone, amplifie les l\u00e9sions du patient. Elles entretiennent donc l&rsquo;inflammation et, dans certains cas, aggravent la maladie. La cause est donc bien la m\u00eame, mais elle entra\u00eene des r\u00e9actions immunes diff\u00e9rentes.<\/p>\n<p>\u00abNos r\u00e9sultats indiquent que le d\u00e9placement de bact\u00e9ries de la bouche vers l&rsquo;intestin, en particulier celles du genre Streptococcus, et la r\u00e9ponse immunitaire qui s&rsquo;ensuit, expliquent pourquoi le tabac prot\u00e8ge contre la colite\u00bb, analyse Hiroshi Ohno, principal auteur de l&rsquo;\u00e9tude. Selon lui, la reproduction de cet effet b\u00e9n\u00e9fique pourrait \u00eatre possible par un apport contr\u00f4l\u00e9 de <a href=\"https:\/\/www.slate.fr\/dossier\/13369\/bacteries\" class=\"tag-link\" rel=\"nofollow noopener\" target=\"_blank\">bact\u00e9ries<\/a> ou par l&rsquo;utilisation directe de l&rsquo;hydroquinone, sans forc\u00e9ment avoir \u00e0 s&rsquo;en griller une petite.<\/p>\n<p>Les chercheurs derri\u00e8re l&rsquo;\u00e9tude insistent: il n&rsquo;est \u00e9videmment pas question de recommander la cigarette comme un rem\u00e8de, mais cette d\u00e9couverte pourrait inspirer de nouveaux traitements contre la colite ulc\u00e9reuse.<\/p>\n","protected":false},"excerpt":{"rendered":"Fumer tue. C&rsquo;est vrai. Mais fumer permet aussi d&rsquo;att\u00e9nuer les sympt\u00f4mes d&rsquo;une maladie inflammatoire de l&rsquo;intestin\u2026 et les&hellip;\n","protected":false},"author":2,"featured_media":352422,"comment_status":"","ping_status":"","sticky":false,"template":"","format":"standard","meta":{"footnotes":""},"categories":[10],"tags":[1011,27,72,71],"class_list":{"0":"post-352421","1":"post","2":"type-post","3":"status-publish","4":"format-standard","5":"has-post-thumbnail","7":"category-sante","8":"tag-fr","9":"tag-france","10":"tag-health","11":"tag-sante"},"share_on_mastodon":{"url":"https:\/\/pubeurope.com\/@fr\/115112816817305701","error":""},"_links":{"self":[{"href":"https:\/\/www.europesays.com\/fr\/wp-json\/wp\/v2\/posts\/352421","targetHints":{"allow":["GET"]}}],"collection":[{"href":"https:\/\/www.europesays.com\/fr\/wp-json\/wp\/v2\/posts"}],"about":[{"href":"https:\/\/www.europesays.com\/fr\/wp-json\/wp\/v2\/types\/post"}],"author":[{"embeddable":true,"href":"https:\/\/www.europesays.com\/fr\/wp-json\/wp\/v2\/users\/2"}],"replies":[{"embeddable":true,"href":"https:\/\/www.europesays.com\/fr\/wp-json\/wp\/v2\/comments?post=352421"}],"version-history":[{"count":0,"href":"https:\/\/www.europesays.com\/fr\/wp-json\/wp\/v2\/posts\/352421\/revisions"}],"wp:featuredmedia":[{"embeddable":true,"href":"https:\/\/www.europesays.com\/fr\/wp-json\/wp\/v2\/media\/352422"}],"wp:attachment":[{"href":"https:\/\/www.europesays.com\/fr\/wp-json\/wp\/v2\/media?parent=352421"}],"wp:term":[{"taxonomy":"category","embeddable":true,"href":"https:\/\/www.europesays.com\/fr\/wp-json\/wp\/v2\/categories?post=352421"},{"taxonomy":"post_tag","embeddable":true,"href":"https:\/\/www.europesays.com\/fr\/wp-json\/wp\/v2\/tags?post=352421"}],"curies":[{"name":"wp","href":"https:\/\/api.w.org\/{rel}","templated":true}]}}