{"id":352427,"date":"2025-08-29T15:44:14","date_gmt":"2025-08-29T15:44:14","guid":{"rendered":"https:\/\/www.europesays.com\/fr\/352427\/"},"modified":"2025-08-29T15:44:14","modified_gmt":"2025-08-29T15:44:14","slug":"liphone-17-viendrait-avec-ce-surprenant-accessoire-apple-entre-securite-et-style","status":"publish","type":"post","link":"https:\/\/www.europesays.com\/fr\/352427\/","title":{"rendered":"L&rsquo;iPhone 17 viendrait avec ce surprenant accessoire Apple, entre s\u00e9curit\u00e9 et style"},"content":{"rendered":"<p>                    <a aria-label=\"Apple iPhone 17 Air\" href=\"https:\/\/www.lesnumeriques.com\/telephone-portable\/apple-iphone-17-air-p76292.html\" rel=\"nofollow noopener\" target=\"_blank\">Apple iPhone 17 Air<\/a><\/p>\n<p>                                                <a href=\"https:\/\/www.lesnumeriques.com\/telephone-portable\/apple-iphone-17-air-p76292.html\" title=\"Apple iPhone 17 Air\" rel=\"nofollow noopener\" target=\"_blank\"><\/p>\n<p>            <img loading=\"lazy\" decoding=\"async\" src=\"data:image\/svg+xml,%3Csvg xmlns='http:\/\/www.w3.org\/2000\/svg'%3E%3C\/svg%3E\" draggable=\"false\" width=\"452\" height=\"254\" class=\"ed__title-xxs\" alt=\"Apple iPhone 17 Air\"\/><\/p>\n<p>                <\/a><\/p>\n<p>            En l&rsquo;absence d&rsquo;offres d\u00e9couvrez<\/p>\n<p>                Voir plus d&rsquo;offres\n        <\/p>\n<p>\n\tLes liens pr\u00e9sent\u00e9s ci-dessus pourraient ne pas fonctionner en pr\u00e9sence d&rsquo;un bloqueur de publicit\u00e9s.\n<\/p>\n<p>En bref<\/p>\n<ul class=\"ed__lists ed__bdy__l\">\n<li>Apple lancerait les iPhone 17 avec un accessoire in\u00e9dit : le Crossbody Strap.<\/li>\n<li>Compatible sur les coques TechWoven, il s&rsquo;agirait d&rsquo;un accessoire magn\u00e9tique faisant office de lani\u00e8re.<\/li>\n<li>Un accessoire pratique mais niche, qui pourrait s\u00e9duire certains utilisateurs avides de s\u00e9curit\u00e9.<\/li>\n<\/ul>\n<p class=\"ed__a-p ed__bdy__l\">Alors qu\u2019Apple chamboulerait les <a href=\"https:\/\/www.lesnumeriques.com\/telephone-portable\/iphone-17-air-vs-iphone-17-pro-max-5-differences-envisagees-par-apple-un-vrai-choc-des-generations-n241344.html\" title=\"iPhone 17 Air vs iPhone 17 Pro Max : 5 diff\u00e9rences envisag\u00e9es par Apple, un vrai choc des g\u00e9n\u00e9rations\" rel=\"nofollow noopener\" target=\"_blank\">iPhone 17<\/a> gr\u00e2ce \u00e0 de nouveaux designs, cela irait plus loin avec une toute nouvelle gamme de coques. Le plus \u00e9tonnant concernerait les coques TechWoven d\u2019Apple, rempla\u00e7ant le triste \u00e9chec des FineWoven lanc\u00e9es avec les iPhone 15, qui seraient compatibles avec un surprenant et in\u00e9dit accessoire : une lani\u00e8re.<\/p>\n<p class=\"ed__a-p ed__bdy__l\"><img loading=\"lazy\" decoding=\"async\" src=\"data:image\/svg+xml,%3Csvg xmlns='http:\/\/www.w3.org\/2000\/svg'%3E%3C\/svg%3E\" draggable=\"false\" width=\"1920\" height=\"1200\" class=\"ed__title-xxs\" alt=\"Concept d'iPhone 17 Pro Max, 17 Pro, 17 Air et 17\" style=\"background-color: #f2f2f2; aspect-ratio:1920\/1200;\"\/><\/p>\n<p>Concept d&rsquo;iPhone 17 Pro Max, 17 Pro, 17 Air et 17<\/p>\n<p>\u00a9 @Aaron_Carpentr<\/p>\n<\/p>\n<p>            Publicit\u00e9, votre contenu continue ci-dessous<\/p>\n<p>        Publicit\u00e9<\/p>\n<p>Place \u00e0 une lani\u00e8re sur les iPhone 17, un accessoire pas pour tout le monde<\/p>\n<p class=\"ed__a-p ed__bdy__l\">Avec les <a href=\"https:\/\/www.lesnumeriques.com\/intra-ecouteur-true-wireless\/apple-airpods-pro-2-p70821\/test.html\" title=\"Apple AirPods Pro 2\u00a0: tout simplement bluffants\" rel=\"nofollow noopener\" target=\"_blank\">AirPods Pro 2<\/a>, Apple a modifi\u00e9 le bo\u00eetier de recharge pour y ajouter une lani\u00e8re, soit une petite sangle permettant de le porter au poignet et ainsi \u00e9viter les chutes. Un usage de niche qu\u2019Apple souhaiterait d\u00e9sormais \u00e9tendre \u00e0 ses futurs smartphones, les iPhone 17.<\/p>\n<p class=\"ed__a-p ed__bdy__l\">La bo\u00eete des <a href=\"https:\/\/majinbuofficial.com\/new-iphone-17-simil-leather-cases-goodbye-finewoven\/\" target=\"_blank\" rel=\"nofollow noopener\">coques TechWoven<\/a>, sp\u00e9cialement con\u00e7ues par la firme \u00e0 la pomme pour cette g\u00e9n\u00e9ration, mentionnait en effet une lani\u00e8re nomm\u00e9e \u201cCrossbody Strap\u201d. Bonne nouvelle dans l\u2019histoire : Majin Bu a expliqu\u00e9 son fonctionnement dans une r\u00e9cente publication via son blog.<\/p>\n<p class=\"ed__a-p ed__bdy__l\"><img loading=\"lazy\" decoding=\"async\" src=\"data:image\/svg+xml,%3Csvg xmlns='http:\/\/www.w3.org\/2000\/svg'%3E%3C\/svg%3E\" draggable=\"false\" width=\"2560\" height=\"967\" class=\"ed__title-xxs\" alt=\"Concept de lani\u00e8re pour la coque TechWoven des iPhone 17\" style=\"background-color: #f2f2f2; aspect-ratio:2560\/967;\"\/><\/p>\n<p>Concept de lani\u00e8re pour la coque TechWoven des iPhone 17<\/p>\n<p>\u00a9 Majin Bu<\/p>\n<\/p>\n<p class=\"ed__a-p ed__bdy__l\"><a href=\"https:\/\/majinbuofficial.com\/crossbody-strap-the-new-accessory-developed-by-apple\/\" target=\"_blank\" rel=\"nofollow noopener\">Le divulg\u00e2cheur explique<\/a> ainsi qu\u2019elle tirerait parti d\u2019un syst\u00e8me magn\u00e9tique pour s\u2019accrocher \u00e0 la coque. En discutant avec un designer \u00e0 qui il a partag\u00e9 cette information, il explique que \u201cles th\u00e9ories sugg\u00e8rent que la sangle poss\u00e8de un noyau m\u00e9tallique flexible qui la rend enti\u00e8rement magn\u00e9tique sur toute sa longueur\u201d.<\/p>\n<p class=\"ed__a-p ed__bdy__l\">Ainsi, Apple simplifierait la lani\u00e8re en abandonnant le m\u00e9canisme traditionnel o\u00f9 il faut l\u2019enrouler autour d\u2019un point fixe pour l\u2019attacher. Ici, Apple jouerait sur un syst\u00e8me magn\u00e9tique proche du MagSafe, avec deux aimants qui se connectent \u00e0 ceux de la coque TechWoven.<\/p>\n<p class=\"ed__a-p ed__bdy__l\">Reste \u00e0 voir si le Crossbody Strap deviendra le gadget indispensable des maladroits pour s\u00e9curiser leur iPhone 17, voire un accessoire de mode pour certains, ou s\u2019il restera trop niche pour conna\u00eetre le succ\u00e8s et \u00eatre r\u00e9it\u00e9r\u00e9 sur <a href=\"https:\/\/www.lesnumeriques.com\/telephone-portable\/fini-les-iphone-qui-se-ressemblent-apple-chamboulerait-tout-avec-les-iphone-17-et-generations-suivantes-n241423.html\" title=\"Fini les iPhone qui se ressemblent, Apple chamboulerait tout avec les iPhone 17 et g\u00e9n\u00e9rations suivantes\" rel=\"nofollow noopener\" target=\"_blank\">les g\u00e9n\u00e9rations suivantes<\/a>.<\/p>\n<p>            Publicit\u00e9, votre contenu continue ci-dessous<\/p>\n<p>        Publicit\u00e9<\/p>\n<p class=\"ed__a-p ed__bdy__l\">Les Num\u00e9riques s\u2019installe \u00e0 Beaugrenelle Paris pour <a href=\"https:\/\/www.lesnumeriques.com\/evenement\/les-jours-les-plus-tech-2025.html\" rel=\"nofollow noopener\" target=\"_blank\">Les Jours Les Plus Tech<\/a> : d\u00e9monstrations de produits, conseils d\u2019usage ou d\u2019achat, \u00e9changes avec nos journalistes\u2026D\u00e9couvrez le programme complet <a href=\"https:\/\/www.lesnumeriques.com\/evenement\/les-jours-les-plus-tech-2025.html\" rel=\"nofollow noopener\" target=\"_blank\">ici<\/a>.<\/p>\n","protected":false},"excerpt":{"rendered":"Apple iPhone 17 Air En l&rsquo;absence d&rsquo;offres d\u00e9couvrez Voir plus d&rsquo;offres Les liens pr\u00e9sent\u00e9s ci-dessus pourraient ne pas&hellip;\n","protected":false},"author":2,"featured_media":352428,"comment_status":"","ping_status":"","sticky":false,"template":"","format":"standard","meta":{"footnotes":""},"categories":[7],"tags":[1011,27,43,40,41,39,42,44],"class_list":{"0":"post-352427","1":"post","2":"type-post","3":"status-publish","4":"format-standard","5":"has-post-thumbnail","7":"category-sciences-et-technologies","8":"tag-fr","9":"tag-france","10":"tag-science","11":"tag-science-and-technology","12":"tag-sciences","13":"tag-sciences-et-technologies","14":"tag-technologies","15":"tag-technology"},"share_on_mastodon":{"url":"https:\/\/pubeurope.com\/@fr\/115112828229115647","error":""},"_links":{"self":[{"href":"https:\/\/www.europesays.com\/fr\/wp-json\/wp\/v2\/posts\/352427","targetHints":{"allow":["GET"]}}],"collection":[{"href":"https:\/\/www.europesays.com\/fr\/wp-json\/wp\/v2\/posts"}],"about":[{"href":"https:\/\/www.europesays.com\/fr\/wp-json\/wp\/v2\/types\/post"}],"author":[{"embeddable":true,"href":"https:\/\/www.europesays.com\/fr\/wp-json\/wp\/v2\/users\/2"}],"replies":[{"embeddable":true,"href":"https:\/\/www.europesays.com\/fr\/wp-json\/wp\/v2\/comments?post=352427"}],"version-history":[{"count":0,"href":"https:\/\/www.europesays.com\/fr\/wp-json\/wp\/v2\/posts\/352427\/revisions"}],"wp:featuredmedia":[{"embeddable":true,"href":"https:\/\/www.europesays.com\/fr\/wp-json\/wp\/v2\/media\/352428"}],"wp:attachment":[{"href":"https:\/\/www.europesays.com\/fr\/wp-json\/wp\/v2\/media?parent=352427"}],"wp:term":[{"taxonomy":"category","embeddable":true,"href":"https:\/\/www.europesays.com\/fr\/wp-json\/wp\/v2\/categories?post=352427"},{"taxonomy":"post_tag","embeddable":true,"href":"https:\/\/www.europesays.com\/fr\/wp-json\/wp\/v2\/tags?post=352427"}],"curies":[{"name":"wp","href":"https:\/\/api.w.org\/{rel}","templated":true}]}}