{"id":352429,"date":"2025-08-29T15:45:12","date_gmt":"2025-08-29T15:45:12","guid":{"rendered":"https:\/\/www.europesays.com\/fr\/352429\/"},"modified":"2025-08-29T15:45:12","modified_gmt":"2025-08-29T15:45:12","slug":"boulanger-cest-fini-decathlon-prend-ses-quartiers-dans-votre-magasin-et-ca-change-tout","status":"publish","type":"post","link":"https:\/\/www.europesays.com\/fr\/352429\/","title":{"rendered":"Boulanger c&rsquo;est fini, Decathlon prend ses quartiers dans votre magasin et \u00e7a change TOUT"},"content":{"rendered":"<p>Par <a class=\"author_recette\" id=\"author_name\" href=\"https:\/\/www.nextplz.fr\/auteur\/jason-mathurin\" rel=\"nofollow noopener\" target=\"_blank\">Jason<br \/>\nMathurin<\/a> &#8211;<br \/>\nPubli\u00e9 le 29 Ao\u00fbt 2025 \u00e0<br \/>\n16:30<\/p>\n<p class=\"article-intro excerpt\">Votre magasin Boulanger va faire<br \/>\npeau neuve et ne sera plus le m\u00eame\u2026 Et c\u2019est la faute \u00e0 D\u00e9cathlon,<br \/>\nqui va y prendre ses quartiers !<\/p>\n<p><img width=\"750\" height=\"410\" src=\"https:\/\/www.europesays.com\/fr\/wp-content\/uploads\/2025\/08\/boulanger-cest-fini-decathlon-prend-ses-quartiers-dans-votre-magasin-et-ca-change-tout-750x410.jpg\" class=\"img-responsive alignnone size-full pinit-here zoom-it\" alt=\"Boulanger c'est fini, Decathlon prend ses quartiers dans votre magasin et \u00e7a change TOUT\" fetchpriority=\"high\" data-lazyloading=\"false\" decoding=\"async\"\/><\/p>\n<p>\u00a9 Shutterstock<\/p>\n<p>EN BREF<\/p>\n<ul class=\"bloc_resume_post_list\">\n<li>\ud83d\udecd\ufe0f En septembre, plusieurs magasins Boulanger ont ferm\u00e9,<br \/>\nimpactant l\u00a0\u00bbindustrie de l&rsquo;\u00e9lectrom\u00e9nager, tandis que Fnac-Darty a<br \/>\nd\u00e9j\u00e0 ferm\u00e9 un flagship aux Champs \u00c9lys\u00e9es.<\/li>\n<li>\ud83d\udcc9 Les nouvelles habitudes de consommation, favorisant<br \/>\nl&rsquo;e-commerce, forcent les magasins physiques \u00e0 se r\u00e9inventer pour<br \/>\nsurvivre dans un march\u00e9 concurrentiel.<\/li>\n<li>\ud83d\udd0d D\u00e9couvrez comment les enseignes traditionnelles<br \/>\ns&rsquo;adaptent face \u00e0 la mont\u00e9e de l&rsquo;e-commerce et les strat\u00e9gies<br \/>\nqu&rsquo;elles adoptent pour attirer les clients.<\/li>\n<\/ul>\n<p>Des magasins Boulanger <a href=\"https:\/\/www.nextplz.fr\/lifestyle\/502722-apres-darty-boulanger-cest-confirme-fermeture-definitive-en-septembre\" rel=\"nofollow noopener\" target=\"_blank\"><br \/>\nont ferm\u00e9 leurs portes derni\u00e8rement<\/a>. Un coup dur pour<br \/>\nl&rsquo;industrie de l&rsquo;\u00e9lectrom\u00e9nager, du son et de l&rsquo;\u00e9lectronique. Si<br \/>\ncertaines enseignes s&rsquo;en frottent les mains, d&rsquo;autres vivent la<br \/>\nm\u00eame situation. C&rsquo;est le cas de son autre tr\u00e8s grand concurrent :<br \/>\nla Fnac-Darty. Le groupe a en effet d\u00fb fermer l&rsquo;un de ses flagships<br \/>\naux Champs \u00c9lys\u00e9es plus t\u00f4t cette ann\u00e9e. En a d\u00e9coul\u00e9 une braderie<br \/>\ng\u00e9ante, qui a fait choux gras. \u00c0 tel point que l&rsquo;affluence<br \/>\n<strong>a fait peur \u00e0 la direction<\/strong>, qui a pr\u00e9f\u00e9r\u00e9 mettre<br \/>\nfin \u00e0 cette braderie pour fermer plus t\u00f4t que pr\u00e9vu.<\/p>\n<p>Une page se tourne pour<br \/>\nBoulanger<\/p>\n<p>Force est de constater que les magasins doivent se r\u00e9inventer<br \/>\ndans ce paysage concurrentiel. Un paysage fortement alt\u00e9r\u00e9 par les<br \/>\nnouvelles habitudes de consommation. On ne consomme plus<br \/>\nl&rsquo;\u00e9lectrom\u00e9nager comme on consommait l&rsquo;\u00e9lectrom\u00e9nager pendant les<br \/>\nTrente glorieuses, ni dans les ann\u00e9es 2000, quand les enseignes<br \/>\ntelles que Plan\u00e8te Saturn, Surcouf, Darty et Boulanger avaient<br \/>\npignon sur rue. Aujourd&rsquo;hui, les g\u00e9ants comme <strong>CDiscount ou<br \/>\nAmazon ont d\u00e9mocratis\u00e9 l&rsquo;e-commerce<\/strong> et on se rend tr\u00e8s peu<br \/>\nen magasin. Seulement, voil\u00e0. Pour faire revenir les chalands ses<br \/>\nzones commerciales, <a href=\"https:\/\/www.nextplz.fr\/lifestyle\/477653-lidl-ouvre-un-geant-magasin-ultra-moderne-voici-ou-et-quand-il-se-deploiera\" rel=\"nofollow noopener\" target=\"_blank\"><br \/>\nvos enseignes pr\u00e9f\u00e9r\u00e9es ont mis les bouch\u00e9es doubles<\/a>.<\/p>\n<p>Le g\u00e9ant multim\u00e9dia<br \/>\ns&rsquo;associe \u00e0 D\u00e9cathlon<\/p>\n<p>\u00c0 commencer par Boulanger, qui a d\u00e9cid\u00e9 de tester <strong>un<br \/>\ntout nouveau type de concept<\/strong>. C&rsquo;est en s&rsquo;associant avec<br \/>\nD\u00e9cathlon qu&rsquo;elle cr\u00e9e son format City dans la ville de<br \/>\nParis. De corner se d\u00e9diera aux sports citadins et s&rsquo;\u00e9talera sur<br \/>\n700 m\u00b2. Direction rue de Rennes, \u00e0 deux pas de Montparnasse pour<br \/>\nvoir s&rsquo;\u00e9lever ce nouveau concept-store. Il se d\u00e9clinera en un<br \/>\nmod\u00e8le hybride, alliant \u00e9lectrom\u00e9nager, \u00e9quipements sportifs et<br \/>\nmultim\u00e9dia, comme l&rsquo;ont teas\u00e9 nos confr\u00e8res de Fashion Network.<br \/>\n\u00ab\u00a0Les sports de saison \u2014 comme la randonn\u00e9e ou les sports d\u2019eau<br \/>\n\u2014 sont \u00e9galement repr\u00e9sent\u00e9s, de m\u00eame qu\u2019une s\u00e9lection<br \/>\nd\u2019accessoires et <strong>d\u2019\u00e9quipements essentiels pour d\u2019autres<br \/>\npratiques\u00a0\u00bb<\/strong>, indique l&rsquo;enseigne dans sa<br \/>\ncommunication.<\/p>\n<p>Une exp\u00e9rience<br \/>\nd&rsquo;achat in\u00e9dite chez Boulanger<\/p>\n<p>\u00ab\u00a0Notre objectif est simple\u00a0: \u00eatre \u00e0 moins de 20 minutes<br \/>\n\u00e0 pied de l\u00e0 o\u00f9 ils vivent, travaillent et se d\u00e9placent. Telle est<br \/>\nnotre ambition urbaine que nous souhaitons d\u00e9ployer plus largement<br \/>\n\u00e0 Paris\u00a0\u00bb, a pr\u00e9cis\u00e9 le DG France de D\u00e9cathlon. L&rsquo;\u00e9quipementier<br \/>\nsportif d\u00e9tenu par Mulliez s&rsquo;invite donc chez Boulanger pour vous<br \/>\nproposer une exp\u00e9rience d&rsquo;achat in\u00e9dite, unique en son genre et<br \/>\ntotalement hors des sentiers battus. Vous serez en terre plus tout<br \/>\n\u00e0 fait connue. Vous y trouverez m\u00eame un atelier de r\u00e9paration et<br \/>\nd&rsquo;entretien ainsi que des services de diagnostic sur rendez-vous.<br \/>\nSans oublier les lockers qui vous permettront de r\u00e9cup\u00e9rer vos<br \/>\ncommandes faites en ligne. Mais aussi la possibilit\u00e9 de venir<br \/>\ntester vos produits avant de sortir et faire chauffer la carte<br \/>\nbleue ! C&rsquo;est-y pas beau, tout \u00e7a ?<\/p>\n","protected":false},"excerpt":{"rendered":"Par Jason Mathurin &#8211; Publi\u00e9 le 29 Ao\u00fbt 2025 \u00e0 16:30 Votre magasin Boulanger va faire peau neuve&hellip;\n","protected":false},"author":2,"featured_media":352430,"comment_status":"","ping_status":"","sticky":false,"template":"","format":"standard","meta":{"footnotes":""},"categories":[6],"tags":[35,33,34,1011,27],"class_list":{"0":"post-352429","1":"post","2":"type-post","3":"status-publish","4":"format-standard","5":"has-post-thumbnail","7":"category-economie","8":"tag-business","9":"tag-economie","10":"tag-economy","11":"tag-fr","12":"tag-france"},"share_on_mastodon":{"url":"https:\/\/pubeurope.com\/@fr\/115112832171589867","error":""},"_links":{"self":[{"href":"https:\/\/www.europesays.com\/fr\/wp-json\/wp\/v2\/posts\/352429","targetHints":{"allow":["GET"]}}],"collection":[{"href":"https:\/\/www.europesays.com\/fr\/wp-json\/wp\/v2\/posts"}],"about":[{"href":"https:\/\/www.europesays.com\/fr\/wp-json\/wp\/v2\/types\/post"}],"author":[{"embeddable":true,"href":"https:\/\/www.europesays.com\/fr\/wp-json\/wp\/v2\/users\/2"}],"replies":[{"embeddable":true,"href":"https:\/\/www.europesays.com\/fr\/wp-json\/wp\/v2\/comments?post=352429"}],"version-history":[{"count":0,"href":"https:\/\/www.europesays.com\/fr\/wp-json\/wp\/v2\/posts\/352429\/revisions"}],"wp:featuredmedia":[{"embeddable":true,"href":"https:\/\/www.europesays.com\/fr\/wp-json\/wp\/v2\/media\/352430"}],"wp:attachment":[{"href":"https:\/\/www.europesays.com\/fr\/wp-json\/wp\/v2\/media?parent=352429"}],"wp:term":[{"taxonomy":"category","embeddable":true,"href":"https:\/\/www.europesays.com\/fr\/wp-json\/wp\/v2\/categories?post=352429"},{"taxonomy":"post_tag","embeddable":true,"href":"https:\/\/www.europesays.com\/fr\/wp-json\/wp\/v2\/tags?post=352429"}],"curies":[{"name":"wp","href":"https:\/\/api.w.org\/{rel}","templated":true}]}}