{"id":352431,"date":"2025-08-29T15:46:11","date_gmt":"2025-08-29T15:46:11","guid":{"rendered":"https:\/\/www.europesays.com\/fr\/352431\/"},"modified":"2025-08-29T15:46:11","modified_gmt":"2025-08-29T15:46:11","slug":"la-turquie-ferme-ses-ports-et-son-espace-aerien-aux-navires-et-avions-israeliens","status":"publish","type":"post","link":"https:\/\/www.europesays.com\/fr\/352431\/","title":{"rendered":"La Turquie ferme ses ports et son espace a\u00e9rien aux navires et avions isra\u00e9liens"},"content":{"rendered":"<p>\u00abNous avons ferm\u00e9 nos ports aux navires isra\u00e9liens (&#8230;) et nous n\u2019autorisons pas les avions (isra\u00e9liens) \u00e0 entrer dans notre espace a\u00e9rien\u00bb, a d\u00e9clar\u00e9 le ministre turc des Affaires \u00e9trang\u00e8res Hakan Fidan devant le parlement turc.<\/p>\n<p class=\"fig-paragraph\">La\u00a0<a href=\"http:\/\/www.lefigaro.fr\/international\/guerre-en-ukraine-la-russie-a-revu-ses-exigences-territoriales-affirme-le-chef-de-la-diplomatie-turque-20250829\" data-fig-type=\"NewsFlash\" data-gtm-custom-categorie=\"navigation\" data-gtm-custom-action=\"crossclick\" data-gtm-custom-label=\"Contextuel\" data-gtm-event=\"customEventSPE\" data-fig-domain=\"LEFIGARO\" target=\"_blank\" rel=\"noopener\">Turquie<\/a>, qui a suspendu depuis l\u2019an pass\u00e9 ses relations commerciales avec\u00a0<a href=\"http:\/\/www.lefigaro.fr\/international\/guerre-a-gaza-israel-denonce-une-discrimination-apres-la-mise-a-l-ecart-de-ses-representants-au-salon-de-l-armement-de-londres-20250829\" data-fig-type=\"NewsFlash\" data-gtm-custom-categorie=\"navigation\" data-gtm-custom-action=\"crossclick\" data-gtm-custom-label=\"Contextuel\" data-gtm-event=\"customEventSPE\" data-fig-domain=\"LEFIGARO\" target=\"_blank\" rel=\"noopener\">Isra\u00ebl<\/a>, a annonc\u00e9 ce vendredi avoir ferm\u00e9 ses ports et son espace a\u00e9rien aux navires et aux avions militaires et officiels isra\u00e9liens. \u00abNous avons ferm\u00e9 nos ports aux navires isra\u00e9liens (&#8230;) et nous n\u2019autorisons pas les avions (isra\u00e9liens) \u00e0 entrer dans notre espace a\u00e9rien\u00bb, a d\u00e9clar\u00e9 le ministre turc des Affaires \u00e9trang\u00e8res Hakan Fidan devant le parlement turc.<\/p>\n<p class=\"fig-paragraph\">Une source diplomatique turque a pr\u00e9cis\u00e9 \u00e0 l\u2019AFP que cette seconde restriction ne concernait pas les avions de ligne isra\u00e9liens survolant la Turquie. Les vols directs entre les deux pays avaient d\u00e9j\u00e0 \u00e9t\u00e9 suspendus.<\/p>\n<p class=\"fig-body-link\">\n            \u00c0 lire aussi<br \/>\n        <a class=\"fig-body-link__link fig-premium-mark\" href=\"http:\/\/www.lefigaro.fr\/international\/en-israel-tsahal-reitere-son-hostilite-a-la-conquete-de-gaza-20250825\" data-fig-type=\"Article\" data-gtm-custom-categorie=\"navigation\" data-gtm-custom-action=\"crossclick\" data-gtm-custom-label=\"Contextuel\" data-gtm-event=\"customEventSPE\" data-fig-domain=\"LEFIGARO\" target=\"_blank\" rel=\"noopener\">En Isra\u00ebl, Tsahal r\u00e9it\u00e8re son hostilit\u00e9 \u00e0 la conqu\u00eate de Gaza<br \/>\n    <\/a>\n<\/p>\n<p>                                    <a class=\"fig-a11y-skip a11y-hidden\" href=\"#fig-a11y-skip-main-inarticle\"><br \/>\n        Passer la publicit\u00e9<br \/>\n    <\/a><\/p>\n<p>Relations d\u00e9t\u00e9rior\u00e9es<\/p>\n<p class=\"fig-paragraph\">\u00abAucun autre pays que le n\u00f4tre n\u2019a totalement interrompu ses \u00e9changes commerciaux avec Isra\u00ebl\u00bb, s\u2019est f\u00e9licit\u00e9 Hakan Fidan lors d\u2019une session extraordinaire consacr\u00e9e \u00e0 la<a href=\"http:\/\/www.lefigaro.fr\/international\/guerre-a-gaza-l-armee-israelienne-annonce-avoir-ramene-en-israel-les-corps-de-deux-otages-20250829\" data-fig-type=\"NewsFlash\" data-gtm-custom-categorie=\"navigation\" data-gtm-custom-action=\"crossclick\" data-gtm-custom-label=\"Contextuel\" data-gtm-event=\"customEventSPE\" data-fig-domain=\"LEFIGARO\" target=\"_blank\" rel=\"noopener\">\u00a0guerre \u00e0 Gaza<\/a>. La grande entreprise isra\u00e9lienne de transport maritime ZIM avait indiqu\u00e9 lundi avoir re\u00e7u un avis des autorit\u00e9s portuaires turques l\u2019informant que \u00ables navires d\u00e9tenus, g\u00e9r\u00e9s ou exploit\u00e9s par une entit\u00e9 li\u00e9e \u00e0 Isra\u00ebl ne seront plus autoris\u00e9s \u00e0 accoster dans les ports turcs\u00bb.<\/p>\n<p class=\"fig-paragraph\">Les relations entre Isra\u00ebl et la Turquie, rare pays \u00e0 majorit\u00e9 musulmane \u00e0 le reconna\u00eetre, se sont d\u00e9t\u00e9rior\u00e9es depuis le d\u00e9but de la guerre dans la bande de Gaza, d\u00e9clench\u00e9e par l\u2019attaque du Hamas sur le sol isra\u00e9lien le 7 octobre.<\/p>\n","protected":false},"excerpt":{"rendered":"\u00abNous avons ferm\u00e9 nos ports aux navires isra\u00e9liens (&#8230;) et nous n\u2019autorisons pas les avions (isra\u00e9liens) \u00e0 entrer&hellip;\n","protected":false},"author":2,"featured_media":352432,"comment_status":"","ping_status":"","sticky":false,"template":"","format":"standard","meta":{"footnotes":""},"categories":[5],"tags":[11,1011,27,665,14,664,12,3496,28],"class_list":{"0":"post-352431","1":"post","2":"type-post","3":"status-publish","4":"format-standard","5":"has-post-thumbnail","7":"category-international","8":"tag-actualites","9":"tag-fr","10":"tag-france","11":"tag-gaza","12":"tag-international","13":"tag-israel","14":"tag-news","15":"tag-turquie","16":"tag-world"},"share_on_mastodon":{"url":"https:\/\/pubeurope.com\/@fr\/115112836062071728","error":""},"_links":{"self":[{"href":"https:\/\/www.europesays.com\/fr\/wp-json\/wp\/v2\/posts\/352431","targetHints":{"allow":["GET"]}}],"collection":[{"href":"https:\/\/www.europesays.com\/fr\/wp-json\/wp\/v2\/posts"}],"about":[{"href":"https:\/\/www.europesays.com\/fr\/wp-json\/wp\/v2\/types\/post"}],"author":[{"embeddable":true,"href":"https:\/\/www.europesays.com\/fr\/wp-json\/wp\/v2\/users\/2"}],"replies":[{"embeddable":true,"href":"https:\/\/www.europesays.com\/fr\/wp-json\/wp\/v2\/comments?post=352431"}],"version-history":[{"count":0,"href":"https:\/\/www.europesays.com\/fr\/wp-json\/wp\/v2\/posts\/352431\/revisions"}],"wp:featuredmedia":[{"embeddable":true,"href":"https:\/\/www.europesays.com\/fr\/wp-json\/wp\/v2\/media\/352432"}],"wp:attachment":[{"href":"https:\/\/www.europesays.com\/fr\/wp-json\/wp\/v2\/media?parent=352431"}],"wp:term":[{"taxonomy":"category","embeddable":true,"href":"https:\/\/www.europesays.com\/fr\/wp-json\/wp\/v2\/categories?post=352431"},{"taxonomy":"post_tag","embeddable":true,"href":"https:\/\/www.europesays.com\/fr\/wp-json\/wp\/v2\/tags?post=352431"}],"curies":[{"name":"wp","href":"https:\/\/api.w.org\/{rel}","templated":true}]}}