{"id":352447,"date":"2025-08-29T15:54:12","date_gmt":"2025-08-29T15:54:12","guid":{"rendered":"https:\/\/www.europesays.com\/fr\/352447\/"},"modified":"2025-08-29T15:54:12","modified_gmt":"2025-08-29T15:54:12","slug":"les-partis-de-gauche-mobilises-contre-le-sommet-franco-allemand-qui-se-deroule-a-toulon","status":"publish","type":"post","link":"https:\/\/www.europesays.com\/fr\/352447\/","title":{"rendered":"Les partis de gauche mobilis\u00e9s contre le sommet franco-allemand qui se d\u00e9roule \u00e0 Toulon"},"content":{"rendered":"<p>Ce vendredi, place Monsenergue \u00e0 Toulon, ils \u00e9taient une cinquantaine \u00e0 r\u00e9pondre \u00e0 l\u2019appel \u00e0 manifester de la f\u00e9d\u00e9ration varoise du Parti communiste fran\u00e7ais (PCF), devant la pr\u00e9fecture maritime du Var, en marge du 25e conseil des ministres franco-allemand qui s\u2019est tenu sous la houlette d\u2019Emmanuel Macron et du chancelier Friedrich Merz.<\/p>\n<p>Un rendez-vous manqu\u00e9 avec les m\u00e9dias nationaux qui avaient finalement fait le d\u00e9placement dans la r\u00e9sidence du pr\u00e9fet maritime, au fort du Cap Brun, juste au-dessus de l\u2019anse M\u00e9jean.<\/p>\n<p>\u00ab\u00a0Le sommet \u00e9tait initialement annonc\u00e9 \u00e0 la pr\u00e9fecture maritime, ils sont all\u00e9s s\u2019enfermer au Cap Brun, c\u2019est un petit rassemblement mais politiquement \u00e7a reste un signe fort: toutes les forces de gauche et progressistes sont mobilis\u00e9es. \u00c0 Toulon, dans le Var, on ne laissera pas passer l\u2019\u00e9conomie de guerre mise en place par Macron, la course au r\u00e9armement et la vassalisation de la France et de l\u2019Europe face aux \u00c9tats-Unis\u00a0\u00bb, d\u00e9nonce Alain Bolla, conseiller r\u00e9gional PCF.<\/p>\n<p>Course au r\u00e9armement et r\u00e9cession<\/p>\n<p>Pour les progressistes varois en pr\u00e9sence (PCF, France Insoumise, EELV, Gauche r\u00e9publicaine et socialiste, Place Publique), la tenue de ce conseil des ministres commun dans le premier port militaire fran\u00e7ais et europ\u00e9en n\u2019est pas un hasard, il traduit les ambitions militaires des dirigeants des deux premi\u00e8res \u00e9conomies de l\u2019UE.<\/p>\n<p>\u00ab\u00a0En France, le budget de la d\u00e9fense a progress\u00e9 de 40 milliards avec la loi de programmation militaire. Dans le m\u00eame temps, le budget Bayrou impose \u00e0 la population fran\u00e7aise 44,5 milliards de coupes sombres dans les d\u00e9penses publiques et sociales. La France s\u2019enfonce chaque jour dans une crise \u00e9conomique, la pauvret\u00e9 s\u2019\u00e9tend, le ch\u00f4mage augmente, de plus en plus de salari\u00e9s, de retrait\u00e9s, de jeunes, se serrent la ceinture\u00a0\u00bb, insiste Alain Bolla.<\/p>\n<p>Les partis de gauche plaident au contraire pour le retour \u00e0 la diplomatie et l\u2019arr\u00eat des alliances militaires agressives. \u00ab\u00a0La France et le monde n\u2019ont pas besoin d\u2019un gouvernement fran\u00e7ais va-t-en-guerre, il est urgent de reconna\u00eetre l\u2019\u00c9tat palestinien, de cesser la livraison d\u2019armes \u00e0 Isra\u00ebl, nous voulons une Europe \u00e9cologique, sociale, d\u00e9mocratique et solidaire\u00a0\u00bb, rench\u00e9rit St\u00e9phane Succo, de la Gauche r\u00e9publicaine et socialiste (GRS).<\/p>\n<p>Justice sociale, transition \u00e9cologique, renforcement des services publics, les syndicats manifestants appellent \u00e0 un \u00ab\u00a0renversement\u00a0\u00bb de l\u2019ordre politique \u00e9tabli.<\/p>\n","protected":false},"excerpt":{"rendered":"Ce vendredi, place Monsenergue \u00e0 Toulon, ils \u00e9taient une cinquantaine \u00e0 r\u00e9pondre \u00e0 l\u2019appel \u00e0 manifester de la&hellip;\n","protected":false},"author":2,"featured_media":352448,"comment_status":"","ping_status":"","sticky":false,"template":"","format":"standard","meta":{"footnotes":""},"categories":[9619],"tags":[1111,11,554,1777,674,1011,27,12,316,882,25,2310],"class_list":{"0":"post-352447","1":"post","2":"type-post","3":"status-publish","4":"format-standard","5":"has-post-thumbnail","7":"category-toulon","8":"tag-actu","9":"tag-actualites","10":"tag-defense","11":"tag-eu","12":"tag-europe","13":"tag-fr","14":"tag-france","15":"tag-news","16":"tag-politique","17":"tag-provence-alpes-cote-dazur","18":"tag-republique-francaise","19":"tag-toulon"},"share_on_mastodon":{"url":"https:\/\/pubeurope.com\/@fr\/115112867576346298","error":""},"_links":{"self":[{"href":"https:\/\/www.europesays.com\/fr\/wp-json\/wp\/v2\/posts\/352447","targetHints":{"allow":["GET"]}}],"collection":[{"href":"https:\/\/www.europesays.com\/fr\/wp-json\/wp\/v2\/posts"}],"about":[{"href":"https:\/\/www.europesays.com\/fr\/wp-json\/wp\/v2\/types\/post"}],"author":[{"embeddable":true,"href":"https:\/\/www.europesays.com\/fr\/wp-json\/wp\/v2\/users\/2"}],"replies":[{"embeddable":true,"href":"https:\/\/www.europesays.com\/fr\/wp-json\/wp\/v2\/comments?post=352447"}],"version-history":[{"count":0,"href":"https:\/\/www.europesays.com\/fr\/wp-json\/wp\/v2\/posts\/352447\/revisions"}],"wp:featuredmedia":[{"embeddable":true,"href":"https:\/\/www.europesays.com\/fr\/wp-json\/wp\/v2\/media\/352448"}],"wp:attachment":[{"href":"https:\/\/www.europesays.com\/fr\/wp-json\/wp\/v2\/media?parent=352447"}],"wp:term":[{"taxonomy":"category","embeddable":true,"href":"https:\/\/www.europesays.com\/fr\/wp-json\/wp\/v2\/categories?post=352447"},{"taxonomy":"post_tag","embeddable":true,"href":"https:\/\/www.europesays.com\/fr\/wp-json\/wp\/v2\/tags?post=352447"}],"curies":[{"name":"wp","href":"https:\/\/api.w.org\/{rel}","templated":true}]}}