{"id":352449,"date":"2025-08-29T15:55:11","date_gmt":"2025-08-29T15:55:11","guid":{"rendered":"https:\/\/www.europesays.com\/fr\/352449\/"},"modified":"2025-08-29T15:55:11","modified_gmt":"2025-08-29T15:55:11","slug":"que-reproche-lelu-manu-reynaud-au-depute-jean-louis-roumegas","status":"publish","type":"post","link":"https:\/\/www.europesays.com\/fr\/352449\/","title":{"rendered":"que reproche l&rsquo;\u00e9lu Manu Reynaud au d\u00e9put\u00e9 Jean-Louis Roumegas\u00a0?"},"content":{"rendered":"<p>            Par<br \/>\n        <strong><br \/>\n            <a href=\"https:\/\/actu.fr\/auteur\/jm-aubert\" title=\"Consulter tous les articles de Jean-Marc Aubert\" rel=\"nofollow noopener\" target=\"_blank\">Jean-Marc Aubert<\/a><br \/>\n        <\/strong><\/p>\n<p>        Publi\u00e9 le<\/p>\n<p>            29 ao\u00fbt 2025 \u00e0 17h27        <\/p>\n<p>Quand un vert voit rouge : \u00ab\u00a0Ne trahis pas l\u2019union de la gauche et des \u00e9cologistes, camarade !\u00a0\u00bb, tel est le d\u00e9but de la lettre de reproches que <strong>Manu Reynaud<\/strong> vient d\u2019adresser \u00e0 <strong>Jean-Louis Roumegas,<\/strong> en le tutoyant, un message r\u00e9v\u00e9l\u00e9 ce vendredi 29 ao\u00fbt 2025.<\/p>\n<p class=\" wall-content\">\u00ab\u00a0Le 7 juillet 2024, tu as \u00e9t\u00e9 \u00e9lu d\u00e9put\u00e9 de Montpellier sous la banni\u00e8re du Nouveau Front Populaire. Un rassemblement in\u00e9dit de la gauche, des \u00e9cologistes, des forces progressistes, renforc\u00e9 par la mobilisation de milliers de citoyen-nes de Montpellier qui a rendu possible ton \u00e9lection.\u00a0Aucun soutien ne t\u2019a manqu\u00e9 : ni celui des \u00e9lecteurs\/trices et des militant-es de gauche et \u00e9cologistes, ni celui des \u00e9lu-es et responsables politiques locaux, repr\u00e9sentant la gauche plurielle dans sa diversit\u00e9.\u00a0Personne n\u2019a oubli\u00e9 ce rassemblement citoyen, le 30 juin, devant le Pavillon Populaire, cette mobilisation unitaire en soutien \u00e0 ta candidature et \u00e0 celles de Sylvain Carri\u00e8re et Fanny Dombre-Coste aux cot\u00e9s du maire Micha\u00ebl Delafosse, Ren\u00e9 Revol et tant d\u2019autres.\u00a0Personne n\u2019a oubli\u00e9 que ce sont les voix d\u2019\u00e9lecteurs\/trices montpelli\u00e9rain-nes qui t\u2019ont permis de te qualifier pour le second tour et de battre le candidat du Rassemblement National\u00a0\u00bb, \u00e9crit l\u2019adjoint au maire de Montpellier, pr\u00e9sident des \u00e9lus \u00e9cologistes \u00e0 la mairie de Montpellier au d\u00e9put\u00e9 de l\u2019H\u00e9rault, membre \u00e9cologiste \u00e0 l\u2019Assembl\u00e9e nationale.<\/p>\n<p class=\" wall-content\">Il rappelle encore que, \u00ab\u00a0C\u2019est cette union de la gauche qui a permis ton \u00e9lection et ton mandat. Cette union nous engage toutes et tous.\u00a0Tu connais les vertus du rassemblement.\u00a0D\u00e8s 2001, tu as exerc\u00e9 le mandat de deuxi\u00e8me adjoint au maire de Georges Fr\u00eache, au sein d\u2019une majorit\u00e9 de gauche plurielle rassemblant socialistes, \u00e9cologistes, communistes, et radicaux de gauche.\u00a0En 2012, tu as \u00e9t\u00e9 \u00e9lu d\u00e9put\u00e9 avec le soutien, d\u00e8s le premier tour, de l\u2019union de la gauche et de l\u2019\u00e9cologie qui formait la majorit\u00e9 pr\u00e9sidentielle de Fran\u00e7ois Hollande. Et c\u2019est dans ce m\u00eame esprit de rassemblement que tu as \u00e9t\u00e9 \u00e9lu \u00e0 nouveau d\u00e9put\u00e9 en 2024\u00a0\u00bb.<\/p>\n<p class=\" wall-content\">Manu Reynaud ajoute : \u00ab\u00a0Lors des \u00e9lections municipales de 2014, tu a m\u00eame d\u00e9fendu, pour EELV, une liste d\u2019union d\u00e8s le premier tour avec le parti socialiste. Le 13 f\u00e9vrier 2014, dans \u00a0un hebdomadaire tu d\u00e9clarais : \u00ab\u00a0Cet accord de premier tour avec le PS est d\u00e9j\u00e0 une victoire !\u00a0\u00bb. Et de monter d\u2019un cran, enfin : \u00ab\u00a0Aujourd\u2019hui, pourtant, tu annonces ta candidature comme t\u00eate de liste aux municipales de 2026\u2026 contre une majorit\u00e9 de gauche plurielle qui t\u2019a soutenu sans r\u00e9serve en 2024, il y a \u00e0 peine un an !<\/p>\n<p>    <img   decoding=\"async\" loading=\"lazy\" src=\"https:\/\/www.europesays.com\/fr\/wp-content\/uploads\/2025\/08\/jean-louis-roumegas-montpellier-municipales-768x576.jpg\" alt=\"Jean-Louis Roum\u00e9gas lors de la restitution de la tourn\u00e9e des quartiers.\" width=\"768\" height=\"576\"\/><br \/>\n    Jean-Louis Roumegas, d\u00e9put\u00e9 \u00e9cologiste de l\u2019H\u00e9rault\u00a0(\u00a9CN)Vid\u00e9os : en ce moment sur Actu\u00ab\u00a0Camarade, ce choix interroge\u00a0\u00bb<\/p>\n<p class=\" wall-content\">D\u2019abord, parce que nous partageons, en tant qu\u2019\u00e9cologistes, un principe fondateur : le non-cumul des mandats.\u00a0\u00a0Tu as d\u2019ailleurs vot\u00e9 la loi qui a permis qu\u2019aujourd\u2019hui en France, il ne soit plus possible d\u2019exercer en m\u00eame temps un mandat de maire et un mandat de d\u00e9put\u00e9. D\u2019ailleurs, dans un entretien \u00e0 la presse en 2014, tu expliquais vouloir honorer ton mandat national de d\u00e9put\u00e9 et ne pas briguer localement autre chose qu\u2019un simple mandat de conseiller municipal sans fonction ex\u00e9cutive.\u00a0Aujourd\u2019hui, tu es le seul d\u00e9put\u00e9 \u00e9cologiste de France \u00e0 briguer une fonction de maire. Ce choix est contraire au sens de l\u2019histoire et aux valeurs de l\u2019\u00e9cologie politique\u00a0\u00bb.<\/p>\n<p>Votre r\u00e9gion, votre actu !<\/p>\n<p>Recevez chaque jour les infos qui comptent pour vous.<\/p>\n<p>\t<a href=\"https:\/\/actu.fr\/newsletter\" class=\"ac-btn ac-btn--corner ac-btn--medium ac-btn--blue800\" rel=\"nofollow noopener\" target=\"_blank\">S&rsquo;incrire<\/a><br \/>\n\u00ab\u00a0D\u00e9put\u00e9 ou candidat au poste de maire, il faut choisir camarade !\u00a0\u00bb<\/p>\n<p class=\" wall-content\">Manu Reynaud poursuit : \u00ab\u00a0Par ailleurs, ce choix de la division de la gauche interroge car il vient en contradiction totale avec la strat\u00e9gie d\u2019union de la gauche promue par les \u00e9cologistes tant au niveau national qu\u2019au niveau local. Une strat\u00e9gie d\u2019union encore d\u00e9fendue ces derniers jours \u00e0 Strasbourg par la secr\u00e9taire nationale d\u2019EELV, Marine Tondelier, lors des journ\u00e9es d\u2019\u00e9t\u00e9 des \u00e9cologistes. Partout o\u00f9 une ou un maire de gauche se repr\u00e9sente, \u00e0 Lyon comme \u00e0 Marseille ou Bordeaux, il est \u00e9vident et naturel que la majorit\u00e9 de gauche sortante doit se repr\u00e9senter unie devant les \u00e9lecteurs\u00a0\u00bb.<\/p>\n<p class=\" wall-content\">Puis, apr\u00e8s l\u2019analyse vient ce constat amer : \u00ab\u00a0Se pr\u00e9senter contre une majorit\u00e9 municipale sortante de gauche et \u00e9cologiste c\u2019est faire le choix de la division. Cela interroge d\u2019autant plus que le contexte est pr\u00e9occupant. Au lendemain de l\u2019annonce de Fran\u00e7ois Bayrou, la crise politique nationale est plus grave que jamais. Nous devons nous pr\u00e9parer \u00e0 toutes les hypoth\u00e8ses : mobilisation \u00e0 l\u2019Assembl\u00e9e, r\u00e9sistance dans les territoires, voire dissolution et nouvelles \u00e9lections l\u00e9gislatives. Dans ces circonstances, la gauche et l\u2019\u00e9cologie ne peuvent pas se payer le luxe de la division !\u00a0Et puis Montpellier n\u2019est pas une ville comme une autre. C\u2019est une terre de r\u00e9sistance. Une ville de gauche, ouverte, hospitali\u00e8re, cosmopolite, une ville de plus en plus isol\u00e9e dans un Midi m\u00e9diterran\u00e9en o\u00f9, de Nice \u00e0 Perpignan, l\u2019extr\u00eame droite progresse. Plus que jamais, la gauche montpelli\u00e9raine doit se tenir debout et r\u00e9sister. Dans ce contexte, rien ne peut justifier la division de notre camp !\u00a0\u00bb.<\/p>\n<p class=\" wall-content\">Pour Manu Reynaud, \u00ab\u00a0Montpellier m\u00e9rite mieux. Les \u00e9lecteurs\/trices de la gauche et de l\u2019\u00e9cologie sont en attente d\u2019un rassemblement des forces de gauche. Un rassemblement dans la clart\u00e9 et dans la constance. Car il est incompr\u00e9hensible d\u2019appeler, un jour, au rassemblement pour se faire \u00e9lire d\u00e9put\u00e9 et le lendemain de justifier la division pour \u00eatre candidat au poste de maire !\u00a0\u00bb\u00a0Dans les semaines qui viennent, la situation nationale primera sur tout le reste. La construction d\u2019une alternative \u00e9cologique et sociale doit \u00eatre notre boussole. Ne donnons pas des armes \u00e0 nos adversaires et soyons clairs vis \u00e0 vis de nos \u00e9lecteurs\/trices.\u00a0On ne construit pas l\u2019avenir en justifiant la division au gr\u00e9 des circonstances. On trouve des compromis, on r\u00e8gle nos diff\u00e9rends, on b\u00e2tit l\u2019union. M\u00eame si elle est parfois rugueuse, m\u00eame si elle demande des concessions, l\u2019union est un combat, mais c\u2019est un combat qu\u2019il faut gagner.<\/p>\n<p class=\" wall-content\">Et de conclure par cet avertissement : \u00ab\u00a0Ne trahis pas l\u2019union de la gauche et des \u00e9cologistes, camarade !\u00a0\u00bb Deux camarades qui ne passeront visiblement pas les f\u00eates de fin d\u2019ann\u00e9e ensemble : \u00e0 quelques mois des \u00e9lections municipales, entre le fromage et le dessert, les discussions auraient pu \u00eatre \u00a0constructives\u2026<\/p>\n<p class=\" wall-content\">Personnalisez votre actualit\u00e9 en ajoutant vos villes et m\u00e9dias en favori avec <a href=\"https:\/\/moncompte.actu.fr\" title=\"D\u00e9couvez Mon Actu\" rel=\"nofollow noopener\" data-trk=\"{&quot;cta&quot;:{&quot;action&quot;:&quot;https:\\\/\\\/moncompte.actu.fr&quot;,&quot;category&quot;:&quot;mon compte&quot;,&quot;from&quot;:&quot;article footer&quot;,&quot;name&quot;:&quot;Mon actu&quot;,&quot;type&quot;:&quot;cta&quot;}}\" target=\"_blank\">Mon Actu<\/a>.<\/p>\n","protected":false},"excerpt":{"rendered":"Par Jean-Marc Aubert Publi\u00e9 le 29 ao\u00fbt 2025 \u00e0 17h27 Quand un vert voit rouge : \u00ab\u00a0Ne trahis&hellip;\n","protected":false},"author":2,"featured_media":352450,"comment_status":"","ping_status":"","sticky":false,"template":"","format":"standard","meta":{"footnotes":""},"categories":[9599],"tags":[1111,11,1777,674,1011,27,2208,12,2680,316,25],"class_list":{"0":"post-352449","1":"post","2":"type-post","3":"status-publish","4":"format-standard","5":"has-post-thumbnail","7":"category-montpellier","8":"tag-actu","9":"tag-actualites","10":"tag-eu","11":"tag-europe","12":"tag-fr","13":"tag-france","14":"tag-montpellier","15":"tag-news","16":"tag-occitanie","17":"tag-politique","18":"tag-republique-francaise"},"share_on_mastodon":{"url":"https:\/\/pubeurope.com\/@fr\/115112871920869074","error":""},"_links":{"self":[{"href":"https:\/\/www.europesays.com\/fr\/wp-json\/wp\/v2\/posts\/352449","targetHints":{"allow":["GET"]}}],"collection":[{"href":"https:\/\/www.europesays.com\/fr\/wp-json\/wp\/v2\/posts"}],"about":[{"href":"https:\/\/www.europesays.com\/fr\/wp-json\/wp\/v2\/types\/post"}],"author":[{"embeddable":true,"href":"https:\/\/www.europesays.com\/fr\/wp-json\/wp\/v2\/users\/2"}],"replies":[{"embeddable":true,"href":"https:\/\/www.europesays.com\/fr\/wp-json\/wp\/v2\/comments?post=352449"}],"version-history":[{"count":0,"href":"https:\/\/www.europesays.com\/fr\/wp-json\/wp\/v2\/posts\/352449\/revisions"}],"wp:featuredmedia":[{"embeddable":true,"href":"https:\/\/www.europesays.com\/fr\/wp-json\/wp\/v2\/media\/352450"}],"wp:attachment":[{"href":"https:\/\/www.europesays.com\/fr\/wp-json\/wp\/v2\/media?parent=352449"}],"wp:term":[{"taxonomy":"category","embeddable":true,"href":"https:\/\/www.europesays.com\/fr\/wp-json\/wp\/v2\/categories?post=352449"},{"taxonomy":"post_tag","embeddable":true,"href":"https:\/\/www.europesays.com\/fr\/wp-json\/wp\/v2\/tags?post=352449"}],"curies":[{"name":"wp","href":"https:\/\/api.w.org\/{rel}","templated":true}]}}