{"id":352453,"date":"2025-08-29T15:57:23","date_gmt":"2025-08-29T15:57:23","guid":{"rendered":"https:\/\/www.europesays.com\/fr\/352453\/"},"modified":"2025-08-29T15:57:23","modified_gmt":"2025-08-29T15:57:23","slug":"de-bons-rendements-mais-des-prix-qui-ne-suivent-malheureusement-pas","status":"publish","type":"post","link":"https:\/\/www.europesays.com\/fr\/352453\/","title":{"rendered":"de bons rendements mais des prix qui ne suivent malheureusement pas"},"content":{"rendered":"<p>            Par<br \/>\n        <strong><br \/>\n            <a href=\"https:\/\/actu.fr\/auteur\/amandine-mouquet\" title=\"Consulter tous les articles de Amandine Mouquet\" rel=\"nofollow noopener\" target=\"_blank\">Amandine Mouquet<\/a><br \/>\n        <\/strong><\/p>\n<p>        Publi\u00e9 le<\/p>\n<p>            29 ao\u00fbt 2025 \u00e0 16h59        <\/p>\n<p>Comme chaque ann\u00e9e, la<b> p\u00e9riode des <a href=\"https:\/\/actu.fr\/societe\/moisson-2025-les-agriculteurs-dans-lattente-du-soleil-en-seine-maritime_62960211.html\" rel=\"nofollow noopener\" target=\"_blank\">moissons<\/a> est particuli\u00e8rement charg\u00e9e<\/b> pour les agriculteurs. Entre r\u00e9coltes conditionn\u00e9es par la m\u00e9t\u00e9o, fortes chaleurs rendant les conditions de travail difficiles et journ\u00e9es qui se terminent tard dans la nuit, les exploitants ne m\u00e9nagent pas leurs efforts. Les efforts ont-ils \u00e9t\u00e9 r\u00e9compens\u00e9s\u2009? Voyons cela en <a href=\"https:\/\/actu.fr\/76actu\/\" rel=\"nofollow noopener\" target=\"_blank\">Seine-Maritime<\/a>, avec une loupe sur le <a href=\"https:\/\/actu.fr\/tag\/pays-de-bray\" rel=\"nofollow noopener\" target=\"_blank\">Pays de Bray<\/a>.<\/p>\n<p>De bons rendements pour l\u2019orge et le colza<\/p>\n<p data-start=\"747\" class=\" wall-content\">Le colza a enregistr\u00e9 <b>d\u2019excellents rendements<\/b>, entre<b> 45 et 50 quintaux <\/b>par hectare. \u00ab\u2009Le printemps a \u00e9t\u00e9 tr\u00e8s lumineux pendant la floraison, un crit\u00e8re majeur pour obtenir de bons r\u00e9sultats, et le colza a connu tr\u00e8s peu de parasitisme\u2009\u00bb, explique Fran\u00e7ois d\u2019Hubert, conseiller cultures \u00e0 la Chambre d\u2019agriculture de Normandie. S\u00e9chant plus rapidement, il a \u00e9t\u00e9 r\u00e9colt\u00e9<b> avant le 22\u00a0juillet.<\/b><\/p>\n<p data-start=\"1132\" class=\" wall-content\">De son c\u00f4t\u00e9, l\u2019orge a offert des<b> r\u00e9sultats plus h\u00e9t\u00e9rog\u00e8nes<\/b> mais globalement satisfaisants. Attendue avec <b>quinze jours d\u2019avance<\/b>, fin juin d\u00e9but juillet, elle laissait craindre de petits rendements en raison d\u2019un cycle cultural raccourci. Finalement, les moissons se sont r\u00e9v\u00e9l\u00e9es correctes, avec des<b> rendements compris entre 85 et 90\u00a0q\/ha<\/b>, \u00ab\u2009ce qui est bien pour une culture souvent sem\u00e9e derri\u00e8re du bl\u00e9, sur des terres moyennes voire inf\u00e9rieures\u2009\u00bb, pr\u00e9cise Fran\u00e7ois d\u2019Hubert.<br data-start=\"1596\"\/>Le printemps sec et quelques pluies bien plac\u00e9es ont permis d\u2019\u00e9viter les maladies, m\u00eame si les terres crayeuses des coteaux du Pays de Bray, de la <a href=\"https:\/\/actu.fr\/tag\/picardie-verte\" rel=\"nofollow noopener\" target=\"_blank\">Picardie<\/a> et de l\u2019Entre-Bray ont donn\u00e9 des rendements plus faibles, autour de<b> 65 \u00e0 70\u00a0q\/ha<\/b>.<\/p>\n<p>Un bl\u00e9 arriv\u00e9 t\u00f4t mais frein\u00e9 par la pluie<\/p>\n<p data-start=\"1889\" class=\" wall-content\">Particularit\u00e9 de cette campagne, les premiers bl\u00e9s ont \u00e9t\u00e9 r\u00e9colt\u00e9s<b> d\u00e8s la premi\u00e8re dizaine de juillet,<\/b> un signe suppl\u00e9mentaire du<b> changement climatique<\/b>. Mais les moissons ont \u00e9t\u00e9 interrompues par les pluies du <b>12 au 22\u00a0juillet<\/b>.<br data-start=\"2117\"\/>Si ces pr\u00e9cipitations ont \u00e9t\u00e9 favorables aux cultures de printemps (betteraves, pommes de terre, lin), elles ont en revanche<b> d\u00e9grad\u00e9 le poids sp\u00e9cifique du bl\u00e9<\/b>. \u00ab\u2009Le grain m\u00fbr a gonfl\u00e9 mais les enveloppes cellulosiques sont rest\u00e9es dilat\u00e9es, ce qui fait qu\u2019il n\u2019est plus aussi dense\u2009\u00bb, d\u00e9taille Fran\u00e7ois d\u2019Hubert. R\u00e9sultat\u2009: une<b> perte de 3 \u00e0 4 points<\/b>, parfois en dessous de la norme de 76\u00a0kg\/hl.<\/p>\n<p>Vid\u00e9os : en ce moment sur Actu<\/p>\n<p data-start=\"2519\" class=\" wall-content\">Les derni\u00e8res parcelles ont \u00e9t\u00e9 r\u00e9colt\u00e9es autour du 13\u00a0ao\u00fbt. Les meilleurs rendements, de<b> 100 \u00e0 110\u00a0q\/ha,<\/b> ont \u00e9t\u00e9 enregistr\u00e9s sur des terres pr\u00e9c\u00e9demment cultiv\u00e9es en lin ou en colza.<\/p>\n<p data-start=\"2519\" class=\" wall-content\">\u00c0 l\u2019inverse, les parcelles derri\u00e8re des <b>cultures \u00ab\u2009tasseuses\u2009\u00bb<\/b> comme la betterave ou la pomme de terre n\u2019ont pas d\u00e9pass\u00e9 les<b> 85\u00a0q\/ha<\/b>, tandis que les plus faibles r\u00e9coltes, autour de 65\u00a0<b>q\/ha,<\/b> ont \u00e9t\u00e9 observ\u00e9es derri\u00e8re du bl\u00e9 tr\u00e8s \u00e9chaud\u00e9.<br data-start=\"2928\"\/>Autre point noir\u2009: le<b> taux de prot\u00e9ines,<\/b> qui reste relativement faible cette ann\u00e9e, avec une moyenne de <b>10,5\u2009%<\/b>. Juste \u00e0 la limite en dessus de laquelle les prix sont p\u00e9nalis\u00e9s.<\/p>\n<p>Votre r\u00e9gion, votre actu !<\/p>\n<p>Recevez chaque jour les infos qui comptent pour vous.<\/p>\n<p>\t<a href=\"https:\/\/actu.fr\/newsletter\" class=\"ac-btn ac-btn--corner ac-btn--medium ac-btn--blue800\" rel=\"nofollow noopener\" target=\"_blank\">S&rsquo;incrire<\/a><br \/>\nDes prix trop faibles pour les producteurs<\/p>\n<p data-start=\"3138\" class=\" wall-content\">Malgr\u00e9 des rendements globalement bons, la r\u00e9mun\u00e9ration reste loin de couvrir les charges des agriculteurs. Le bl\u00e9 se vend actuellement autour de <b>170 \u00e0 180\u00a0euros la tonne,<\/b> soit bien en <b>dessous du seuil de rentabilit\u00e9.<\/b> \u00ab\u2009Les prix faibles s\u2019expliquent par la parit\u00e9 de l\u2019euro, aujourd\u2019hui \u00e0 1,17 dollar pour un euro, mais aussi par la perte de nombreux march\u00e9s en Afrique\u2009\u00bb, souligne Fran\u00e7ois d\u2019Hubert.<\/p>\n<p data-start=\"3525\" class=\" wall-content\">L\u2019exemple est parlant\u2009: un kilo de bl\u00e9 pay\u00e9 17 centimes \u00e0 l\u2019agriculteur permet de fabriquer environ cinq baguettes de 200 grammes. Une comparaison qui illustre l\u2019\u00e9cart consid\u00e9rable entre le prix pay\u00e9 au producteur et celui d\u00e9bours\u00e9 par le consommateur.<\/p>\n<p class=\" wall-content\">Personnalisez votre actualit\u00e9 en ajoutant vos villes et m\u00e9dias en favori avec <a href=\"https:\/\/moncompte.actu.fr\" title=\"D\u00e9couvez Mon Actu\" rel=\"nofollow noopener\" data-trk=\"{&quot;cta&quot;:{&quot;action&quot;:&quot;https:\\\/\\\/moncompte.actu.fr&quot;,&quot;category&quot;:&quot;mon compte&quot;,&quot;from&quot;:&quot;article footer&quot;,&quot;name&quot;:&quot;Mon actu&quot;,&quot;type&quot;:&quot;cta&quot;}}\" target=\"_blank\">Mon Actu<\/a>.<\/p>\n","protected":false},"excerpt":{"rendered":"Par Amandine Mouquet Publi\u00e9 le 29 ao\u00fbt 2025 \u00e0 16h59 Comme chaque ann\u00e9e, la p\u00e9riode des moissons est&hellip;\n","protected":false},"author":2,"featured_media":352454,"comment_status":"","ping_status":"","sticky":false,"template":"","format":"standard","meta":{"footnotes":""},"categories":[9587],"tags":[1111,11,327,1777,674,1011,27,12,5161,13095,25,9590,104],"class_list":{"0":"post-352453","1":"post","2":"type-post","3":"status-publish","4":"format-standard","5":"has-post-thumbnail","7":"category-rouen","8":"tag-actu","9":"tag-actualites","10":"tag-agriculture","11":"tag-eu","12":"tag-europe","13":"tag-fr","14":"tag-france","15":"tag-news","16":"tag-normandie","17":"tag-region-normandie","18":"tag-republique-francaise","19":"tag-rouen","20":"tag-societe"},"share_on_mastodon":{"url":"https:\/\/pubeurope.com\/@fr\/115112879395230918","error":""},"_links":{"self":[{"href":"https:\/\/www.europesays.com\/fr\/wp-json\/wp\/v2\/posts\/352453","targetHints":{"allow":["GET"]}}],"collection":[{"href":"https:\/\/www.europesays.com\/fr\/wp-json\/wp\/v2\/posts"}],"about":[{"href":"https:\/\/www.europesays.com\/fr\/wp-json\/wp\/v2\/types\/post"}],"author":[{"embeddable":true,"href":"https:\/\/www.europesays.com\/fr\/wp-json\/wp\/v2\/users\/2"}],"replies":[{"embeddable":true,"href":"https:\/\/www.europesays.com\/fr\/wp-json\/wp\/v2\/comments?post=352453"}],"version-history":[{"count":0,"href":"https:\/\/www.europesays.com\/fr\/wp-json\/wp\/v2\/posts\/352453\/revisions"}],"wp:featuredmedia":[{"embeddable":true,"href":"https:\/\/www.europesays.com\/fr\/wp-json\/wp\/v2\/media\/352454"}],"wp:attachment":[{"href":"https:\/\/www.europesays.com\/fr\/wp-json\/wp\/v2\/media?parent=352453"}],"wp:term":[{"taxonomy":"category","embeddable":true,"href":"https:\/\/www.europesays.com\/fr\/wp-json\/wp\/v2\/categories?post=352453"},{"taxonomy":"post_tag","embeddable":true,"href":"https:\/\/www.europesays.com\/fr\/wp-json\/wp\/v2\/tags?post=352453"}],"curies":[{"name":"wp","href":"https:\/\/api.w.org\/{rel}","templated":true}]}}