{"id":352455,"date":"2025-08-29T15:58:15","date_gmt":"2025-08-29T15:58:15","guid":{"rendered":"https:\/\/www.europesays.com\/fr\/352455\/"},"modified":"2025-08-29T15:58:15","modified_gmt":"2025-08-29T15:58:15","slug":"le-debut-de-saison-exemplaire-du-gardien-du-fc-rouen-axel-temperton","status":"publish","type":"post","link":"https:\/\/www.europesays.com\/fr\/352455\/","title":{"rendered":"le d\u00e9but de saison exemplaire du gardien du FC Rouen Axel Temperton"},"content":{"rendered":"<p>            Par<br \/>\n        <strong><br \/>\n            <a href=\"https:\/\/actu.fr\/auteur\/thomas-rideau\" title=\"Consulter tous les articles de Thomas Rideau\" target=\"_blank\" rel=\"noopener\">Thomas Rideau<\/a><br \/>\n        <\/strong><\/p>\n<p>        Publi\u00e9 le<\/p>\n<p>            29 ao\u00fbt 2025 \u00e0 17h46        <\/p>\n<p>Il y a \u00e0 peine quelques ann\u00e9es, <strong>Axel Temperton<\/strong> (27\u00a0ans) jouait en R2 avec le club de <a href=\"https:\/\/actu.fr\/normandie\/le-mesnil-esnard_76429\" target=\"_blank\" rel=\"noopener\">Mesnil-Esnard (Seine-Maritime)<\/a>, au 7e \u00e9chelon national. Mais les choses ont chang\u00e9, et \u00ab\u2009dans le football, tout va tr\u00e8s vite\u2009\u00bb, comme le signale d\u2019ailleurs \u00e0 76actu son ancien entra\u00eeneur \u00e0 Mesnil et \u00e0 Oissel, <strong>Marcel Wettchoua<\/strong>. En effet, alors que se profile la rencontre contre Valencienne ce vendredi 29\u00a0ao\u00fbt 2025, celui qui joue d\u00e9sormais pour le <a href=\"https:\/\/actu.fr\/tag\/fc-rouen\" target=\"_blank\" rel=\"noopener\">FC Rouen<\/a> est en train de faire un tr\u00e8s solide d\u00e9but de saison.<\/p>\n<p>\u00ab\u2009C\u2019est un truc de fou, le foot\u2009\u00bb<\/p>\n<p class=\" wall-content\">\u00ab\u2009Depuis le d\u00e9but de l\u2019ann\u00e9e, on a encaiss\u00e9 qu\u2019un seul but dans le jeu\u2009\u00bb, rappelait d\u2019ailleurs le capitaine<strong> Cl\u00e9ment Bassin<\/strong> apr\u00e8s la victoire face \u00e0 Sochaux vendredi 22\u00a0ao\u00fbt (3-1). Et le dernier rempart, Axel Temperton n\u2019est pas \u00e9tranger \u00e0 cette r\u00e9ussite.<\/p>\n<p class=\" wall-content\">D\u2019abord form\u00e9 chez le voisin quevillais en U19 avant de rejoindre le club de r\u00e9gional de Mesnil-Esnard, il int\u00e8gre en 2022 le CMS Oissel, club de N3 o\u00f9 d\u2019un coup, \u00ab\u2009le niveau de jeu augmente\u2009\u00bb, se souvient-il aupr\u00e8s de 76actu.<\/p>\n<p class=\" wall-content\">Mais alors\u2009? Comment passe-t-on, en quelques ann\u00e9es,<strong> du niveau r\u00e9gional \u00e0 \u00eatre titulaire face \u00e0 Sochaux<\/strong> o\u00f9 il s\u2019illustre d\u2019ailleurs par un magnifique arr\u00eat et un jeu au pied bigrement pr\u00e9cis. <strong>\u00ab\u2009C\u2019est un truc de fou, le foot\u2009\u00bb<\/strong>, lance Marcel Wettchoua, son coach \u00e0 Mesnil et, hasard du sport, \u00e9galement au CMS Oissel.<\/p>\n<p>\u00ab\u2009Le bonheur peut venir de partout\u2009\u00bb<\/p>\n<p class=\" wall-content\"><strong>\u00ab\u2009Axel travaille plus que les autres<\/strong>. De tous les gardiens que j\u2019ai entra\u00een\u00e9s, c\u2019est celui qui \u00e9tait le plus ponctuel, le plus travailleur\u2009\u00bb, note l\u2019entra\u00eeneur qui ne croit pas trop \u00e0 la chance. \u00ab\u2009\u00c0 Oissel, il \u00e9tait en avance \u00e0 l\u2019entra\u00eenement.<strong> Il en redemandait toujours<\/strong>. M\u00eame au niveau du renforcement musculaire.\u2009\u00bb<\/p>\n<p class=\" wall-content\">Son recrutement au FCR et son d\u00e9but de saison exemplaire\u2009? \u00ab\u2009<strong>\u00c7a ne me surprend pas<\/strong> du tout\u2009\u00bb, tranche son ancien coach qui ne loupe pas un match des culs rouges. \u00ab\u2009<strong>C\u2019est le fruit de ses efforts<\/strong>. Il y avait d\u00e9j\u00e0 une grosse transition entre Mesnil et Oissel. Alors l\u00e0, d\u2019Oissel au FCR\u2026\u2009\u00bb<\/p>\n<p class=\" wall-content\">Pour lui, ce qui fait la diff\u00e9rence\u2009? \u00ab\u2009<strong>Son jeu au pied<\/strong>. Et sa pr\u00e9sence sur la ligne. \u00c0 Oissel, c\u2019est ce jeu au pied qui l\u2019a fait passer devant dans la hi\u00e9rarchie\u2009\u00bb, insiste celui qui se dit fier et aime rappeler que dans le foot, \u00ab\u2009le bonheur peut venir de partout\u2009\u00bb.<\/p>\n<p>Votre r\u00e9gion, votre actu !<\/p>\n<p>Recevez chaque jour les infos qui comptent pour vous.<\/p>\n<p>\t<a href=\"https:\/\/actu.fr\/newsletter\" class=\"ac-btn ac-btn--corner ac-btn--medium ac-btn--blue800\" target=\"_blank\" rel=\"noopener\">S&rsquo;incrire<\/a><br \/>\n\u00ab\u2009J\u2019ai continu\u00e9 de r\u00eaver\u2009\u00bb<\/p>\n<p class=\" wall-content\">Pour Axel Temperton, il s\u2019agit surtout de mettre en avant l\u2019ambiance dans le vestiaire. \u00ab\u2009<strong>\u00c7a se passe tr\u00e8s bien<\/strong>. On a eu un gros renouvellement de l\u2019effectif et tout le monde a \u00e9t\u00e9 bien int\u00e9gr\u00e9\u2009\u00bb, assure-t-il. \u00ab\u2009Mais cette saison, je me sens dans une continuit\u00e9. J\u2019avais d\u00e9j\u00e0 termin\u00e9 la saison derni\u00e8re avec les trois derni\u00e8res rencontres\u2009\u00bb, rappelle-t-il. \u00ab\u2009Il faut faire sa place.\u2009\u00bb<\/p>\n<p class=\" wall-content\">\u00ab\u2009Je travaille \u00e9norm\u00e9ment\u2009\u00bb, rajoute-t-il. \u00ab\u2009Je me suis toujours comport\u00e9 comme si je jouais au plus haut niveau\u2009\u00bb, explique-t-il en r\u00e9f\u00e9rence \u00e0 ces ann\u00e9es en r\u00e9gional et N3. \u00ab\u2009Tr\u00e8s jeune, j\u2019ai eu des stages dans des grands clubs, j\u2019ai pu toucher le tr\u00e8s haut niveau et <strong>j\u2019ai continu\u00e9 de r\u00eaver <\/strong>comme beaucoup.\u2009\u00bb<\/p>\n<p class=\" wall-content\">\u00ab\u2009Cette signature au FCR arrive au bon moment. <strong>J\u2019ai 27\u00a0ans, dans la force de l\u2019\u00e2ge<\/strong>, je me concentre sur chaque entra\u00eenement\u2009\u00bb, avec, \u00e0 l\u2019horizon, le retour d\u2019un autre Axel, Maraval, le gardien titulaire des Diables Rouges qui est en \u00ab\u2009phase de reprise\u2009\u00bb et qui <a href=\"https:\/\/www.paris-normandie.fr\/id607390\/article\/2025-02-18\/football-national-fin-de-saison-pour-maraval-le-gardien-du-fc-rouen\" target=\"_blank\" rel=\"noopener\">revient d\u2019une grosse blessure<\/a>.<\/p>\n<p class=\" wall-content\">Axel Temperton, savoure le moment. Mais <strong>il veut aussi croire en ses chances<\/strong>. Et s\u2019il lui disputait cette place de titulaire lors des prochaines semaines\u2009? \u00ab\u2009Je ne me projette pas. Il y aura une concurrence et le staff fera les choix. Je veux juste \u00eatre le plus performant possible.\u2009\u00bb<\/p>\n<p>Suivez l\u2019actualit\u00e9 de Rouen <a href=\"https:\/\/www.whatsapp.com\/channel\/0029VaKfnf99hXF2ddApFB1D\" target=\"_blank\" rel=\"noopener\">sur notre cha\u00eene WhatsApp<\/a> et <a href=\"https:\/\/www.tiktok.com\/@76actu.fr?lang=fr\" target=\"_blank\" rel=\"noopener\">sur notre compte TikTok<\/a><\/p>\n<p class=\" wall-content\">Personnalisez votre actualit\u00e9 en ajoutant vos villes et m\u00e9dias en favori avec <a href=\"https:\/\/moncompte.actu.fr\" title=\"D\u00e9couvez Mon Actu\" rel=\"nofollow noopener\" data-trk=\"{&quot;cta&quot;:{&quot;action&quot;:&quot;https:\\\/\\\/moncompte.actu.fr&quot;,&quot;category&quot;:&quot;mon compte&quot;,&quot;from&quot;:&quot;article footer&quot;,&quot;name&quot;:&quot;Mon actu&quot;,&quot;type&quot;:&quot;cta&quot;}}\" target=\"_blank\">Mon Actu<\/a>.<\/p>\n<p>                    <script async src=\"\/\/www.tiktok.com\/embed.js\"><\/script><\/p>\n","protected":false},"excerpt":{"rendered":"Par Thomas Rideau Publi\u00e9 le 29 ao\u00fbt 2025 \u00e0 17h46 Il y a \u00e0 peine quelques ann\u00e9es, Axel&hellip;\n","protected":false},"author":2,"featured_media":352456,"comment_status":"","ping_status":"","sticky":false,"template":"","format":"standard","meta":{"footnotes":""},"categories":[9587],"tags":[1111,11,1777,674,12003,63,1011,27,12,5161,25,9590,60],"class_list":{"0":"post-352455","1":"post","2":"type-post","3":"status-publish","4":"format-standard","5":"has-post-thumbnail","7":"category-rouen","8":"tag-actu","9":"tag-actualites","10":"tag-eu","11":"tag-europe","12":"tag-fc-rouen","13":"tag-football","14":"tag-fr","15":"tag-france","16":"tag-news","17":"tag-normandie","18":"tag-republique-francaise","19":"tag-rouen","20":"tag-sports"},"share_on_mastodon":{"url":"https:\/\/pubeurope.com\/@fr\/115112883250130761","error":""},"_links":{"self":[{"href":"https:\/\/www.europesays.com\/fr\/wp-json\/wp\/v2\/posts\/352455","targetHints":{"allow":["GET"]}}],"collection":[{"href":"https:\/\/www.europesays.com\/fr\/wp-json\/wp\/v2\/posts"}],"about":[{"href":"https:\/\/www.europesays.com\/fr\/wp-json\/wp\/v2\/types\/post"}],"author":[{"embeddable":true,"href":"https:\/\/www.europesays.com\/fr\/wp-json\/wp\/v2\/users\/2"}],"replies":[{"embeddable":true,"href":"https:\/\/www.europesays.com\/fr\/wp-json\/wp\/v2\/comments?post=352455"}],"version-history":[{"count":0,"href":"https:\/\/www.europesays.com\/fr\/wp-json\/wp\/v2\/posts\/352455\/revisions"}],"wp:featuredmedia":[{"embeddable":true,"href":"https:\/\/www.europesays.com\/fr\/wp-json\/wp\/v2\/media\/352456"}],"wp:attachment":[{"href":"https:\/\/www.europesays.com\/fr\/wp-json\/wp\/v2\/media?parent=352455"}],"wp:term":[{"taxonomy":"category","embeddable":true,"href":"https:\/\/www.europesays.com\/fr\/wp-json\/wp\/v2\/categories?post=352455"},{"taxonomy":"post_tag","embeddable":true,"href":"https:\/\/www.europesays.com\/fr\/wp-json\/wp\/v2\/tags?post=352455"}],"curies":[{"name":"wp","href":"https:\/\/api.w.org\/{rel}","templated":true}]}}