{"id":352457,"date":"2025-08-29T15:59:10","date_gmt":"2025-08-29T15:59:10","guid":{"rendered":"https:\/\/www.europesays.com\/fr\/352457\/"},"modified":"2025-08-29T15:59:10","modified_gmt":"2025-08-29T15:59:10","slug":"grenoble-pauline-girardot-nouvelle-directrice-de-cabinet-de-la-prefete-de-lisere","status":"publish","type":"post","link":"https:\/\/www.europesays.com\/fr\/352457\/","title":{"rendered":"Grenoble. Pauline Girardot, nouvelle directrice de cabinet de la pr\u00e9f\u00e8te de l\u2019Is\u00e8re"},"content":{"rendered":"<p>Pauline Girardot, 35 ans, vient de succ\u00e9der \u00e0 Afif Lazrag, nomm\u00e9 sous-pr\u00e9fet de Saint-Amand-Montrond (Cher), aux fonctions de directrice de cabinet de la pr\u00e9f\u00e8te de l\u2019Is\u00e8re, Catherine S\u00e9guin. Native de Nevers (Ni\u00e8vre), Pauline Girardot est issue de la promotion 2015 (promotion Winston Churchill) de l\u2019\u00c9cole nationale d\u2019administration (ENA) et est dipl\u00f4m\u00e9e de l\u2019Institut d\u2019\u00e9tudes politiques (IEP) de Strasbourg (2012).<\/p>\n<p>Elle a commenc\u00e9 sa carri\u00e8re en 2016 aux fonctions de directrice de cabinet de la pr\u00e9f\u00e8te de r\u00e9gion Bourgogne-Franche-Comt\u00e9 avant d\u2019\u00eatre nomm\u00e9e, en 2018, adjointe au chef de la mission des hauts potentiels de la gendarmerie nationale, o\u00f9 elle s\u2019est d\u00e9couvert une app\u00e9tence particuli\u00e8re pour les ressources humaines. Elle y a acquis une bonne connaissance de la gendarmerie, ce qui, au regard de ses fonctions actuelles, est un atout dans ses contacts avec les responsables du groupement de gendarmerie de l\u2019Is\u00e8re, le plus important de France. En qualit\u00e9 de \u00ab\u00a0responsable s\u00e9curit\u00e9\u00a0\u00bb, la directrice de cabinet assiste en effet la pr\u00e9f\u00e8te directement pour animer et coordonner l\u2019action des services charg\u00e9s du respect de l\u2019ordre public et de la protection des personnes et des biens\u00a0: police, gendarmerie et services de secours.<\/p>\n<p>Titulaire en 2020 d\u2019un master 2 \u00ab\u00a0coaching\u00a0\u00bb, elle a \u00e9t\u00e9 directrice adjointe des stages des \u00e9tudiants de l\u2019INSP (Institut national du service public, ex-ENA) et a rejoint l\u2019Yonne en 2022 au poste de secr\u00e9taire g\u00e9n\u00e9rale de la pr\u00e9fecture, avant d\u2019\u00eatre nomm\u00e9e en Is\u00e8re.<\/p>\n","protected":false},"excerpt":{"rendered":"Pauline Girardot, 35 ans, vient de succ\u00e9der \u00e0 Afif Lazrag, nomm\u00e9 sous-pr\u00e9fet de Saint-Amand-Montrond (Cher), aux fonctions de&hellip;\n","protected":false},"author":2,"featured_media":352458,"comment_status":"","ping_status":"","sticky":false,"template":"","format":"standard","meta":{"footnotes":""},"categories":[9566],"tags":[1111,11,2430,112,1777,674,274,1011,27,2731,2732,108,12,25],"class_list":{"0":"post-352457","1":"post","2":"type-post","3":"status-publish","4":"format-standard","5":"has-post-thumbnail","7":"category-grenoble","8":"tag-actu","9":"tag-actualites","10":"tag-auvergne-rhone-alpes","11":"tag-edition-grenoble-agglomeration","12":"tag-eu","13":"tag-europe","14":"tag-faits-divers-justice","15":"tag-fr","16":"tag-france","17":"tag-grenoble","18":"tag-grenoble-bassin","19":"tag-isere","20":"tag-news","21":"tag-republique-francaise"},"share_on_mastodon":{"url":"https:\/\/pubeurope.com\/@fr\/115112887327549047","error":""},"_links":{"self":[{"href":"https:\/\/www.europesays.com\/fr\/wp-json\/wp\/v2\/posts\/352457","targetHints":{"allow":["GET"]}}],"collection":[{"href":"https:\/\/www.europesays.com\/fr\/wp-json\/wp\/v2\/posts"}],"about":[{"href":"https:\/\/www.europesays.com\/fr\/wp-json\/wp\/v2\/types\/post"}],"author":[{"embeddable":true,"href":"https:\/\/www.europesays.com\/fr\/wp-json\/wp\/v2\/users\/2"}],"replies":[{"embeddable":true,"href":"https:\/\/www.europesays.com\/fr\/wp-json\/wp\/v2\/comments?post=352457"}],"version-history":[{"count":0,"href":"https:\/\/www.europesays.com\/fr\/wp-json\/wp\/v2\/posts\/352457\/revisions"}],"wp:featuredmedia":[{"embeddable":true,"href":"https:\/\/www.europesays.com\/fr\/wp-json\/wp\/v2\/media\/352458"}],"wp:attachment":[{"href":"https:\/\/www.europesays.com\/fr\/wp-json\/wp\/v2\/media?parent=352457"}],"wp:term":[{"taxonomy":"category","embeddable":true,"href":"https:\/\/www.europesays.com\/fr\/wp-json\/wp\/v2\/categories?post=352457"},{"taxonomy":"post_tag","embeddable":true,"href":"https:\/\/www.europesays.com\/fr\/wp-json\/wp\/v2\/tags?post=352457"}],"curies":[{"name":"wp","href":"https:\/\/api.w.org\/{rel}","templated":true}]}}