{"id":352459,"date":"2025-08-29T16:00:31","date_gmt":"2025-08-29T16:00:31","guid":{"rendered":"https:\/\/www.europesays.com\/fr\/352459\/"},"modified":"2025-08-29T16:00:31","modified_gmt":"2025-08-29T16:00:31","slug":"grenoble-en-proie-au-doute-avant-lasse","status":"publish","type":"post","link":"https:\/\/www.europesays.com\/fr\/352459\/","title":{"rendered":"Grenoble en proie au doute avant l&rsquo;ASSE !"},"content":{"rendered":"<p data-start=\"125\" data-end=\"584\"><strong>L&rsquo;op\u00e9ration s&rsquo;annonce compliqu\u00e9e pour Grenoble. En se d\u00e9pla\u00e7ant en terre st\u00e9phanoise, les Is\u00e9rois devront se battre pour prendre le dessus. Le journaliste pour Foot Amateur Fr\u00e9d\u00e9ric Sougey est revenu en d\u00e9tail sur la forme du GF38 avant la 4e journ\u00e9e de Ligue 2.<\/strong><\/p>\n<p>Un \u00e9t\u00e9 compliqu\u00e9 pour Grenoble<\/p>\n<p data-start=\"93\" data-end=\"319\">Il aura fallu attendre le 25 juillet pour voir le GF38 d\u00e9crocher sa premi\u00e8re victoire estivale. Battus d\u2019entr\u00e9e par le Servette FC (1-0), les hommes de Franck Rizzetto ont ensuite subi une <a href=\"https:\/\/c.ledauphine.com\/sport\/2025\/07\/19\/le-gf38-etrille-par-troyes-en-amical\" rel=\"nofollow noopener\" target=\"_blank\">lourde d\u00e9faite face \u00e0 Troyes (5-0)<\/a>.<\/p>\n<p data-start=\"321\" data-end=\"699\">\u00ab\u00a0Une pr\u00e9paration estivale en demi-teinte\u00a0\u00bb, analyse Fr\u00e9d\u00e9ric Sougey, journaliste pour Foot Amateur. \u00ab\u00a0Il y a eu des matchs compliqu\u00e9s, comme la grosse claque contre Troyes ou encore la d\u00e9faite face au Puy (ndlr : 1er amical perdu 0-2). Mais entre les deux, il y a eu aussi des choses int\u00e9ressantes, comme le nul contre Auxerre (0-0) ou encore celui contre Rodez (victoire 1-0).\u00a0\u00bb<\/p>\n<p data-start=\"701\" data-end=\"801\">Et comme un symbole, en ouverture du championnat, Grenoble s\u2019est de nouveau inclin\u00e9 face \u00e0 Troyes (2-1). Depuis, les Is\u00e9rois n&rsquo;ont toujours pas connu la victoire en championnat. Ces derniers conc\u00e9daient en effet la d\u00e9faite face \u00e0 Clermont la semaine derni\u00e8re, malgr\u00e9 l&rsquo;ouverture du score \u00e0 l&rsquo;heure de jeu.<\/p>\n<p data-start=\"586\" data-end=\"1171\">\u00ab\u00a0Paradoxalement, la d\u00e9faite \u00e0 Clermont reste pour moi le match le plus rassurant, affirme le suiveur du club grenoblois.\u00a0Il y a encore plein de choses n\u00e9gatives \u00e0 gommer, mais on a vu plus de constance. (&#8230;) Mais en se faisant renverser en cinq minutes, on voit bien qu\u2019il y a encore une vraie fragilit\u00e9 mentale. Techniquement, c\u2019est pareil, beaucoup de d\u00e9chet.\u00a0\u00bb<\/p>\n<p data-start=\"586\" data-end=\"1171\"><strong>Un bilan estival difficile \u00e0 assumer pour le GF38 :\u00a0<\/strong><\/p>\n<ul>\n<li data-start=\"586\" data-end=\"1171\">D\u00e9faite 1-0 vs Servette FC (12 juillet)<\/li>\n<li data-start=\"586\" data-end=\"1171\">D\u00e9faite 0-5 vs ESTAC (19 juillet)<\/li>\n<li data-start=\"586\" data-end=\"1171\">Victoire 1-0 vs Rodez AF (25 juillet)<\/li>\n<li data-start=\"586\" data-end=\"1171\">Nul 0-0 vs AJ Auxerre (30 juillet)<\/li>\n<li data-start=\"586\" data-end=\"1171\">D\u00e9faite 0-2 vs Le Puy \/ Victoire 3-1 (2 ao\u00fbt)<\/li>\n<\/ul>\n<p>Le GF38 priv\u00e9 de ses atouts en Ligue 2<\/p>\n<p>Priv\u00e9 de Pape Me\u00efssa Ba et Lenny Joseph depuis l\u2019hiver dernier, Grenoble a perdu ses deux meilleurs atouts offensifs. Comme si cela ne suffisait pas, Junior Olaitan et Ayoub Jabbari ont quitt\u00e9 les Alpes \u00e0 leur tour cet \u00e9t\u00e9. \u00ab\u00a0Devant, \u00e7a manque clairement de niveau Ligue 2, conclut Fr\u00e9d\u00e9ric Sougey de la situation. Et \u00e7a se sent dans l\u2019animation et dans l\u2019efficacit\u00e9.\u00a0\u00bb<\/p>\n<p data-start=\"1661\" data-end=\"2086\">\u00ab\u00a0Apr\u00e8s, il y a aussi des leaders techniques qui sont en dedans. Beaucoup de pertes de balle, peu de ma\u00eetrise. Sur les deux premi\u00e8res journ\u00e9es, c\u2019\u00e9tait flagrant. Et puis l\u2019\u00e9tat d\u2019esprit\u2026 Clairement, \u00e0 Troyes, pendant une demi-heure, c\u2019\u00e9tait catastrophique. On n\u2019a pas eu l\u2019impression de voir une \u00e9quipe concern\u00e9e, pr\u00eate \u00e0 se mettre en mode guerrier. En Ligue 2, \u00e7a ne pardonne pas.\u00a0\u00bb<\/p>\n<p>\u00ab\u00a0Tout autre r\u00e9sultat qu\u2019une d\u00e9faite serait une grosse surprise.\u00a0\u00bb<\/p>\n<p>Il ne faudra sans doute pas esp\u00e9rer de miracles ce samedi. La mission s\u2019annonce compliqu\u00e9e pour l\u2019actuel 16e de Ligue 2. \u00ab\u00a0Les attentes pour le match face \u00e0 Saint-\u00c9tienne sont tr\u00e8s faibles. (&#8230;) Ce match, on va dire que c\u2019est du bonus. Tout autre r\u00e9sultat qu\u2019une d\u00e9faite serait une grosse surprise. (&#8230;) On sent surtout beaucoup de pessimisme dans les Alpes avant ce d\u00e9placement. \u00bb\u00a0\u00bb<\/p>\n<p>Et si Geoffroy-Guichard devrait de nouveau afficher <a href=\"https:\/\/peuple-vert.fr\/a-la-une\/asse-grenoble-affluence-record-ligue2\/\" rel=\"nofollow noopener\" target=\"_blank\">un nombre de supporters record<\/a>, ce pourrait aussi \u00eatre \u00e0 l&rsquo;avantage de Grenoble que la ferveur jouera. \u00ab\u00a0Jouer dans le Chaudron, c\u2019est une source de motivation. \u00c7a transcende tout le monde. J\u2019esp\u00e8re que \u00e7a pourra pousser certains joueurs \u00e0 se d\u00e9passer.\u00a0\u00bb<\/p>\n","protected":false},"excerpt":{"rendered":"L&rsquo;op\u00e9ration s&rsquo;annonce compliqu\u00e9e pour Grenoble. En se d\u00e9pla\u00e7ant en terre st\u00e9phanoise, les Is\u00e9rois devront se battre pour prendre&hellip;\n","protected":false},"author":2,"featured_media":352460,"comment_status":"","ping_status":"","sticky":false,"template":"","format":"standard","meta":{"footnotes":""},"categories":[9566],"tags":[1111,11,2430,1777,674,1011,27,2731,12,25],"class_list":{"0":"post-352459","1":"post","2":"type-post","3":"status-publish","4":"format-standard","5":"has-post-thumbnail","7":"category-grenoble","8":"tag-actu","9":"tag-actualites","10":"tag-auvergne-rhone-alpes","11":"tag-eu","12":"tag-europe","13":"tag-fr","14":"tag-france","15":"tag-grenoble","16":"tag-news","17":"tag-republique-francaise"},"share_on_mastodon":{"url":"https:\/\/pubeurope.com\/@fr\/115112891137497603","error":""},"_links":{"self":[{"href":"https:\/\/www.europesays.com\/fr\/wp-json\/wp\/v2\/posts\/352459","targetHints":{"allow":["GET"]}}],"collection":[{"href":"https:\/\/www.europesays.com\/fr\/wp-json\/wp\/v2\/posts"}],"about":[{"href":"https:\/\/www.europesays.com\/fr\/wp-json\/wp\/v2\/types\/post"}],"author":[{"embeddable":true,"href":"https:\/\/www.europesays.com\/fr\/wp-json\/wp\/v2\/users\/2"}],"replies":[{"embeddable":true,"href":"https:\/\/www.europesays.com\/fr\/wp-json\/wp\/v2\/comments?post=352459"}],"version-history":[{"count":0,"href":"https:\/\/www.europesays.com\/fr\/wp-json\/wp\/v2\/posts\/352459\/revisions"}],"wp:featuredmedia":[{"embeddable":true,"href":"https:\/\/www.europesays.com\/fr\/wp-json\/wp\/v2\/media\/352460"}],"wp:attachment":[{"href":"https:\/\/www.europesays.com\/fr\/wp-json\/wp\/v2\/media?parent=352459"}],"wp:term":[{"taxonomy":"category","embeddable":true,"href":"https:\/\/www.europesays.com\/fr\/wp-json\/wp\/v2\/categories?post=352459"},{"taxonomy":"post_tag","embeddable":true,"href":"https:\/\/www.europesays.com\/fr\/wp-json\/wp\/v2\/tags?post=352459"}],"curies":[{"name":"wp","href":"https:\/\/api.w.org\/{rel}","templated":true}]}}