{"id":352461,"date":"2025-08-29T16:01:18","date_gmt":"2025-08-29T16:01:18","guid":{"rendered":"https:\/\/www.europesays.com\/fr\/352461\/"},"modified":"2025-08-29T16:01:18","modified_gmt":"2025-08-29T16:01:18","slug":"la-maire-de-rennes-invitee-a-partager-ses-reussites-en-termes-de-securite-lopposition-sen-donne-a-coeur-joie","status":"publish","type":"post","link":"https:\/\/www.europesays.com\/fr\/352461\/","title":{"rendered":"La maire de Rennes invit\u00e9e \u00e0 partager ses \u00ab\u00a0r\u00e9ussites\u00a0\u00bb en termes de s\u00e9curit\u00e9\u00a0: l\u2019opposition s\u2019en donne \u00e0 c\u0153ur joie"},"content":{"rendered":"<p>\u00c0 Blois, les 27, 28 et 29 ao\u00fbt se d\u00e9roule l\u2019universit\u00e9 d\u2019\u00e9t\u00e9 du Parti socialiste. Un grand raout o\u00f9 les \u00e9lus PS de toute la France se r\u00e9unissent, r\u00e9fl\u00e9chissent et d\u00e9veloppent leur r\u00e9seau. Entre causeries et tables rondes, l\u2019occasion aussi de s\u2019inspirer des bonnes id\u00e9es mises en \u0153uvre par d\u2019autres collectivit\u00e9s. En ce troisi\u00e8me jour de congr\u00e8s, ce vendredi, Nathalie App\u00e9r\u00e9, maire de Rennes, \u00e9tait invit\u00e9e \u00e0 d\u00e9battre sur les \u00ab r\u00e9ussites des responsables socialistes sur le terrain de la s\u00e9curit\u00e9. \u00bb Un intitul\u00e9 ronflant qui n\u2019a pas manqu\u00e9 de faire r\u00e9agir parmi les rangs de l\u2019opposition municipale.<\/p>\n<p>Campagne municipale<\/p>\n<p>\u00ab Ce n\u2019est m\u00eame pas un canular\u2026 \u00bb confie un \u00e9lu entre rires et larmes. \u00ab Heureusement que la honte ne tue pas. Se rend-elle compte de ce qu\u2019elle ose affirmer ? Jamais la s\u00e9curit\u00e9 \u00e0 Rennes n\u2019a pos\u00e9 autant de probl\u00e8mes ! Depuis deux ans, c\u2019est juste une catastrophe ! \u00bb De quoi lancer pour de bon la campagne des municipales.<\/p>\n<p>L\u2019un des leaders de l\u2019opposition \u00e0 la mairie, Charles Compagnon en a m\u00eame fait un post sur ses r\u00e9seaux sociaux.<\/p>\n<blockquote class=\"twitter-tweet\">\n<p lang=\"fr\" dir=\"ltr\">In\u00e9dit \/ Spoiler : le contenu de l\u2019intervention de Nathalie App\u00e9r\u00e9 sur ses \u00ab r\u00e9ussites locales \u00bb en mati\u00e8re de s\u00e9curit\u00e9 demain \\ud83d\\udc47<\/p>\n<p>1\ufe0f\u20e3 Une conviction politique ferme : ne pas investir dans la s\u00e9curit\u00e9<br \/>\u2013 25 \u20ac investis par habitant, soit 95e sur 108 grandes villes.<br \/>\u2013 1 cam\u00e9ra pour\u2026 <a href=\"https:\/\/t.co\/PhDBsZEPCH\">pic.twitter.com\/PhDBsZEPCH<\/a><\/p>\n<p>\u2014 Charles Compagnon (@Ch_Compagnon) <a href=\"https:\/\/twitter.com\/Ch_Compagnon\/status\/1961108350873059463?ref_src=twsrc%5Etfw\" target=\"_blank\" rel=\"noopener\">August 28, 2025<\/a><\/p><\/blockquote>\n<p>Sentant la pol\u00e9mique poindre, B\u00e9atrice Hakni-Robin, adjointe \u00e0 la maire de Rennes d\u00e9l\u00e9gu\u00e9e au quartier du Blosne, a temp\u00e9r\u00e9 quelque peu sur sa page Facebook. \u00ab Avec humilit\u00e9, Nathalie App\u00e9r\u00e9 invite \u00e0 mettre des warnings sur le terme \u2018r\u00e9ussites\u2019\u00a0\ufeff car la situation actuelle n\u2019invite personne \u00e0 fanfaronner. Il faut plut\u00f4t de la d\u00e9termination et de la constance dans un contexte s\u00e9curit\u00e9 tr\u00e8s tendu avec l\u2019essor du trafic de stup\u00e9fiants depuis 2020. \u00bb<\/p>\n<p><script async src=\"https:\/\/platform.twitter.com\/widgets.js\" charset=\"utf-8\"><\/script><\/p>\n","protected":false},"excerpt":{"rendered":"\u00c0 Blois, les 27, 28 et 29 ao\u00fbt se d\u00e9roule l\u2019universit\u00e9 d\u2019\u00e9t\u00e9 du Parti socialiste. Un grand raout&hellip;\n","protected":false},"author":2,"featured_media":352462,"comment_status":"","ping_status":"","sticky":false,"template":"","format":"standard","meta":{"footnotes":""},"categories":[2821],"tags":[1111,11,829,765,1777,674,1011,27,848,12,3364,584,25],"class_list":{"0":"post-352461","1":"post","2":"type-post","3":"status-publish","4":"format-standard","5":"has-post-thumbnail","7":"category-rennes","8":"tag-actu","9":"tag-actualites","10":"tag-bretagne","11":"tag-en-continu","12":"tag-eu","13":"tag-europe","14":"tag-fr","15":"tag-france","16":"tag-ille-et-vilaine","17":"tag-news","18":"tag-politique-a-rennes","19":"tag-rennes","20":"tag-republique-francaise"},"share_on_mastodon":{"url":"https:\/\/pubeurope.com\/@fr\/115112895199843968","error":""},"_links":{"self":[{"href":"https:\/\/www.europesays.com\/fr\/wp-json\/wp\/v2\/posts\/352461","targetHints":{"allow":["GET"]}}],"collection":[{"href":"https:\/\/www.europesays.com\/fr\/wp-json\/wp\/v2\/posts"}],"about":[{"href":"https:\/\/www.europesays.com\/fr\/wp-json\/wp\/v2\/types\/post"}],"author":[{"embeddable":true,"href":"https:\/\/www.europesays.com\/fr\/wp-json\/wp\/v2\/users\/2"}],"replies":[{"embeddable":true,"href":"https:\/\/www.europesays.com\/fr\/wp-json\/wp\/v2\/comments?post=352461"}],"version-history":[{"count":0,"href":"https:\/\/www.europesays.com\/fr\/wp-json\/wp\/v2\/posts\/352461\/revisions"}],"wp:featuredmedia":[{"embeddable":true,"href":"https:\/\/www.europesays.com\/fr\/wp-json\/wp\/v2\/media\/352462"}],"wp:attachment":[{"href":"https:\/\/www.europesays.com\/fr\/wp-json\/wp\/v2\/media?parent=352461"}],"wp:term":[{"taxonomy":"category","embeddable":true,"href":"https:\/\/www.europesays.com\/fr\/wp-json\/wp\/v2\/categories?post=352461"},{"taxonomy":"post_tag","embeddable":true,"href":"https:\/\/www.europesays.com\/fr\/wp-json\/wp\/v2\/tags?post=352461"}],"curies":[{"name":"wp","href":"https:\/\/api.w.org\/{rel}","templated":true}]}}