{"id":352463,"date":"2025-08-29T16:02:27","date_gmt":"2025-08-29T16:02:27","guid":{"rendered":"https:\/\/www.europesays.com\/fr\/352463\/"},"modified":"2025-08-29T16:02:27","modified_gmt":"2025-08-29T16:02:27","slug":"voici-12-idees-sorties-pour-profiter-du-dernier-week-end-daout-a-rennes","status":"publish","type":"post","link":"https:\/\/www.europesays.com\/fr\/352463\/","title":{"rendered":"voici 12 id\u00e9es sorties pour profiter du dernier week-end d&rsquo;ao\u00fbt \u00e0 Rennes"},"content":{"rendered":"<p>            Par<br \/>\n        <strong><br \/>\n            <a href=\"https:\/\/actu.fr\/auteur\/lou-batteux\" title=\"Consulter tous les articles de Lou Batteux\" target=\"_blank\" rel=\"noopener\">Lou Batteux<\/a><br \/>\n        <\/strong><\/p>\n<p>        Publi\u00e9 le<\/p>\n<p>            29 ao\u00fbt 2025 \u00e0 15h35        <\/p>\n<p>Il n\u2019est jamais trop tard pour profiter de l\u2019\u00e9t\u00e9 \u00e0 Rennes. Et m\u00eame si <a href=\"https:\/\/actu.fr\/bretagne\/rennes_35238\/des-vagues-jusqu-a-5-metres-de-haut-l-ouragan-erin-va-agiter-la-bretagne-voici-a-quoi-s-attendre_63074124.html\" target=\"_blank\" rel=\"noopener\">la m\u00e9t\u00e9o n\u2019est pas tr\u00e8s cl\u00e9mente en cette fin de semaine<\/a>, la capitale bretonne propose un grand nombre d\u2019activit\u00e9s vari\u00e9es. Du <strong>vendredi\u00a029 au dimanche 31\u00a0ao\u00fbt 2025<\/strong>, d\u00e9couvrez 12 id\u00e9es sorties r\u00e9pertori\u00e9es par la r\u00e9daction d\u2019<a href=\"https:\/\/actu.fr\/rennes\/\" target=\"_blank\" rel=\"noopener\">actu Rennes<\/a>.<\/p>\n<p>Vendredi 29\u00a0ao\u00fbt<\/p>\n<ul class=\" wall-content\">\n<li><strong>Drag show \u00e0 La Basse Cour<\/strong><\/li>\n<\/ul>\n<p class=\" wall-content\"><a href=\"https:\/\/www.instagram.com\/mlle.mariebabette?utm_source=ig_web_button_share_sheet&amp;igsh=ZDNlZDc0MzIxNw==\" target=\"_blank\" rel=\"noopener\">Marie-Babette<\/a> et \u00ab\u2009ses Queens\u2009\u00bb reviennent faire leur show \u00e0 La Basse Cour pour la deuxi\u00e8me \u00e9dition de leur spectacle Le Bruit des Couleurs. Sur le th\u00e8me des fiert\u00e9s, les <strong>huit drag queens<\/strong> retraceront leur histoire, ce qu\u2019elles traversent et ce qu\u2019elles c\u00e9l\u00e8brent.<\/p>\n<p>    <a href=\"https:\/\/www.facebook.com\/plugins\/post.php?href=https%3A%2F%2Fwww.facebook.com%2Fphoto.php%3Ffbid%3D1172279004939585%26set%3Dgm.765873525996363%26type%3D3&amp;show_text=true&amp;width=350\" title=\"Ouvrie le lien\" target=\"_blank\" rel=\"noopener\">Cliquez ici pour visualiser le contenu<\/a><\/p>\n<p class=\" wall-content\">Vendredi 29\u00a0ao\u00fbt, <strong>La Basse Cour<\/strong> accueillera ces artistes sur sa sc\u00e8ne. Rendez-vous au chemin Robert de Boron, \u00e0 Rennes, \u00e0 partir de <strong>20h30<\/strong>. L\u2019entr\u00e9e est \u00e0 <strong>prix conscient<\/strong> (10\u00a0euros sugg\u00e9r\u00e9s).<\/p>\n<ul class=\" wall-content\">\n<li><strong>Grande vente de plantes \u00e0 petits prix<\/strong><\/li>\n<\/ul>\n<p class=\" wall-content\"><strong>Plantes pour tous<\/strong> revient dans la capitale bretonne. Tout le week-end, <strong>du vendredi\u00a029 au dimanche 31\u00a0ao\u00fbt<\/strong>, la jardinerie s\u2019installe \u00e0 <strong>La Brasserie<\/strong>, au 11, mail Louise Bourgeois, \u00e0 Rennes.<\/p>\n<p>Votre r\u00e9gion, votre actu !<\/p>\n<p>Recevez chaque jour les infos qui comptent pour vous.<\/p>\n<p>\t<a href=\"https:\/\/actu.fr\/newsletter\" class=\"ac-btn ac-btn--corner ac-btn--medium ac-btn--blue800\" target=\"_blank\" rel=\"noopener\">S&rsquo;incrire<\/a><\/p>\n<p class=\" wall-content\"><a href=\"https:\/\/www.instagram.com\/p\/DNyC7hSxA6y\/embed\" title=\"Ouvrir le lien sur Instagram\" target=\"_blank\" rel=\"noopener\">Visualiser le contenu sur Instagram<\/a><\/p>\n<p class=\" wall-content\">Plus de <strong>150 vari\u00e9t\u00e9s diff\u00e9rentes<\/strong> \u00ab\u2009pour tous les go\u00fbts et tous les niveaux\u2009\u00bb seront expos\u00e9es dont la moiti\u00e9 commercialis\u00e9e \u00e0 <strong>moins de 10\u00a0euros<\/strong>. Des pots, cache-pots et terreaux \u00ab\u2009made in France\u2009\u00bb seront \u00e9galement propos\u00e9s. Retrouvez plus d\u2019infos (horaires, prix, modes de paiement\u2026) dans <a href=\"https:\/\/actu.fr\/bretagne\/rennes_35238\/des-offres-des-0-99-euros-a-rennes-cette-jardinerie-organise-une-grande-vente-de-plantes_63078874.html\" target=\"_blank\" rel=\"noopener\">notre article<\/a>.<\/p>\n<p class=\" wall-content\">D\u00e8s 21h30, au parc de Beauregard pr\u00e8s du city stade, sera diffus\u00e9 <strong>Interdit aux chiens et aux Italiens<\/strong>\u00a0un film d\u2019animation en stop motion.<\/p>\n<p class=\" wall-content\">Celui-ci retrace avec tendresse et po\u00e9sie l\u2019histoire d\u2019une famille italienne contrainte \u00e0 l\u2019exil au d\u00e9but du XXe\u00a0si\u00e8cle.<\/p>\n<p class=\" wall-content\">\n<p class=\" wall-content\">Le film dure <strong>1h10<\/strong> (fin \u00e0 22h40). La s\u00e9ance est <strong>gratuite<\/strong> et ouverte \u00e0 tous et toutes.<\/p>\n<p>Samedi 30\u00a0ao\u00fbt<\/p>\n<ul class=\" wall-content\">\n<li><strong>Caf\u00e9 Bobines et Pelotes \u00e0 La Basse Cour<\/strong><\/li>\n<\/ul>\n<p class=\" wall-content\">Couture, broderie, tricot, crochet\u2026. Le Caf\u00e9 Bobines et Pelotes est un rendez-vous r\u00e9gulier de La Basse Cour. Samedi 30\u00a0ao\u00fbt, il aura de nouveau lieu au chemin Robert de Boron, \u00e0 Rennes, de <strong>15h \u00e0 18h<\/strong>.<\/p>\n<p>    <a href=\"https:\/\/www.facebook.com\/plugins\/post.php?href=https%3A%2F%2Fwww.facebook.com%2Fphoto.php%3Ffbid%3D1107655538068599%26set%3Dgm.562046930278053%26type%3D3&amp;show_text=true&amp;width=350\" title=\"Ouvrie le lien\" target=\"_blank\" rel=\"noopener\">Cliquez ici pour visualiser le contenu<\/a><\/p>\n<p class=\" wall-content\">Quel que soit votre niveau, <strong>venez avec votre ouvrage et votre mat\u00e9riel<\/strong> pour pratiquer \u00e0 plusieurs votre passion ou simplement partager un moment convivial autour d\u2019un <strong>go\u00fbter<\/strong>. Si l\u2019activit\u00e9 manuelle est <strong>accessible gratuitement<\/strong>, des boissons et des g\u00e2teaux seront mis en vente sur place.<\/p>\n<ul class=\" wall-content\">\n<li><strong>Soir\u00e9e blues au Magic Hall<\/strong><\/li>\n<\/ul>\n<p class=\" wall-content\">Le Magic Hall invite tous les amateurs et amatrices de <strong>blues<\/strong> \u00e0 venir \u00e9couter et danser sur des sonorit\u00e9s aussi douces que groovy. \u00ab\u2009Que vous soyez <strong>d\u00e9butant\u00b7e, danseur\u00b7se<\/strong> <strong>confirm\u00e9\u00b7e ou simplement curieux\u00b7se,<\/strong> tout le monde est le\u00b7la bienvenu\u00b7e\u2009\u00bb, indiquent les organisateurs.<\/p>\n<p class=\" wall-content\">Rendez-vous <strong>de 19h \u00e0 23h<\/strong>, au Magic Hall, 17 rue de la Quintaine, \u00e0 Rennes. La soir\u00e9e est <strong>gratuite<\/strong> \u00ab\u2009en \u00e9change de consommation sur place\u2009\u00bb.<\/p>\n<ul class=\" wall-content\">\n<li><strong>Une foire scolaire solidaire et gratuite<\/strong><\/li>\n<\/ul>\n<p class=\" wall-content\">Nous vous en parlions dans <a href=\"https:\/\/actu.fr\/bretagne\/rennes_35238\/cartables-cahiers-trousses-a-rennes-cette-association-propose-des-fournitures-gratuites-pour-la-rentree_63079602.html\" target=\"_blank\" rel=\"noopener\">cet article<\/a>, la ferme de Quinc\u00e9 organise ce samedi une foire scolaire solidaire et gratuite, de 10h \u00e0 16h. Cartables, cahiers, trousses, stylos\u2026 Les <strong>fournitures<\/strong> seront \u00e0 disposition pour les enfants.<\/p>\n<p class=\" wall-content\"><strong>Des animations<\/strong> vont \u00e9galement ponctuer la journ\u00e9e\u2009: jeux en bois, musique, caf\u00e9\u2026 Vous \u00eates d\u2019ailleurs invit\u00e9 \u00e0 ramener votre pique-nique. L\u2019association vous donnez rendez-vous dans son repaire, au Haut Quinc\u00e9, \u00e0 Rennes.<\/p>\n<ul class=\" wall-content\">\n<li><strong>Rinado, un spectacle ludique en public<\/strong><\/li>\n<\/ul>\n<p class=\" wall-content\">L\u2019Op\u00e9ra de Rennes propose, \u00e0 l\u2019\u00e9comus\u00e9e de la Bintinais, Rinado, un spectacle lyrique dans l\u2019espace public.<\/p>\n<blockquote class=\"ac-article-quote wall-content\">\n<p>Du spectaculaire, de la magie, des m\u00e9chants et des pyrotechnies vocales comme sc\u00e9niques\u2026 Lors de sa cr\u00e9ation \u00e0 Londres en 1711, Rinaldo remporte un triomphe. Renouant avec l\u2019histoire de ce grand op\u00e9ra \u00ab \u00e0 machines \u00bb, la metteuse en sc\u00e8ne Claire Dancoisne a pr\u00e9sent\u00e9 \u00e0 l\u2019Op\u00e9ra de Rennes en 2021 cette production marquante par ses marionnettes fantastiques, machines infernales et effets sp\u00e9ciaux \u00e0 la puissante po\u00e9sie.<\/p>\n<p>    <strong>Op\u00e9ra de Rennes<\/strong>\n            <\/p><\/blockquote>\n<p class=\" wall-content\">Le spectacle dure<strong> 2h30<\/strong>, entracte compris. L\u2019op\u00e9ra est <strong>chant\u00e9 en italien<\/strong> et accessible <strong>d\u00e8s l\u2019\u00e2ge de 10\u00a0ans<\/strong>. La direction musicale est assur\u00e9e par Bertrand Cuiller, la mise en sc\u00e8ne et la sc\u00e9nographie par Claire Dancoisne\u2009; l\u2019ensemble par Le Caravans\u00e9rail.<\/p>\n<p class=\" wall-content\">La billetterie est <a href=\"https:\/\/opera-rennes.fr\/fr\/evenement\/rinaldo-1?fbclid=IwY2xjawMeeb5leHRuA2FlbQIxMABicmlkETFkbG4zblloVWc4SnRsajFjAR7OZOZlj93XEJXlXcNcdISUBBeAON3gg-AXfSRwqi9GvsqTd1JJUrS-ewr2WA_aem_jkU4pFM0Tw6EJHBI-G8OYg\" target=\"_blank\" rel=\"noopener\">ici<\/a> (tarif plein\u2009: 14\u00a0euros).<\/p>\n<ul class=\" wall-content\">\n<li><strong>Daga\u2019Noz\u2009: balade et bal interculturels<\/strong><\/li>\n<\/ul>\n<p class=\" wall-content\">La journ\u00e9e interculturelle reprend dans le quartier Villejean, dans le cadre de Cet \u00e9t\u00e9 \u00e0 Rennes. Le Cercle Celtique de Rennes, en partenariat avec l\u2019association Bretagne Chigoma et le Centre Social de Villejean, proposent de d\u00e9couvrir des chants bretons ou gallos aux percussions mahoraises. <strong>Une balade chant\u00e9e<\/strong> est en effet organis\u00e9e afin d\u2019aller \u00e0 la rencontre des r\u00e9sidents du quartier.<\/p>\n<p class=\" wall-content\">Des temps de pauses sont pr\u00e9vus sur des places du quartier. La balade se terminera au Parquet de bal pour <strong>un barbecue.<\/strong> Il y aura \u00e9galement<strong> des initiations aux danses<\/strong> bretonnes et mahoraises, <strong>suivies d\u2019un bal interculturel.<\/strong><\/p>\n<p class=\" wall-content\">Rendez-vous <strong>d\u00e8s 15h \u00e0 la ferme de la Harpe<\/strong> pour \u00ab\u2009marcher, danser et chanter ensemble\u2009\u00bb, indiquent les organisateurs. Le bal interculturel est \u00e0 partir de 19h (l\u2019\u00e9v\u00e9nement se finit vers minuit). Pour plus d\u2019infos, vous pouvez envoyer un mail sur cette adresse <a href=\"https:\/\/actu.fr\/cdn-cgi\/l\/email-protection\" class=\"__cf_email__\" data-cfemail=\"f99a96978d989a8db99a9a8b9c97979c8ad79b8391\" target=\"_blank\" rel=\"noopener\">[email\u00a0protected]<\/a> ou contacter le 02\u200999\u200954\u200936\u200945.<\/p>\n<p class=\" wall-content\"><strong>Un open air<\/strong> est organis\u00e9 <strong>au Village d\u2019Alphonse<\/strong>, samedi, avec \u00ab\u2009de l\u2019afrobeat, du shatta, des vibes urbaines bien chaudes\u2009\u00bb, pr\u00e9cise l\u2019association Un monde qui s\u2019accorde.<\/p>\n<p class=\" wall-content\"><a href=\"https:\/\/www.instagram.com\/p\/DMGJ-w7oUyF\/embed\" title=\"Ouvrir le lien sur Instagram\" target=\"_blank\" rel=\"noopener\">Visualiser le contenu sur Instagram<\/a><\/p>\n<p class=\" wall-content\">Au programme\u2009:<\/p>\n<ul class=\" wall-content\">\n<li>Papa ReDJ, \u00ab\u00a0du son d\u2019hier et d\u2019aujourd\u2019hui, toujours avec style\u00a0\u00bb ;<\/li>\n<li>Ama \u2013 Straight outta Cameroun \ud83c\udde8\ud83c\uddf2, \u00ab\u00a0un set afro x hip-hop US, une vibe deep, puissante, 100 % Black Music\u00a0\u00bb ;<\/li>\n<li>Abdoulai \ud83c\uddf8\ud83c\uddf3 \u2013 Accompagn\u00e9 d\u2019Ama, \u00ab\u00a0ce jeune rappeur made in S\u00e9n\u00e9gal balance un mix de rap et d\u2019Afro Mbalax qui sent bon Dakar\u00a0\u00bb ;<\/li>\n<li>BB 4\u00d74, \u00ab\u00a0shatta, afrobeat, ambiance Cara\u00efbes\u00a0\u00bb.<\/li>\n<\/ul>\n<p class=\" wall-content\">De 17h30 \u00e0 minuit. Prix libre.\u00a0<\/p>\n<p>Dimanche 3 ao\u00fbt\u00a0<\/p>\n<p class=\" wall-content\">C\u2019est le dernier tournoi de p\u00e9tanque de l\u2019\u00e9t\u00e9 qui va se d\u00e9rouler ce dimanche \u00e0 La Capitainerie, aux prairies Saint-Martin.\u00a0<\/p>\n<p class=\" wall-content\"><a href=\"https:\/\/www.instagram.com\/p\/DN0HRkiWpzn\/embed\" title=\"Ouvrir le lien sur Instagram\" target=\"_blank\" rel=\"noopener\">Visualiser le contenu sur Instagram<\/a><\/p>\n<p class=\" wall-content\">Pour s\u2019inscrire, c\u2019est <a href=\"https:\/\/www.helloasso.com\/associations\/roazhon-fusion\/evenements\/tournoi-de-petanque-4-tournoi-des-amis-la-capitainerie-dimanche-31-aout?fbclid=IwY2xjawMegjhleHRuA2FlbQIxMABicmlkETFkbG4zblloVWc4SnRsajFjAR6CjqgAPWw6otUdLOAp2i9pyHhZFk1E4aZXgiG9Yn0VCKXAtXkaGB-QjXs8lg_aem_PZer2dyJuaAEFgIlvoOvJQ\" target=\"_blank\" rel=\"noopener\"><strong>ici<\/strong><\/a>. Rendez-vous d\u00e8s 14h. Une remise de lots est pr\u00e9vue pour les gagnants et gagnantes.\u00a0<\/p>\n<ul class=\" wall-content\">\n<li><strong>Dansez la salsa et la bachata \u00e0 la guinguette du Parc des Bois\u00a0<\/strong><\/li>\n<\/ul>\n<p class=\" wall-content\">La guinguette du Parc des Bois ne s\u2019arr\u00eate pas. Chaque semaine, aux mois de juillet et ao\u00fbt, celle-ci pr\u00e9voit des animations pour les Rennais et Rennaises. Ce week-end encore, une soir\u00e9e dansante \u00e0 ciel ouvert est organis\u00e9e.<\/p>\n<p class=\" wall-content\"><a href=\"https:\/\/www.instagram.com\/p\/DNEJVB2p_mv\/embed\" title=\"Ouvrir le lien sur Instagram\" target=\"_blank\" rel=\"noopener\">Visualiser le contenu sur Instagram<\/a><\/p>\n<p class=\" wall-content\">Sur sa grande terrasse au bord de l\u2019eau, la guinguette vous invite \u00e0 danser la salsa et la bachata dimanche 31 ao\u00fbt. Deux initiations gratuites \u00e0 la salsa \u00e0 destination de tous et toutes se tiendront de 17h \u00e0 18h puis de 18h \u00e0 21h.\u00a0<\/p>\n<p class=\" wall-content\">Ce dimanche, <strong>une soir\u00e9e swing <\/strong>se d\u00e9roule au bar le <strong>Ty Anna,<\/strong> sur la <strong>place Sainte-Anne<\/strong>. Cet \u00e9v\u00e9nement est organis\u00e9 par Hop\u2019n Swing propose des cours de danses swing \u00e0 Rennes (Lindy Hop, Charleston, Jazz Roots et Blues).<\/p>\n<p class=\" wall-content\">Rendez-vous <strong>de 20h \u00e0 22h<\/strong> pour vous d\u00e9hancher sur la terrasse.\u00a0<\/p>\n<p class=\" wall-content\">Personnalisez votre actualit\u00e9 en ajoutant vos villes et m\u00e9dias en favori avec <a href=\"https:\/\/moncompte.actu.fr\" title=\"D\u00e9couvez Mon Actu\" rel=\"nofollow noopener\" data-trk=\"{&quot;cta&quot;:{&quot;action&quot;:&quot;https:\\\/\\\/moncompte.actu.fr&quot;,&quot;category&quot;:&quot;mon compte&quot;,&quot;from&quot;:&quot;article footer&quot;,&quot;name&quot;:&quot;Mon actu&quot;,&quot;type&quot;:&quot;cta&quot;}}\" target=\"_blank\">Mon Actu<\/a>.<\/p>\n<p>                    <script async src=\"\/\/www.instagram.com\/embed.js\"><\/script><\/p>\n","protected":false},"excerpt":{"rendered":"Par Lou Batteux Publi\u00e9 le 29 ao\u00fbt 2025 \u00e0 15h35 Il n\u2019est jamais trop tard pour profiter de&hellip;\n","protected":false},"author":2,"featured_media":352464,"comment_status":"","ping_status":"","sticky":false,"template":"","format":"standard","meta":{"footnotes":""},"categories":[2821],"tags":[1111,11,829,1697,5972,1777,674,1011,27,1652,12,584,25,853],"class_list":{"0":"post-352463","1":"post","2":"type-post","3":"status-publish","4":"format-standard","5":"has-post-thumbnail","7":"category-rennes","8":"tag-actu","9":"tag-actualites","10":"tag-bretagne","11":"tag-concert","12":"tag-danse","13":"tag-eu","14":"tag-europe","15":"tag-fr","16":"tag-france","17":"tag-loisirs-culture","18":"tag-news","19":"tag-rennes","20":"tag-republique-francaise","21":"tag-spectacles"},"share_on_mastodon":{"url":"https:\/\/pubeurope.com\/@fr\/115112899062360635","error":""},"_links":{"self":[{"href":"https:\/\/www.europesays.com\/fr\/wp-json\/wp\/v2\/posts\/352463","targetHints":{"allow":["GET"]}}],"collection":[{"href":"https:\/\/www.europesays.com\/fr\/wp-json\/wp\/v2\/posts"}],"about":[{"href":"https:\/\/www.europesays.com\/fr\/wp-json\/wp\/v2\/types\/post"}],"author":[{"embeddable":true,"href":"https:\/\/www.europesays.com\/fr\/wp-json\/wp\/v2\/users\/2"}],"replies":[{"embeddable":true,"href":"https:\/\/www.europesays.com\/fr\/wp-json\/wp\/v2\/comments?post=352463"}],"version-history":[{"count":0,"href":"https:\/\/www.europesays.com\/fr\/wp-json\/wp\/v2\/posts\/352463\/revisions"}],"wp:featuredmedia":[{"embeddable":true,"href":"https:\/\/www.europesays.com\/fr\/wp-json\/wp\/v2\/media\/352464"}],"wp:attachment":[{"href":"https:\/\/www.europesays.com\/fr\/wp-json\/wp\/v2\/media?parent=352463"}],"wp:term":[{"taxonomy":"category","embeddable":true,"href":"https:\/\/www.europesays.com\/fr\/wp-json\/wp\/v2\/categories?post=352463"},{"taxonomy":"post_tag","embeddable":true,"href":"https:\/\/www.europesays.com\/fr\/wp-json\/wp\/v2\/tags?post=352463"}],"curies":[{"name":"wp","href":"https:\/\/api.w.org\/{rel}","templated":true}]}}