{"id":352465,"date":"2025-08-29T16:03:15","date_gmt":"2025-08-29T16:03:15","guid":{"rendered":"https:\/\/www.europesays.com\/fr\/352465\/"},"modified":"2025-08-29T16:03:15","modified_gmt":"2025-08-29T16:03:15","slug":"rendez-vous-le-3-septembre-sur-le-theme-du-nouveau-pacte-democratique","status":"publish","type":"post","link":"https:\/\/www.europesays.com\/fr\/352465\/","title":{"rendered":"rendez-vous le 3 \u00a0septembre sur le th\u00e8me du \u00ab\u00a0Nouveau Pacte D\u00e9mocratique\u00a0\u00bb"},"content":{"rendered":"<p>Dans un contexte marqu\u00e9 par des bouleversements g\u00e9opolitiques, des d\u00e9rives autoritaires croissantes, des transitions technologiques et un manque de confiance pr\u00e9occupant des citoyens dans les institutions, les fondements d\u00e9mocratiques europ\u00e9ens font face \u00e0 une temp\u00eate sans pr\u00e9c\u00e9dent.<\/p>\n<p>Au c\u0153ur du d\u00e9bat, plusieurs questions cl\u00e9s\u00a0: Comment remobiliser les jeunes\u00a0? Comment rendre les instances de participation plus attractives pour les jeunes\u00a0? Comment cr\u00e9er un renouveau d\u00e9mocratique\u00a0? Comment reconstruire la confiance des citoyens dans les institutions d\u00e9mocratiques\u00a0? En quoi l\u2019engagement citoyen est-il un rem\u00e8de \u00e0 la d\u00e9fiance politique actuelle\u00a0?<\/p>\n<p>Quatre personnalit\u00e9s participeront au d\u00e9bat avec le public\u00a0:<\/p>\n<p> \u25b6\u00a0 Alain Berset, Secr\u00e9taire G\u00e9n\u00e9ral du Conseil de l\u2019Europe<\/p>\n<p> \u25b6\u00a0 <a href=\"https:\/\/www.dna.fr\/p\/frederic-bierry\" target=\"_blank\" rel=\"nofollow noopener\">Fr\u00e9d\u00e9ric Bierry<\/a>, Pr\u00e9sident de la Collectivit\u00e9 europ\u00e9enne d\u2019Alsace<\/p>\n<p> \u25b6\u00a0 <a href=\"https:\/\/www.dna.fr\/p\/pap-ndiaye\" target=\"_blank\" rel=\"nofollow noopener\">Pap Ndiaye<\/a>, Ambassadeur, Repr\u00e9sentant Permanent de la France aupr\u00e8s du Conseil de l\u2019Europe<\/p>\n<p> \u25b6\u00a0 Fr\u00e9d\u00e9rique Berrod, Pr\u00e9sidente de l\u2019Universit\u00e9 de Strasbourg<\/p>\n<p>Les th\u00e8mes suivants seront abord\u00e9s\u00a0:<\/p>\n<p>&#8211; Comment faire face aux menaces actuelles \u00e0 la d\u00e9mocratie en Europe et anticiper les nouvelles menaces\u00a0?<\/p>\n<p>&#8211; Comment faire adh\u00e9rer les jeunes aux valeurs d\u00e9mocratiques europ\u00e9ennes\u00a0? Et comment susciter leur engagement dans la vie publique\u00a0?<\/p>\n<p>&#8211; Comment raviver la confiance dans nos institutions d\u00e9mocratiques\u00a0?<\/p>\n<p>&#8211; Comment prot\u00e9ger les libert\u00e9s fondamentales \u00e0 l\u2019\u00e8re des crises multiples et de l\u2019IA\u00a0?<\/p>\n<p>Cet \u00e9change entend contribuer \u00e0 un Nouveau Pacte D\u00e9mocratique pour l\u2019Europe, qui a pour ambition de faire des valeurs d\u00e9mocratiques une r\u00e9alit\u00e9 v\u00e9cue au quotidien pour tous les Europ\u00e9ens.<\/p>\n<p class=\"note\">Rendez-vous le 3\u00a0septembre 2025 de 18h30 \u00e0 20h \u00e0 la Collectivit\u00e9 europ\u00e9enne d\u2019Alsace (H\u00f4tel du D\u00e9partement, 1 place du Quartier blanc, Strasbourg).<\/p>\n","protected":false},"excerpt":{"rendered":"Dans un contexte marqu\u00e9 par des bouleversements g\u00e9opolitiques, des d\u00e9rives autoritaires croissantes, des transitions technologiques et un manque&hellip;\n","protected":false},"author":2,"featured_media":352466,"comment_status":"","ping_status":"","sticky":false,"template":"","format":"standard","meta":{"footnotes":""},"categories":[2820],"tags":[1111,11,2389,2649,2880,1057,1777,674,107,1011,27,775,12,316,25,640,2879],"class_list":{"0":"post-352465","1":"post","2":"type-post","3":"status-publish","4":"format-standard","5":"has-post-thumbnail","7":"category-strasbourg","8":"tag-actu","9":"tag-actualites","10":"tag-alsace","11":"tag-bas-rhin","12":"tag-edition-strasbourg","13":"tag-education","14":"tag-eu","15":"tag-europe","16":"tag-fil-info","17":"tag-fr","18":"tag-france","19":"tag-grand-est","20":"tag-news","21":"tag-politique","22":"tag-republique-francaise","23":"tag-strasbourg","24":"tag-strasbourg-ville"},"share_on_mastodon":{"url":"https:\/\/pubeurope.com\/@fr\/115112902878052184","error":""},"_links":{"self":[{"href":"https:\/\/www.europesays.com\/fr\/wp-json\/wp\/v2\/posts\/352465","targetHints":{"allow":["GET"]}}],"collection":[{"href":"https:\/\/www.europesays.com\/fr\/wp-json\/wp\/v2\/posts"}],"about":[{"href":"https:\/\/www.europesays.com\/fr\/wp-json\/wp\/v2\/types\/post"}],"author":[{"embeddable":true,"href":"https:\/\/www.europesays.com\/fr\/wp-json\/wp\/v2\/users\/2"}],"replies":[{"embeddable":true,"href":"https:\/\/www.europesays.com\/fr\/wp-json\/wp\/v2\/comments?post=352465"}],"version-history":[{"count":0,"href":"https:\/\/www.europesays.com\/fr\/wp-json\/wp\/v2\/posts\/352465\/revisions"}],"wp:featuredmedia":[{"embeddable":true,"href":"https:\/\/www.europesays.com\/fr\/wp-json\/wp\/v2\/media\/352466"}],"wp:attachment":[{"href":"https:\/\/www.europesays.com\/fr\/wp-json\/wp\/v2\/media?parent=352465"}],"wp:term":[{"taxonomy":"category","embeddable":true,"href":"https:\/\/www.europesays.com\/fr\/wp-json\/wp\/v2\/categories?post=352465"},{"taxonomy":"post_tag","embeddable":true,"href":"https:\/\/www.europesays.com\/fr\/wp-json\/wp\/v2\/tags?post=352465"}],"curies":[{"name":"wp","href":"https:\/\/api.w.org\/{rel}","templated":true}]}}