{"id":352469,"date":"2025-08-29T16:05:09","date_gmt":"2025-08-29T16:05:09","guid":{"rendered":"https:\/\/www.europesays.com\/fr\/352469\/"},"modified":"2025-08-29T16:05:09","modified_gmt":"2025-08-29T16:05:09","slug":"nice-cest-quoi-ces-tables-geantes-installees-par-centaines-sur-la-place-massena","status":"publish","type":"post","link":"https:\/\/www.europesays.com\/fr\/352469\/","title":{"rendered":"Nice. C&rsquo;est quoi ces tables g\u00e9antes install\u00e9es par centaines sur la place Mass\u00e9na\u00a0?"},"content":{"rendered":"<p>            Par<br \/>\n        <strong><br \/>\n            <a href=\"https:\/\/actu.fr\/auteur\/manon-reinhardt\" title=\"Consulter tous les articles de Manon Reinhardt\" target=\"_blank\" rel=\"noopener\">Manon Reinhardt<\/a><br \/>\n        <\/strong><\/p>\n<p>        Publi\u00e9 le<\/p>\n<p>            29 ao\u00fbt 2025 \u00e0 15h12        <\/p>\n<p>Il y a du mouvement sur la place Mass\u00e9na, en plein centre-ville de <a href=\"https:\/\/actu.fr\/provence-alpes-cote-d-azur\/nice_06088\" target=\"_blank\" rel=\"noopener\">Nice<\/a> (<a href=\"https:\/\/actu.fr\/provence-alpes-cote-d-azur\/alpes-maritimes_06\" target=\"_blank\" rel=\"noopener\">Alpes-Maritimes<\/a>), ce vendredi 29\u00a0ao\u00fbt 2025. <strong>D\u2019immenses tables<\/strong>, avec des centaines de chaises, ont \u00e9t\u00e9 install\u00e9es dans le jardin Albert 1er. Une sc\u00e8ne a aussi \u00e9t\u00e9 dress\u00e9e. Ce midi, un animateur effectuait \u00e9galement des tests micro que les passants pouvaient entendre de loin. Mais que se trame-t-il exactement\u2009? On vous explique.<\/p>\n<p>Estrosi fait sa traditionnelle rentr\u00e9e politique<\/p>\n<p class=\" wall-content\">Le <a href=\"https:\/\/actu.fr\/provence-alpes-cote-d-azur\/nice_06088\/nice-jazz-fest-apres-un-record-historique-la-date-de-l-edition-2026-devoilee_62965928.html\" target=\"_blank\" rel=\"noopener\">Nice Jazz Fest<\/a> est bien termin\u00e9, autant que le Nice Europe Day. Pourtant, le jardin Albert 1er a de nouveau \u00e9t\u00e9 r\u00e9quisitionn\u00e9. Ce vendredi, <strong>d\u2019immenses tables<\/strong>, recouvertes de nappes blanches, suscite la curiosit\u00e9 des passants. Une sc\u00e8ne a \u00e9galement fait son apparition.<\/p>\n<p class=\" wall-content\">Il s\u2019agit d\u2019un \u00e9v\u00e9nement organis\u00e9 chaque ann\u00e9e par l\u2019association les Amis du Maire\u2009: Lou Festin Nissart. L\u2019occasion pour le maire de Nice de lancer sa rentr\u00e9e et sa campagne en marge <a href=\"https:\/\/actu.fr\/tag\/municipales-2026\" target=\"_blank\" rel=\"noopener\">des \u00e9lections municipales 2026<\/a>.<\/p>\n<p class=\" wall-content\">\n<p class=\" wall-content\">Des sp\u00e9cialit\u00e9s ni\u00e7oises seront ainsi servies\u2009: pissaladi\u00e8re, raviolis \u00e0 la sauce daube, accompagn\u00e9s d\u2019une tarte trop\u00e9zienne en dessert. Une participation de 25\u00a0euros par personne \u00e9tait demand\u00e9e.<\/p>\n<p>6000 personnes attendues, le festin complet<\/p>\n<p class=\" wall-content\">Au total, 6000 personnes sont attendues. Selon l\u2019entourage du maire, l\u2019\u00e9v\u00e9nement affiche complet et la municipalit\u00e9 a d\u00fb refuser de nombreuses inscriptions.<\/p>\n<p class=\" wall-content\"><strong>Renaud Muselier<\/strong>, pr\u00e9sident de la r\u00e9gion Provence-Alpes-C\u00f4te d\u2019Azur \u00e9tait notamment pr\u00e9sent l\u2019an dernier. En 2023, <strong>Edouard Philippe<\/strong>, ancien Premier ministre et pr\u00e9sident d\u2019Horizons, s\u2019\u00e9tait joint \u00e0 Christian Estrosi.<\/p>\n<p class=\" wall-content\">Les festivit\u00e9s d\u00e9buteront d\u00e8s 18h30 avec la traditionnelle allocation de l\u2019\u00e9dile. La soir\u00e9e se poursuivra avec le repas, puis une soir\u00e9e musicale et dansante.<\/p>\n<p>Votre r\u00e9gion, votre actu !<\/p>\n<p>Recevez chaque jour les infos qui comptent pour vous.<\/p>\n<p>\t<a href=\"https:\/\/actu.fr\/newsletter\" class=\"ac-btn ac-btn--corner ac-btn--medium ac-btn--blue800\" target=\"_blank\" rel=\"noopener\">S&rsquo;incrire<\/a><\/p>\n<p class=\" wall-content\">En mars prochain, Christian Estrosi affrontera dans les urnes son fr\u00e8re ennemi, \u00c9ric Ciotti, <a href=\"https:\/\/actu.fr\/provence-alpes-cote-d-azur\/nice_06088\/eric-ciotti-annonce-sa-candidature-a-la-mairie-de-nice-pour-les-municipales-2026_63046292.html\" target=\"_blank\" rel=\"noopener\">officiellement candidat \u00e0 la mairie de Nice<\/a>. Lui aussi fait d\u2019ailleurs sa rentr\u00e9e politique ce dimanche, dans le Grand pr\u00e8s de Levens, \u00e0 quelques kilom\u00e8tres de la cit\u00e9 azur\u00e9enne.<\/p>\n<p class=\" wall-content\">Personnalisez votre actualit\u00e9 en ajoutant vos villes et m\u00e9dias en favori avec <a href=\"https:\/\/moncompte.actu.fr\" title=\"D\u00e9couvez Mon Actu\" rel=\"nofollow noopener\" data-trk=\"{&quot;cta&quot;:{&quot;action&quot;:&quot;https:\\\/\\\/moncompte.actu.fr&quot;,&quot;category&quot;:&quot;mon compte&quot;,&quot;from&quot;:&quot;article footer&quot;,&quot;name&quot;:&quot;Mon actu&quot;,&quot;type&quot;:&quot;cta&quot;}}\" target=\"_blank\">Mon Actu<\/a>.<\/p>\n","protected":false},"excerpt":{"rendered":"Par Manon Reinhardt Publi\u00e9 le 29 ao\u00fbt 2025 \u00e0 15h12 Il y a du mouvement sur la place&hellip;\n","protected":false},"author":2,"featured_media":352470,"comment_status":"","ping_status":"","sticky":false,"template":"","format":"standard","meta":{"footnotes":""},"categories":[2819],"tags":[1111,11,2397,1777,674,1011,27,12,2401,316,882,25],"class_list":{"0":"post-352469","1":"post","2":"type-post","3":"status-publish","4":"format-standard","5":"has-post-thumbnail","7":"category-nice","8":"tag-actu","9":"tag-actualites","10":"tag-christian-estrosi","11":"tag-eu","12":"tag-europe","13":"tag-fr","14":"tag-france","15":"tag-news","16":"tag-nice","17":"tag-politique","18":"tag-provence-alpes-cote-dazur","19":"tag-republique-francaise"},"share_on_mastodon":{"url":"https:\/\/pubeurope.com\/@fr\/115112910852173277","error":""},"_links":{"self":[{"href":"https:\/\/www.europesays.com\/fr\/wp-json\/wp\/v2\/posts\/352469","targetHints":{"allow":["GET"]}}],"collection":[{"href":"https:\/\/www.europesays.com\/fr\/wp-json\/wp\/v2\/posts"}],"about":[{"href":"https:\/\/www.europesays.com\/fr\/wp-json\/wp\/v2\/types\/post"}],"author":[{"embeddable":true,"href":"https:\/\/www.europesays.com\/fr\/wp-json\/wp\/v2\/users\/2"}],"replies":[{"embeddable":true,"href":"https:\/\/www.europesays.com\/fr\/wp-json\/wp\/v2\/comments?post=352469"}],"version-history":[{"count":0,"href":"https:\/\/www.europesays.com\/fr\/wp-json\/wp\/v2\/posts\/352469\/revisions"}],"wp:featuredmedia":[{"embeddable":true,"href":"https:\/\/www.europesays.com\/fr\/wp-json\/wp\/v2\/media\/352470"}],"wp:attachment":[{"href":"https:\/\/www.europesays.com\/fr\/wp-json\/wp\/v2\/media?parent=352469"}],"wp:term":[{"taxonomy":"category","embeddable":true,"href":"https:\/\/www.europesays.com\/fr\/wp-json\/wp\/v2\/categories?post=352469"},{"taxonomy":"post_tag","embeddable":true,"href":"https:\/\/www.europesays.com\/fr\/wp-json\/wp\/v2\/tags?post=352469"}],"curies":[{"name":"wp","href":"https:\/\/api.w.org\/{rel}","templated":true}]}}