{"id":352473,"date":"2025-08-29T16:08:03","date_gmt":"2025-08-29T16:08:03","guid":{"rendered":"https:\/\/www.europesays.com\/fr\/352473\/"},"modified":"2025-08-29T16:08:03","modified_gmt":"2025-08-29T16:08:03","slug":"club-aco-traversee-de-nantes-44-dimanche-28-septembre-2025-2","status":"publish","type":"post","link":"https:\/\/www.europesays.com\/fr\/352473\/","title":{"rendered":"Club ACO &#8211; Travers\u00e9e de Nantes (44) dimanche 28 septembre 2025"},"content":{"rendered":"<p>Organis\u00e9e chaque ann\u00e9e, la <a href=\"https:\/\/traverseedenantes.fr\/\" target=\"_blank\" rel=\"nofollow noopener\">Travers\u00e9e de Nantes<\/a> est un moment fort pour les amateurs de belles m\u00e9caniques et de patrimoine roulant. Le public pourra admirer\u00a0<strong>250 voitures et camions de plus de 30 ans, et 40 motos et cyclos de plus de 40 ans<\/strong>. Les participants, eux, peuvent <strong>s&rsquo;inscrire jusqu&rsquo;au 19 septembre<\/strong> !<\/p>\n<p>Cette journ\u00e9e, entre rencontres, souvenirs et belles d\u00e9couvertes, rassemble plus de <strong>600 personnes<\/strong>\u00a0et s\u00e9duit toujours plus de curieux sur le parcours.<\/p>\n<p>\u00a0<\/p>\n<p>Programme<\/p>\n<ul>&#13;<\/p>\n<li>D\u00e8s 8h15 : accueil des participants au parking Leclerc P\u00f4le Sud \u00e0 Basse-Goulaine.<\/li>\n<p>&#13;<\/p>\n<li>10h15 : d\u00e9part officiel du convoi. Ordre du cort\u00e8ge : v\u00e9hicules d\u2019avant-guerre et motos en t\u00eate, suivis des voitures anciennes, cl\u00f4ture assur\u00e9e par Les Reines de Nantes, de Saint-Herblain et des Sorini\u00e8res.<\/li>\n<p>&#13;<\/p>\n<li>10h45 : halte \u00e9l\u00e9gante \u00e0 l\u2019abbaye de Villeneuve (Les Sorini\u00e8res). L&rsquo;occasion d\u2019admirer les v\u00e9hicules dans un cadre patrimonial exceptionnel.<\/li>\n<p>&#13;<\/p>\n<li>De 12h \u00e0 13h : arriv\u00e9e au centre Autosphere Rez\u00e9 (route des Sorini\u00e8res).<\/li>\n<p>&#13;<\/p>\n<li>De 12h \u00e0 17h : festivit\u00e9s ouvertes \u00e0 tous avec restauration et bar sur place, simulateur de pilotage, studio photo vintage, concert gratuit, stands clubs, m\u00e9canique, accessoires, objets r\u00e9tro, pr\u00e9sence de la semi-podium de l\u2019ACO. La\u00a0d\u00e9l\u00e9gation territoriale ACO de Loire-Atlantique\u00a0sera pr\u00e9sente pour vous accueillir.<\/li>\n<p>&#13;\n<\/ul>\n<p>\u00a0<\/p>\n<p>Informations pratiques<\/p>\n<ul>&#13;<\/p>\n<li>Entr\u00e9e gratuite pour le public.<\/li>\n<p>&#13;<\/p>\n<li>V\u00e9hicules autoris\u00e9s : voitures de marques de plus de 35 ans et aux \u00ab\u00a02 roues\u00a0\u00bb de plus de 45 ans.<\/li>\n<p>&#13;<\/p>\n<li>Inscription obligatoire pour les participants (10\u20ac par adulte ;\u00a02\u20ac pour les moins de 10 ans)<\/li>\n<p>&#13;\n<\/ul>\n<p style=\"text-align: center;\"><strong>&gt;&gt;<\/strong> <a href=\"https:\/\/traverseedenantes.fr\/\" target=\"_blank\" rel=\"nofollow noopener\">Plus d&rsquo;infos et inscriptions<\/a> <strong\/><\/p>\n","protected":false},"excerpt":{"rendered":"Organis\u00e9e chaque ann\u00e9e, la Travers\u00e9e de Nantes est un moment fort pour les amateurs de belles m\u00e9caniques et&hellip;\n","protected":false},"author":2,"featured_media":351590,"comment_status":"","ping_status":"","sticky":false,"template":"","format":"standard","meta":{"footnotes":""},"categories":[2818],"tags":[1111,11,1777,674,1011,27,766,12,2636,25],"class_list":{"0":"post-352473","1":"post","2":"type-post","3":"status-publish","4":"format-standard","5":"has-post-thumbnail","7":"category-nantes","8":"tag-actu","9":"tag-actualites","10":"tag-eu","11":"tag-europe","12":"tag-fr","13":"tag-france","14":"tag-nantes","15":"tag-news","16":"tag-pays-de-la-loire","17":"tag-republique-francaise"},"share_on_mastodon":{"url":"https:\/\/pubeurope.com\/@fr\/115112922575238075","error":""},"_links":{"self":[{"href":"https:\/\/www.europesays.com\/fr\/wp-json\/wp\/v2\/posts\/352473","targetHints":{"allow":["GET"]}}],"collection":[{"href":"https:\/\/www.europesays.com\/fr\/wp-json\/wp\/v2\/posts"}],"about":[{"href":"https:\/\/www.europesays.com\/fr\/wp-json\/wp\/v2\/types\/post"}],"author":[{"embeddable":true,"href":"https:\/\/www.europesays.com\/fr\/wp-json\/wp\/v2\/users\/2"}],"replies":[{"embeddable":true,"href":"https:\/\/www.europesays.com\/fr\/wp-json\/wp\/v2\/comments?post=352473"}],"version-history":[{"count":0,"href":"https:\/\/www.europesays.com\/fr\/wp-json\/wp\/v2\/posts\/352473\/revisions"}],"wp:featuredmedia":[{"embeddable":true,"href":"https:\/\/www.europesays.com\/fr\/wp-json\/wp\/v2\/media\/351590"}],"wp:attachment":[{"href":"https:\/\/www.europesays.com\/fr\/wp-json\/wp\/v2\/media?parent=352473"}],"wp:term":[{"taxonomy":"category","embeddable":true,"href":"https:\/\/www.europesays.com\/fr\/wp-json\/wp\/v2\/categories?post=352473"},{"taxonomy":"post_tag","embeddable":true,"href":"https:\/\/www.europesays.com\/fr\/wp-json\/wp\/v2\/tags?post=352473"}],"curies":[{"name":"wp","href":"https:\/\/api.w.org\/{rel}","templated":true}]}}