{"id":352474,"date":"2025-08-29T16:09:10","date_gmt":"2025-08-29T16:09:10","guid":{"rendered":"https:\/\/www.europesays.com\/fr\/352474\/"},"modified":"2025-08-29T16:09:10","modified_gmt":"2025-08-29T16:09:10","slug":"10-victimes-5-pretres-mis-en-cause","status":"publish","type":"post","link":"https:\/\/www.europesays.com\/fr\/352474\/","title":{"rendered":"10\u00a0victimes, 5\u00a0pr\u00eatres mis en cause"},"content":{"rendered":"<p>                          <img loading=\"lazy\" decoding=\"async\" src=\"https:\/\/www.europesays.com\/fr\/wp-content\/uploads\/2025\/08\/22e6ff7_upload-1-4q67wbjkktrn-maxnewsspecialtwo317026.jpg\" alt=\"Le coll\u00e8ge-lyc\u00e9e Saint-Stanislas, \u00e0 Nantes (Loire-Atlantique), le 29\u00a0octobre\u00a02025.\"   width=\"664\" height=\"443\"\/>    Le coll\u00e8ge-lyc\u00e9e Saint-Stanislas, \u00e0 Nantes (Loire-Atlantique), le 29\u00a0octobre\u00a02025.  FRANCK DUBRAY\/\u00ab OUEST FRANCE \u00bb\/MAXPPP                          <\/p>\n<p class=\"article__paragraph  \">L\u2019enseignement catholique de Loire-Atlantique a annonc\u00e9, vendredi 29\u00a0ao\u00fbt, avoir recueilli plusieurs t\u00e9moignages de violences sexuelles au sein d\u2019un \u00e9tablissement de Nantes entre les ann\u00e9es 1950 et 1990, \u00e9voquant dix victimes ainsi que cinq pr\u00eatres mis en cause, tous d\u00e9c\u00e9d\u00e9s aujourd\u2019hui. \u00ab\u00a0Ces faits sont survenus entre 1958 et 1995 pr\u00e9cis\u00e9ment, et ils impliquent des pr\u00eatres ainsi qu\u2019au moins un membre du personnel \u00e9ducatif\u00a0\u00bb au coll\u00e8ge-lyc\u00e9e Saint-Stanislas, a expliqu\u00e9 lors d\u2019une conf\u00e9rence de presse Fr\u00e9d\u00e9ric Delemazure, directeur dioc\u00e9sain de l\u2019enseignement catholique de Loire-Atlantique.<\/p>\n<p>                                            Lire aussi |  Article r\u00e9serv\u00e9 \u00e0 nos abonn\u00e9s  <a href=\"https:\/\/www.lemonde.fr\/le-monde-des-religions\/article\/2025\/08\/24\/les-foyers-de-charite-un-condense-des-deboires-de-l-eglise-catholique_6634218_6038514.html\" class=\"js-article-read-also catcher--favoris__link\" data-premium=\"1\" id=\"article-title-3417901\" rel=\"nofollow noopener\" target=\"_blank\">Les Foyers de charit\u00e9, un condens\u00e9 des d\u00e9boires de l\u2019Eglise catholique<\/a>    <\/p>\n<p>   Lire plus tard  <\/p>\n<p class=\"article__paragraph  \">Les t\u00e9moignages, \u00e9manant des victimes ou de leurs familles, d\u00e9crivent des viols, des agressions sexuelles et des attouchements commis au sein de l\u2019internat et, pour \u00ab\u00a0au moins une victime\u00a0\u00bb, des faits survenus lors de vacances organis\u00e9es par l\u2019\u00e9tablissement.<\/p>\n<p class=\"article__paragraph  \">Les victimes, neuf hommes et une femme, \u00e9taient coll\u00e9giens \u00e0 l\u2019\u00e9poque des faits rapport\u00e9s. \u00ab\u00a0Les p\u00e9riodes concern\u00e9es, selon ce que l\u2019on sait, sont les suivantes\u00a0: 1958 \u00e0 1978, les ann\u00e9es 1980 \u00e0 1981, les ann\u00e9es 1991 \u00e0 1995\u00a0\u00bb, a pr\u00e9cise Fr\u00e9d\u00e9ric Delemazure. Les faits \u00ab\u00a0ont \u00e9t\u00e9 signal\u00e9s \u00e0 l\u2019autorit\u00e9 judiciaire\u00a0\u00bb, a-t-il ajout\u00e9.<\/p>\n<p>                                       Lire aussi |  Article r\u00e9serv\u00e9 \u00e0 nos abonn\u00e9s  <a href=\"https:\/\/www.lemonde.fr\/international\/article\/2025\/05\/09\/apres-l-election-de-leon-xiv-les-chantiers-du-nouveau-pontificat_6604295_3210.html\" class=\"js-article-read-also catcher--favoris__link\" data-premium=\"1\" id=\"article-title-3421651\" rel=\"nofollow noopener\" target=\"_blank\">Les dossiers sensibles du nouveau pape L\u00e9on\u00a0XIV\u00a0: violence sexuelle, crise des vocations et r\u00e9forme de la curie<\/a>    <\/p>\n<p>   Lire plus tard  <\/p>\n<p class=\"article__paragraph  \">L\u2019\u00e9v\u00eaque de Nantes, Mgr\u00a0Laurent Percerou, a lanc\u00e9 lors de la conf\u00e9rence de presse un appel \u00e0 t\u00e9moignages \u00ab\u00a0avec l\u2019espoir que se fassent conna\u00eetre celles et ceux qui auraient \u00e9t\u00e9 victimes d\u2019agressions physiques ou sexuelles \u00e0 Saint-Stanislas ainsi que dans les \u00e9tablissements scolaires de l\u2019enseignement catholique de Loire-Atlantique\u00a0\u00bb.<\/p>\n<p class=\"article__paragraph  \">Les t\u00e9moignages \u00e9voqu\u00e9s ont \u00e9t\u00e9 recueillis en f\u00e9vrier et juin\u00a02025. Trois des dix victimes sont aujourd\u2019hui d\u00e9c\u00e9d\u00e9es.<\/p>\n<p class=\"article__paragraph  \">D\u2019apr\u00e8s Fr\u00e9d\u00e9ric Delemazure, depuis\u00a02021 et la publication du rapport de la Commission ind\u00e9pendante sur les abus sexuels dans l\u2019Eglise (Ciase) catholique, l\u2019\u00e9tablissement a \u00e9t\u00e9 plusieurs fois cibl\u00e9 par des tags \u00ab\u00a0accusant des hommes d\u2019Eglise de viol\u00a0\u00bb.<\/p>\n<p>                                       Lire aussi (2021) :  Article r\u00e9serv\u00e9 \u00e0 nos abonn\u00e9s  <a href=\"https:\/\/www.lemonde.fr\/societe\/article\/2021\/10\/05\/pedocriminalite-un-etat-des-lieux-devastateur-pour-l-eglise-catholique_6097197_3224.html\" class=\"js-article-read-also catcher--favoris__link\" data-premium=\"1\" id=\"article-title-3241680\" rel=\"nofollow noopener\" target=\"_blank\">Abus sexuels dans l\u2019Eglise catholique\u00a0: l\u2019\u00e9tat des lieux accablant de la commission Sauv\u00e9<\/a>    <\/p>\n<p>   Lire plus tard  <\/p>\n<p class=\"author__detail\">  Le Monde avec AFP  <\/p>\n<p>                  <a href=\"https:\/\/www.lemonde.fr\/syndication\/\" class=\"reuse__content\" title=\"R\u00e9utiliser ce contenu\" target=\"_blank\" rel=\"nofollow noopener\">R\u00e9utiliser ce contenu<\/a>      <\/p>\n","protected":false},"excerpt":{"rendered":"Le coll\u00e8ge-lyc\u00e9e Saint-Stanislas, \u00e0 Nantes (Loire-Atlantique), le 29\u00a0octobre\u00a02025. FRANCK DUBRAY\/\u00ab OUEST FRANCE \u00bb\/MAXPPP L\u2019enseignement catholique de Loire-Atlantique a&hellip;\n","protected":false},"author":2,"featured_media":352475,"comment_status":"","ping_status":"","sticky":false,"template":"","format":"standard","meta":{"footnotes":""},"categories":[2818],"tags":[1111,11,1777,674,1011,27,766,12,2636,25],"class_list":{"0":"post-352474","1":"post","2":"type-post","3":"status-publish","4":"format-standard","5":"has-post-thumbnail","7":"category-nantes","8":"tag-actu","9":"tag-actualites","10":"tag-eu","11":"tag-europe","12":"tag-fr","13":"tag-france","14":"tag-nantes","15":"tag-news","16":"tag-pays-de-la-loire","17":"tag-republique-francaise"},"share_on_mastodon":{"url":"https:\/\/pubeurope.com\/@fr\/115112926861360167","error":""},"_links":{"self":[{"href":"https:\/\/www.europesays.com\/fr\/wp-json\/wp\/v2\/posts\/352474","targetHints":{"allow":["GET"]}}],"collection":[{"href":"https:\/\/www.europesays.com\/fr\/wp-json\/wp\/v2\/posts"}],"about":[{"href":"https:\/\/www.europesays.com\/fr\/wp-json\/wp\/v2\/types\/post"}],"author":[{"embeddable":true,"href":"https:\/\/www.europesays.com\/fr\/wp-json\/wp\/v2\/users\/2"}],"replies":[{"embeddable":true,"href":"https:\/\/www.europesays.com\/fr\/wp-json\/wp\/v2\/comments?post=352474"}],"version-history":[{"count":0,"href":"https:\/\/www.europesays.com\/fr\/wp-json\/wp\/v2\/posts\/352474\/revisions"}],"wp:featuredmedia":[{"embeddable":true,"href":"https:\/\/www.europesays.com\/fr\/wp-json\/wp\/v2\/media\/352475"}],"wp:attachment":[{"href":"https:\/\/www.europesays.com\/fr\/wp-json\/wp\/v2\/media?parent=352474"}],"wp:term":[{"taxonomy":"category","embeddable":true,"href":"https:\/\/www.europesays.com\/fr\/wp-json\/wp\/v2\/categories?post=352474"},{"taxonomy":"post_tag","embeddable":true,"href":"https:\/\/www.europesays.com\/fr\/wp-json\/wp\/v2\/tags?post=352474"}],"curies":[{"name":"wp","href":"https:\/\/api.w.org\/{rel}","templated":true}]}}