{"id":352478,"date":"2025-08-29T16:11:14","date_gmt":"2025-08-29T16:11:14","guid":{"rendered":"https:\/\/www.europesays.com\/fr\/352478\/"},"modified":"2025-08-29T16:11:14","modified_gmt":"2025-08-29T16:11:14","slug":"les-voltigeurs-recoivent-le-club-des-girondins-de-bordeaux","status":"publish","type":"post","link":"https:\/\/www.europesays.com\/fr\/352478\/","title":{"rendered":"les Voltigeurs re\u00e7oivent le club des Girondins de Bordeaux"},"content":{"rendered":"<p>            Par<br \/>\n        <strong><br \/>\n            <a href=\"https:\/\/actu.fr\/auteur\/journaliste-er\" title=\"Consulter tous les articles de R\u00e9daction Ch\u00e2teaubriant\" target=\"_blank\" rel=\"noopener\">R\u00e9daction Ch\u00e2teaubriant<\/a><br \/>\n        <\/strong><\/p>\n<p>        Publi\u00e9 le<\/p>\n<p>            29 ao\u00fbt 2025 \u00e0 17h41        <\/p>\n<p>\u00c0 l\u2019occasion de <b>la troisi\u00e8me journ\u00e9e de National\u00a02<\/b>, un match entre <b>les Girondins de Bordeaux et les Voltigeurs<\/b> est pr\u00e9vu ce <b>samedi 30\u00a0ao\u00fbt 2025<\/b><b>\u00a0<\/b>\u00e0 <b>Ch\u00e2teaubriant<\/b> (Loire-Atlantique).<\/p>\n<p class=\" wall-content\">Les Castelbriantais, d\u00e9faits par<b> l\u2019US Avranches le samedi 23\u00a0ao\u00fbt<\/b> (2-0), sont actuellement 14e du groupe A avec aucun point. Quant aux Bordelais, le nul lors de la premi\u00e8re journ\u00e9e leur conf\u00e8re un point.<\/p>\n<p>Un effectif incomplet<\/p>\n<p class=\" wall-content\">L\u2019absence d\u2019\u00e9l\u00e9ments centraux au sein de l\u2019effectif des noirs et blancs semble toujours gangrener leurs performances. En effet, si aucune blessure depuis la derni\u00e8re rencontre n\u2019est \u00e0 d\u00e9plorer du c\u00f4t\u00e9 castelbriantais,<b> certains restent absents notamment comme Nabil Homssa ou et Akhibou Ly. <\/b>C\u2019est donc une \u00e9quipe incompl\u00e8te et qui pr\u00e9sente semble-t-il de par sa jeunesse, certaines lacunes, qui va \u00eatre align\u00e9e par Michel Audrain.<\/p>\n<p>Une \u00e9quipe qui suscite vraiment de l\u2019int\u00e9r\u00eat<\/p>\n<p class=\" wall-content\">\u00ab\u2009L\u2019entra\u00eeneur de Bordeaux (Bruno Irles, NDLR) que je connais bien dit qu\u2019ils ont la t\u00eate sous l\u2019eau\u2009\u00bb, raconte <b>Michel Audrain<\/b>.<\/p>\n<p>Vid\u00e9os : en ce moment sur Actu<\/p>\n<p class=\" wall-content\">\u00ab\u2009C\u2019est un club qui suscite de l\u2019int\u00e9r\u00eat et de l\u2019impatience dans cette division et ils ont sans cesse la pression pour la remont\u00e9e en National\u2009\u00bb, poursuit le tacticien.<\/p>\n<blockquote class=\"ac-article-quote wall-content\">\n<p>Cela dit, si eux sont en apn\u00e9e, que dire de nous\u2009? On ne peut plus se permettre de perdre nos matchs aussi souvent, de se faire mener aussi vite.<\/p>\n<\/blockquote>\n<p>Votre r\u00e9gion, votre actu !<\/p>\n<p>Recevez chaque jour les infos qui comptent pour vous.<\/p>\n<p>\t<a href=\"https:\/\/actu.fr\/newsletter\" class=\"ac-btn ac-btn--corner ac-btn--medium ac-btn--blue800\" target=\"_blank\" rel=\"noopener\">S&rsquo;incrire<\/a><\/p>\n<p class=\" wall-content\">Michel Audrain ajoute\u2009: \u00ab\u2009il va falloir \u00eatre intransigeant, plus dur dans l\u2019impact et avoir des relais plus s\u00fbrs. J\u2019esp\u00e8re un retour imminent des absents, que l\u2019on puisse \u00eatre structur\u00e9 et r\u00e9guliers. On a une urgence de points, il va falloir marquer des points\u2009\u00bb.<\/p>\n<p class=\" wall-content\">La rencontre de ce <b>samedi 30 ao\u00fbt au stade de la Ville en bois<\/b> et son issue pourraient bien laisser compter pour l\u2019avenir des Lig\u00e9riens <b>en National 2.<\/b><\/p>\n<p class=\" wall-content\">Personnalisez votre actualit\u00e9 en ajoutant vos villes et m\u00e9dias en favori avec <a href=\"https:\/\/moncompte.actu.fr\" title=\"D\u00e9couvez Mon Actu\" rel=\"nofollow noopener\" data-trk=\"{&quot;cta&quot;:{&quot;action&quot;:&quot;https:\\\/\\\/moncompte.actu.fr&quot;,&quot;category&quot;:&quot;mon compte&quot;,&quot;from&quot;:&quot;article footer&quot;,&quot;name&quot;:&quot;Mon actu&quot;,&quot;type&quot;:&quot;cta&quot;}}\" target=\"_blank\">Mon Actu<\/a>.<\/p>\n","protected":false},"excerpt":{"rendered":"Par R\u00e9daction Ch\u00e2teaubriant Publi\u00e9 le 29 ao\u00fbt 2025 \u00e0 17h41 \u00c0 l\u2019occasion de la troisi\u00e8me journ\u00e9e de National\u00a02,&hellip;\n","protected":false},"author":2,"featured_media":352479,"comment_status":"","ping_status":"","sticky":false,"template":"","format":"standard","meta":{"footnotes":""},"categories":[2817],"tags":[1111,11,1997,15922,1777,674,1011,27,12,2219,25,60],"class_list":{"0":"post-352478","1":"post","2":"type-post","3":"status-publish","4":"format-standard","5":"has-post-thumbnail","7":"category-bordeaux","8":"tag-actu","9":"tag-actualites","10":"tag-bordeaux","11":"tag-coupe-de-france-de-football","12":"tag-eu","13":"tag-europe","14":"tag-fr","15":"tag-france","16":"tag-news","17":"tag-nouvelle-aquitaine","18":"tag-republique-francaise","19":"tag-sports"},"share_on_mastodon":{"url":"https:\/\/pubeurope.com\/@fr\/115112934464746489","error":""},"_links":{"self":[{"href":"https:\/\/www.europesays.com\/fr\/wp-json\/wp\/v2\/posts\/352478","targetHints":{"allow":["GET"]}}],"collection":[{"href":"https:\/\/www.europesays.com\/fr\/wp-json\/wp\/v2\/posts"}],"about":[{"href":"https:\/\/www.europesays.com\/fr\/wp-json\/wp\/v2\/types\/post"}],"author":[{"embeddable":true,"href":"https:\/\/www.europesays.com\/fr\/wp-json\/wp\/v2\/users\/2"}],"replies":[{"embeddable":true,"href":"https:\/\/www.europesays.com\/fr\/wp-json\/wp\/v2\/comments?post=352478"}],"version-history":[{"count":0,"href":"https:\/\/www.europesays.com\/fr\/wp-json\/wp\/v2\/posts\/352478\/revisions"}],"wp:featuredmedia":[{"embeddable":true,"href":"https:\/\/www.europesays.com\/fr\/wp-json\/wp\/v2\/media\/352479"}],"wp:attachment":[{"href":"https:\/\/www.europesays.com\/fr\/wp-json\/wp\/v2\/media?parent=352478"}],"wp:term":[{"taxonomy":"category","embeddable":true,"href":"https:\/\/www.europesays.com\/fr\/wp-json\/wp\/v2\/categories?post=352478"},{"taxonomy":"post_tag","embeddable":true,"href":"https:\/\/www.europesays.com\/fr\/wp-json\/wp\/v2\/tags?post=352478"}],"curies":[{"name":"wp","href":"https:\/\/api.w.org\/{rel}","templated":true}]}}